{"id":1016,"date":"2025-06-23T15:14:18","date_gmt":"2025-06-23T15:14:18","guid":{"rendered":"https:\/\/www.klubmn.cz\/?p=1016"},"modified":"2025-06-23T15:14:18","modified_gmt":"2025-06-23T15:14:18","slug":"novinar-vladimir-rybecky-oslavil-70-let","status":"publish","type":"post","link":"https:\/\/www.klubmn.cz\/?p=1016","title":{"rendered":"Novin\u00e1\u0159 Vladim\u00edr Rybeck\u00fd oslavil 70 let"},"content":{"rendered":"<p><strong>Motoristick\u00fd publicista Vladim\u00edr Rybeck\u00fd ned\u00e1vno oslavil 70. narozeniny. P\u0159ipome\u0148me si jeho dosavadn\u00ed profesn\u00ed kari\u00e9ru.<\/strong><span id=\"more-14150\"><\/span><!--more--><\/p>\n<p>Vladim\u00edr se p\u016fvodn\u011b \u017eivil jako v\u00fdzkumn\u00fd pracovn\u00edk v oblasti proud\u011bn\u00ed vzduchu, kdy se jako hobby v\u011bnoval psan\u00ed o automobilov\u00fdch z\u00e1vodech, pot\u00e9 p\u016fsobil jako redaktor postupn\u011b v \u010dasopisech Automagaz\u00edn, Sv\u011bt motor\u016f, Formule, Autostyl a jako \u0161\u00e9fredaktor magaz\u00edn\u016f Autoservis a Oldtimer magaz\u00edn.<\/p>\n<p><img loading=\"lazy\" decoding=\"async\" class=\"alignnone size-medium wp-image-14153\" src=\"http:\/\/www.automakers.cz\/wp-content\/uploads\/2025\/06\/Rybecky-Vlado-900x675.jpg\" alt=\"\" width=\"900\" height=\"675\" \/>Od roku 2011 pracuje na vlastn\u00edch projektech \u2013 webu<a href=\"http:\/\/autoweek.cz\/\" target=\"_blank\" rel=\"noopener noreferrer\">\u00a0Autoweek.cz<\/a>, e-magaz\u00ednu<a href=\"http:\/\/autotablet.cz\/\" target=\"_blank\" rel=\"noopener noreferrer\">\u00a0AutoTablet.cz\u00a0<\/a>a magaz\u00ednu Autoservis a mobilita.<\/p>\n<p>Pravideln\u011b p\u0159isp\u00edv\u00e1 do \u010dasopis\u016f Autoforum a \u010cesk\u00fd autopr\u016fmysl. P\u0159elo\u017eil n\u011bkolik knih s\u00a0motoristickou t\u00e9matikou. Od roku 2001 je z\u00e1stupcem \u010cR v\u00a0mezin\u00e1rodn\u00ed organizaci AutoBest.<\/p>\n<figure id=\"attachment_8150\" class=\"wp-caption alignnone\" aria-describedby=\"caption-attachment-8150\"><img loading=\"lazy\" decoding=\"async\" class=\"size-full wp-image-8150\" src=\"http:\/\/www.automakers.cz\/wp-content\/uploads\/2024\/10\/Vladimir-Rybecky-385x370-1.jpg\" alt=\"\" width=\"385\" height=\"370\" \/><figcaption id=\"caption-attachment-8150\" class=\"wp-caption-text\">Vladim\u00edr Rybeck\u00fd<\/figcaption><\/figure>\n","protected":false},"excerpt":{"rendered":"<p>Motoristick\u00fd publicista Vladim\u00edr Rybeck\u00fd ned\u00e1vno oslavil 70. narozeniny. P\u0159ipome\u0148me si jeho dosavadn\u00ed profesn\u00ed kari\u00e9ru.<\/p>\n","protected":false},"author":1,"featured_media":1018,"comment_status":"open","ping_status":"open","sticky":false,"template":"","format":"standard","meta":{"footnotes":""},"categories":[13,11],"tags":[],"class_list":["post-1016","post","type-post","status-publish","format-standard","has-post-thumbnail","hentry","category-novinari","category-personalie"],"_links":{"self":[{"href":"https:\/\/www.klubmn.cz\/index.php?rest_route=\/wp\/v2\/posts\/1016","targetHints":{"allow":["GET"]}}],"collection":[{"href":"https:\/\/www.klubmn.cz\/index.php?rest_route=\/wp\/v2\/posts"}],"about":[{"href":"https:\/\/www.klubmn.cz\/index.php?rest_route=\/wp\/v2\/types\/post"}],"author":[{"embeddable":true,"href":"https:\/\/www.klubmn.cz\/index.php?rest_route=\/wp\/v2\/users\/1"}],"replies":[{"embeddable":true,"href":"https:\/\/www.klubmn.cz\/index.php?rest_route=%2Fwp%2Fv2%2Fcomments&post=1016"}],"version-history":[{"count":2,"href":"https:\/\/www.klubmn.cz\/index.php?rest_route=\/wp\/v2\/posts\/1016\/revisions"}],"predecessor-version":[{"id":1019,"href":"https:\/\/www.klubmn.cz\/index.php?rest_route=\/wp\/v2\/posts\/1016\/revisions\/1019"}],"wp:featuredmedia":[{"embeddable":true,"href":"https:\/\/www.klubmn.cz\/index.php?rest_route=\/wp\/v2\/media\/1018"}],"wp:attachment":[{"href":"https:\/\/www.klubmn.cz\/index.php?rest_route=%2Fwp%2Fv2%2Fmedia&parent=1016"}],"wp:term":[{"taxonomy":"category","embeddable":true,"href":"https:\/\/www.klubmn.cz\/index.php?rest_route=%2Fwp%2Fv2%2Fcategories&post=1016"},{"taxonomy":"post_tag","embeddable":true,"href":"https:\/\/www.klubmn.cz\/index.php?rest_route=%2Fwp%2Fv2%2Ftags&post=1016"}],"curies":[{"name":"wp","href":"https:\/\/api.w.org\/{rel}","templated":true}]}}