{"id":105,"date":"2023-12-04T08:09:32","date_gmt":"2023-12-04T08:09:32","guid":{"rendered":"https:\/\/www.klubmn.cz\/?p=105"},"modified":"2023-12-04T08:09:32","modified_gmt":"2023-12-04T08:09:32","slug":"motoristicti-novinari-hodnotili-rok","status":"publish","type":"post","link":"https:\/\/www.klubmn.cz\/?p=105","title":{"rendered":"Motoristi\u010dt\u00ed novin\u00e1\u0159i hodnotili rok"},"content":{"rendered":"<p><strong>V Chvalsk\u00e9 stodole zasedla 29. listopadu valn\u00e1 hromada Klubu motoristick\u00fdch novin\u00e1\u0159\u016f. \u0160\u00e9f klubu Michal Busta zhodnotil uplynul\u00fd rok, na programu byla spolupr\u00e1ce s anketou Auto roku 2024, vyhl\u00e1\u0161en\u00ed p\u0159idru\u017een\u00e9 ankety PR roku a p\u0159\u00edprava nov\u00e9ho klubov\u00e9ho port\u00e1lu.<\/strong><span id=\"more-615\"><\/span><!--more--><\/p>\n<p>\u201eKlub motoristick\u00fdch novin\u00e1\u0159\u016f letis participoval na anket\u011b Auto roku 2023, vyhl\u00e1sili jsme na pra\u017esk\u00e9m parn\u00edku tak\u00e9 v\u00fdsledky na\u0161\u00ed ankety PR roku 2023. Po\u0159\u00e1dali jsme semin\u00e1\u0159e s dopravn\u00ed polici\u00ed, posledn\u00ed akc\u00ed leto\u0161ka byly dne\u0161n\u00ed testovac\u00ed j\u00edzdy s automobilov\u00fdmi novinkami novinkami na \u010desk\u00e9m trhu,\u201c shrnul uplynul\u00fdch 12 m\u011bs\u00edc\u016f Busta.<\/p>\n<p>Diskuse byla pak v\u011bnov\u00e1na p\u0159\u00edprav\u011b ankety Auto roku 2024, valn\u00e1 hromada odstartovala anketu PR roku 2023, kter\u00e1 je vedlej\u0161\u00ed kategori\u00ed velk\u00e9 ankety a jej\u00ed v\u00fdsledky budou vyhl\u00e1\u0161eny 6. \u00fanora spole\u010dn\u011b s Autem roku.<\/p>\n<p>Dal\u0161\u00ed \u010d\u00e1st hromady pat\u0159ila person\u00e1ln\u00edm ot\u00e1zk\u00e1m. Z v\u00fdboru klubu odstoupil jeho letit\u00fd \u010dlen Luk\u00e1\u0161 Vaverka, na jeho m\u00edsto byl zvolen Erich Handl. Ten tak\u00e9 jako webmaster klubov\u00e9ho port\u00e1lu p\u0159edstavil pracovn\u00ed verzi nov\u00e9ho webu na adrese kmn.cz.<\/p>\n<p><strong>Zdroj: valn\u00e1 hromada KMN, Horn\u00ed Po\u010dernice<\/strong><\/p>\n","protected":false},"excerpt":{"rendered":"<p>V Chvalsk\u00e9 stodole zasedla 29. listopadu valn\u00e1 hromada Klubu motoristick\u00fdch novin\u00e1\u0159\u016f. \u0160\u00e9f klubu Michal Busta&#8230;<\/p>\n","protected":false},"author":1,"featured_media":107,"comment_status":"open","ping_status":"open","sticky":false,"template":"","format":"standard","meta":{"footnotes":""},"categories":[16],"tags":[],"class_list":["post-105","post","type-post","status-publish","format-standard","has-post-thumbnail","hentry","category-klubove-eventy"],"_links":{"self":[{"href":"https:\/\/www.klubmn.cz\/index.php?rest_route=\/wp\/v2\/posts\/105","targetHints":{"allow":["GET"]}}],"collection":[{"href":"https:\/\/www.klubmn.cz\/index.php?rest_route=\/wp\/v2\/posts"}],"about":[{"href":"https:\/\/www.klubmn.cz\/index.php?rest_route=\/wp\/v2\/types\/post"}],"author":[{"embeddable":true,"href":"https:\/\/www.klubmn.cz\/index.php?rest_route=\/wp\/v2\/users\/1"}],"replies":[{"embeddable":true,"href":"https:\/\/www.klubmn.cz\/index.php?rest_route=%2Fwp%2Fv2%2Fcomments&post=105"}],"version-history":[{"count":2,"href":"https:\/\/www.klubmn.cz\/index.php?rest_route=\/wp\/v2\/posts\/105\/revisions"}],"predecessor-version":[{"id":108,"href":"https:\/\/www.klubmn.cz\/index.php?rest_route=\/wp\/v2\/posts\/105\/revisions\/108"}],"wp:featuredmedia":[{"embeddable":true,"href":"https:\/\/www.klubmn.cz\/index.php?rest_route=\/wp\/v2\/media\/107"}],"wp:attachment":[{"href":"https:\/\/www.klubmn.cz\/index.php?rest_route=%2Fwp%2Fv2%2Fmedia&parent=105"}],"wp:term":[{"taxonomy":"category","embeddable":true,"href":"https:\/\/www.klubmn.cz\/index.php?rest_route=%2Fwp%2Fv2%2Fcategories&post=105"},{"taxonomy":"post_tag","embeddable":true,"href":"https:\/\/www.klubmn.cz\/index.php?rest_route=%2Fwp%2Fv2%2Ftags&post=105"}],"curies":[{"name":"wp","href":"https:\/\/api.w.org\/{rel}","templated":true}]}}