{"id":1082,"date":"2025-07-15T13:02:28","date_gmt":"2025-07-15T13:02:28","guid":{"rendered":"https:\/\/www.klubmn.cz\/?p=1082"},"modified":"2025-07-15T13:02:28","modified_gmt":"2025-07-15T13:02:28","slug":"jitka-skalickova-prevzala-cenu-kmn-za-prezentaci-dustera-v-jizerkach","status":"publish","type":"post","link":"https:\/\/www.klubmn.cz\/?p=1082","title":{"rendered":"Jitka Skali\u010dkov\u00e1 p\u0159evzala cenu KMN za prezentaci Dustera v Jizerk\u00e1ch"},"content":{"rendered":"<p><strong>Porotci ankety PR roku 2024 zvolili ve vedlej\u0161\u00ed kategorii za nejlep\u0161\u00ed medi\u00e1ln\u00ed event lo\u0148sk\u00e9ho roku prezentaci Dacie Duster v Jizersk\u00fdch hor\u00e1ch. Cenu p\u0159evzala od veden\u00ed Klubu motoristick\u00fdch novin\u00e1\u0159\u016f mluv\u010d\u00ed Dacie Jitka Skali\u010dkov\u00e1.<\/strong><span id=\"more-14662\"><\/span><!--more--><\/p>\n<p>Dacia loni v \u010dervnu sezvala motonovin\u00e1\u0159e na prvn\u00ed sezn\u00e1men\u00ed s nov\u00fdmi modely <strong>Duster a Jogger Hybrid 140 do Jizersk\u00fdch hor.<\/strong> Novinky prezentoval v konferen\u010dn\u00edm centru ZOO Liberec \u0161\u00e9f Renaultu \u010cR <strong>Zden\u011bk Grunt.<\/strong><span id=\"more-4791\"><\/span><\/p>\n<p>Peloton p\u0159edv\u00e1d\u011bc\u00edch Duster\u016f a Jogger\u016f s novin\u00e1\u0159i odstartoval z are\u00e1lu Auto Louda na pra\u017esk\u00e9m Zli\u010d\u00edn\u011b.<\/p>\n<p><img loading=\"lazy\" decoding=\"async\" class=\"alignnone size-medium wp-image-4824\" src=\"http:\/\/www.automakers.cz\/wp-content\/uploads\/2024\/06\/Dacia-Duster-Jested-novinari-900x600.jpg\" alt=\"\" width=\"900\" height=\"600\" \/>Prvn\u00ed etapa testovac\u00ed trasy vedla na vrchol Je\u0161t\u011bdu, kde byl prvn\u00ed Dacia fotopoint p\u0159\u00edmo na parkovi\u0161ti u vys\u00edla\u010de.<\/p>\n<p><img loading=\"lazy\" decoding=\"async\" class=\"alignnone size-medium wp-image-4801\" src=\"http:\/\/www.automakers.cz\/wp-content\/uploads\/2024\/06\/Dacia-Jested-900x675.jpg\" sizes=\"auto, (max-width: 900px) 100vw, 900px\" srcset=\"https:\/\/www.automakers.cz\/wp-content\/uploads\/2024\/06\/Dacia-Jested-900x675.jpg 900w, https:\/\/www.automakers.cz\/wp-content\/uploads\/2024\/06\/Dacia-Jested-1024x768.jpg 1024w, https:\/\/www.automakers.cz\/wp-content\/uploads\/2024\/06\/Dacia-Jested-768x576.jpg 768w, https:\/\/www.automakers.cz\/wp-content\/uploads\/2024\/06\/Dacia-Jested-1536x1152.jpg 1536w, https:\/\/www.automakers.cz\/wp-content\/uploads\/2024\/06\/Dacia-Jested.jpg 2040w\" alt=\"\" width=\"900\" height=\"675\" \/>Od hotelu Je\u0161t\u011bd se pak sj\u00ed\u017ed\u011blo do ZOO EXPO Liberec, kde se konala exkurze do z\u00e1zem\u00ed zahrady.<\/p>\n<p><img loading=\"lazy\" decoding=\"async\" class=\"alignnone size-medium wp-image-4815\" src=\"http:\/\/www.automakers.cz\/wp-content\/uploads\/2024\/06\/Dacia-ZOO-reditel-Rybecky-Sterba-900x675.jpg\" sizes=\"auto, (max-width: 900px) 100vw, 900px\" srcset=\"https:\/\/www.automakers.cz\/wp-content\/uploads\/2024\/06\/Dacia-ZOO-reditel-Rybecky-Sterba-900x675.jpg 900w, https:\/\/www.automakers.cz\/wp-content\/uploads\/2024\/06\/Dacia-ZOO-reditel-Rybecky-Sterba-1024x768.jpg 1024w, https:\/\/www.automakers.cz\/wp-content\/uploads\/2024\/06\/Dacia-ZOO-reditel-Rybecky-Sterba-768x576.jpg 768w, https:\/\/www.automakers.cz\/wp-content\/uploads\/2024\/06\/Dacia-ZOO-reditel-Rybecky-Sterba-1536x1152.jpg 1536w, https:\/\/www.automakers.cz\/wp-content\/uploads\/2024\/06\/Dacia-ZOO-reditel-Rybecky-Sterba.jpg 2040w\" alt=\"\" width=\"900\" height=\"675\" \/>Prezentaci doprovodila prohl\u00eddka m\u00edstn\u00ed ZOO, j\u00ed\u017e je Dacia partnerem. Novin\u00e1\u0159i vid\u011bli \u0159editele ZOO, t\u0159i \u017eirafy, t\u0159i zebry a jednu autistickou slonici. K akci pat\u0159il i z\u00e1cvik ve st\u0159elb\u011b s usp\u00e1vac\u00ed pu\u0161kou.<\/p>\n<p><img loading=\"lazy\" decoding=\"async\" class=\"alignnone size-medium wp-image-4817\" src=\"http:\/\/www.automakers.cz\/wp-content\/uploads\/2024\/06\/ZOO-Liberec-slon-900x675.jpg\" sizes=\"auto, (max-width: 900px) 100vw, 900px\" srcset=\"https:\/\/www.automakers.cz\/wp-content\/uploads\/2024\/06\/ZOO-Liberec-slon-900x675.jpg 900w, https:\/\/www.automakers.cz\/wp-content\/uploads\/2024\/06\/ZOO-Liberec-slon-1024x768.jpg 1024w, https:\/\/www.automakers.cz\/wp-content\/uploads\/2024\/06\/ZOO-Liberec-slon-768x576.jpg 768w, https:\/\/www.automakers.cz\/wp-content\/uploads\/2024\/06\/ZOO-Liberec-slon-1536x1152.jpg 1536w, https:\/\/www.automakers.cz\/wp-content\/uploads\/2024\/06\/ZOO-Liberec-slon.jpg 2040w\" alt=\"\" width=\"900\" height=\"675\" \/><\/p>\n<p>Vlastn\u00ed tiskovou konferenci pak hostilo konferen\u010dn\u00ed centrum ZOO Expo.<\/p>\n<figure id=\"attachment_4800\" class=\"wp-caption alignnone\" aria-describedby=\"caption-attachment-4800\"><img loading=\"lazy\" decoding=\"async\" class=\"size-medium wp-image-4800\" src=\"http:\/\/www.automakers.cz\/wp-content\/uploads\/2024\/06\/Dacia-Duster-TK-Liberec-Grunt-Skalickova-900x675.jpg\" sizes=\"auto, (max-width: 900px) 100vw, 900px\" srcset=\"https:\/\/www.automakers.cz\/wp-content\/uploads\/2024\/06\/Dacia-Duster-TK-Liberec-Grunt-Skalickova-900x675.jpg 900w, https:\/\/www.automakers.cz\/wp-content\/uploads\/2024\/06\/Dacia-Duster-TK-Liberec-Grunt-Skalickova-1024x768.jpg 1024w, https:\/\/www.automakers.cz\/wp-content\/uploads\/2024\/06\/Dacia-Duster-TK-Liberec-Grunt-Skalickova-768x576.jpg 768w, https:\/\/www.automakers.cz\/wp-content\/uploads\/2024\/06\/Dacia-Duster-TK-Liberec-Grunt-Skalickova-1536x1152.jpg 1536w, https:\/\/www.automakers.cz\/wp-content\/uploads\/2024\/06\/Dacia-Duster-TK-Liberec-Grunt-Skalickova.jpg 2040w\" alt=\"\" width=\"900\" height=\"675\" \/><figcaption id=\"caption-attachment-4800\" class=\"wp-caption-text\">Zden\u011bk Grunt a Jitka Skali\u010dkov\u00e1<\/figcaption><\/figure>\n<p>\u201eDuster je n\u00e1s z\u00e1sadn\u00ed model, se kter\u00fdm slav\u00edme prodejn\u00ed \u00fasp\u011bchy od roku 2010. Druh\u00e1 modelov\u00e1 f\u00e1ze je na trhu od roku 2017. Tak\u00e9 aktu\u00e1ln\u00ed t\u0159et\u00ed f\u00e1ze reaguje na popt\u00e1vku z\u00e1kazn\u00edk\u016f po dostupn\u00e9m voze s pohonem v\u0161ech kol, ale jde v podstat\u011b o nov\u00e9 auto na zcela nov\u00e9m podvozku,\u201c uvedl tiskovku Zden\u011bk Grunt s t\u00edm, \u017ee jak je u Dacie zvykem, v\u016fz nab\u00edz\u00ed op\u011bt jen nutn\u00e9 technologie.<\/p>\n<p><img loading=\"lazy\" decoding=\"async\" class=\"alignnone size-medium wp-image-4830\" src=\"http:\/\/www.automakers.cz\/wp-content\/uploads\/2024\/06\/Dacia-TK-Duster-\u00b4Grunt-900x600.jpg\" sizes=\"auto, (max-width: 900px) 100vw, 900px\" srcset=\"https:\/\/www.automakers.cz\/wp-content\/uploads\/2024\/06\/Dacia-TK-Duster-\u00b4Grunt-900x600.jpg 900w, https:\/\/www.automakers.cz\/wp-content\/uploads\/2024\/06\/Dacia-TK-Duster-\u00b4Grunt-1024x683.jpg 1024w, https:\/\/www.automakers.cz\/wp-content\/uploads\/2024\/06\/Dacia-TK-Duster-\u00b4Grunt-768x512.jpg 768w, https:\/\/www.automakers.cz\/wp-content\/uploads\/2024\/06\/Dacia-TK-Duster-\u00b4Grunt-1536x1024.jpg 1536w, https:\/\/www.automakers.cz\/wp-content\/uploads\/2024\/06\/Dacia-TK-Duster-\u00b4Grunt.jpg 2048w\" alt=\"\" width=\"900\" height=\"600\" \/>Duster f\u00e1ze 3 nab\u00edz\u00ed n\u011bkolik motorizac\u00ed sp\u0159a\u017een\u00fdch s pohony 4X2 a 4X4, mezi testovac\u00edmi vozy nechyb\u011bl benz\u00ednov\u00fd mild hybrid. Kufr m\u00e1 objem od z\u00e1kladn\u00edch 430 a\u017e do 517 litr\u016f.<\/p>\n<p><img loading=\"lazy\" decoding=\"async\" class=\"alignnone size-medium wp-image-4806\" src=\"http:\/\/www.automakers.cz\/wp-content\/uploads\/2024\/06\/Dacia-Duster-Jested-parking-900x675.jpg\" sizes=\"auto, (max-width: 900px) 100vw, 900px\" srcset=\"https:\/\/www.automakers.cz\/wp-content\/uploads\/2024\/06\/Dacia-Duster-Jested-parking-900x675.jpg 900w, https:\/\/www.automakers.cz\/wp-content\/uploads\/2024\/06\/Dacia-Duster-Jested-parking-1024x768.jpg 1024w, https:\/\/www.automakers.cz\/wp-content\/uploads\/2024\/06\/Dacia-Duster-Jested-parking-768x576.jpg 768w, https:\/\/www.automakers.cz\/wp-content\/uploads\/2024\/06\/Dacia-Duster-Jested-parking-1536x1152.jpg 1536w, https:\/\/www.automakers.cz\/wp-content\/uploads\/2024\/06\/Dacia-Duster-Jested-parking.jpg 2040w\" alt=\"\" width=\"900\" height=\"675\" \/><strong>Nov\u00e9 j\u00edzdn\u00ed m\u00f3dy, displej a brodivost 450 mm<\/strong><\/p>\n<p>Sv\u011btlost 217 mm milimetr\u016f umo\u017e\u0148uje Dusteru j\u00edzdu i ve st\u0159edn\u011b t\u011b\u017ek\u00e9m ter\u00e9nu, pr\u016fchodnosti pom\u00e1haj\u00ed nov\u00e9 m\u00f3dy pro j\u00edzdu ve sn\u011bhu \u010di bl\u00e1t\u011b. V\u016fz m\u016f\u017ee p\u0159ebrodit a\u017e 450 milimetrovou vodu.<\/p>\n<p>\u201eVe voze op\u011bt nalezneme syst\u00e9m Media Control, z\u00e1sadn\u00ed novinkou je 10palcov\u00fd displej se \u0161esti reproduktorya APP Storem. Cena nejlevn\u011bj\u0161\u00edho z\u00e1kladn\u00edho v\u00fdbavov\u00e9ho stupn\u011b Essential \u010din\u00ed 429 900 korun, pr\u00e1v\u011b dnes tak\u00e9 za\u010d\u00edn\u00e1me prod\u00e1vat druh\u00fd v\u00fdbavov\u00fd stupe\u0148 Expression,\u201c p\u0159ipomn\u011bl produktov\u00fd mana\u017eer vozu Jan \u0160perga.<\/p>\n<p><img loading=\"lazy\" decoding=\"async\" class=\"alignnone size-medium wp-image-4694\" src=\"http:\/\/www.automakers.cz\/wp-content\/uploads\/2024\/06\/Dacia-Duster-Jizerky-Skalickova-Devera-900x675.jpg\" alt=\"\" width=\"900\" height=\"675\" \/>Druh\u00e1 etapa testovac\u00edch j\u00edzd pak vedle z Liberce p\u0159es Jizersk\u00e9 hory do osady Jizerka, kde mohli \u00fa\u010dastn\u00edci z\u00e1jezdu vyu\u017e\u00edt \u0159adu volno\u010dasov\u00fdch aktivit.<\/p>\n<p><img loading=\"lazy\" decoding=\"async\" class=\"alignnone size-medium wp-image-4809\" src=\"http:\/\/www.automakers.cz\/wp-content\/uploads\/2024\/06\/Dacia-Duster-gril-Devera-900x675.jpg\" sizes=\"auto, (max-width: 900px) 100vw, 900px\" srcset=\"https:\/\/www.automakers.cz\/wp-content\/uploads\/2024\/06\/Dacia-Duster-gril-Devera-900x675.jpg 900w, https:\/\/www.automakers.cz\/wp-content\/uploads\/2024\/06\/Dacia-Duster-gril-Devera-1024x768.jpg 1024w, https:\/\/www.automakers.cz\/wp-content\/uploads\/2024\/06\/Dacia-Duster-gril-Devera-768x576.jpg 768w, https:\/\/www.automakers.cz\/wp-content\/uploads\/2024\/06\/Dacia-Duster-gril-Devera-1536x1152.jpg 1536w, https:\/\/www.automakers.cz\/wp-content\/uploads\/2024\/06\/Dacia-Duster-gril-Devera.jpg 2040w\" alt=\"\" width=\"900\" height=\"675\" \/>N\u00e1ro\u010dn\u00fd den zakon\u010dilo ve\u010dern\u00ed grilov\u00e1n\u00ed na jizersk\u00e9 louce u hotelu Pyramida.<\/p>\n<p><iframe loading=\"lazy\" id=\"_ytid_67486\" class=\"__youtube_prefs__ epyt-is-override no-lazyload\" title=\"Dacia Duster Media Day 2024\" src=\"https:\/\/www.youtube.com\/embed\/csmDhsiXBwk?enablejsapi=1&amp;autoplay=0&amp;cc_load_policy=0&amp;cc_lang_pref=&amp;iv_load_policy=1&amp;loop=0&amp;modestbranding=0&amp;rel=1&amp;fs=1&amp;playsinline=0&amp;autohide=2&amp;theme=dark&amp;color=red&amp;controls=1&amp;\" width=\"640\" height=\"360\" allowfullscreen=\"allowfullscreen\" data-origwidth=\"640\" data-origheight=\"360\" data-no-lazy=\"1\" data-skipgform_ajax_framebjll=\"\" data-mce-fragment=\"1\"><\/iframe><\/p>\n<p><strong>TESTOVAN\u00c9 VOZY<\/strong><\/p>\n<p>DUSTER\u00a0\u00a0\u00a0\u00a0\u00a0\u00a0\u00a0\u00a0\u00a0\u00a0\u00a0\u00a0\u00a0\u00a0 Journey HYBRID 140<\/p>\n<p>DUSTER\u00a0\u00a0\u00a0\u00a0\u00a0\u00a0\u00a0\u00a0\u00a0\u00a0\u00a0\u00a0\u00a0\u00a0 Expression ECO-G 100<\/p>\n<p>DUSTER\u00a0\u00a0\u00a0\u00a0\u00a0\u00a0\u00a0\u00a0\u00a0\u00a0\u00a0\u00a0\u00a0\u00a0 Journey ECO-G 100<\/p>\n<p>DUSTER\u00a0\u00a0\u00a0\u00a0\u00a0\u00a0\u00a0\u00a0\u00a0\u00a0\u00a0\u00a0\u00a0\u00a0 Extreme TCe 130 4\u00d74<\/p>\n<p>JOGGER Hybrid 140\u00a0\u00a0\u00a0\u00a0\u00a0\u00a0\u00a0\u00a0 Extreme Hybrid 140, 5 m\u00edst<\/p>\n<p>JOGGER Hybrid 140\u00a0\u00a0\u00a0\u00a0\u00a0\u00a0\u00a0\u00a0 Extreme Hybrid 140, 7 m\u00edst<\/p>\n<p><strong>Erich Handl, Jizerka, VIDEO: Lud\u011bk Kortus<br \/>\n<\/strong><\/p>\n<p><img loading=\"lazy\" decoding=\"async\" class=\"alignnone size-medium wp-image-4799\" src=\"http:\/\/www.automakers.cz\/wp-content\/uploads\/2024\/06\/Dacia-kolaz-Jizerky-900x900.jpg\" sizes=\"auto, (max-width: 900px) 100vw, 900px\" srcset=\"https:\/\/www.automakers.cz\/wp-content\/uploads\/2024\/06\/Dacia-kolaz-Jizerky-900x900.jpg 900w, https:\/\/www.automakers.cz\/wp-content\/uploads\/2024\/06\/Dacia-kolaz-Jizerky-1024x1024.jpg 1024w, https:\/\/www.automakers.cz\/wp-content\/uploads\/2024\/06\/Dacia-kolaz-Jizerky-768x768.jpg 768w, https:\/\/www.automakers.cz\/wp-content\/uploads\/2024\/06\/Dacia-kolaz-Jizerky.jpg 1080w\" alt=\"\" width=\"900\" height=\"900\" \/><\/p>\n<div class=\"heateor_sss_sharing_container heateor_sss_vertical_sharing heateor_sss_bottom_sharing\" data-heateor-sss-href=\"https:\/\/www.automakers.cz\/?p=4791\"><\/div>\n<div class=\"heateor_sss_sharing_container heateor_sss_vertical_sharing heateor_sss_bottom_sharing\" data-heateor-sss-href=\"https:\/\/www.automakers.cz\/?p=14662\"><\/div>\n","protected":false},"excerpt":{"rendered":"<p>Porotci ankety PR roku 2024 zvolili ve vedlej\u0161\u00ed kategorii za nejlep\u0161\u00ed medi\u00e1ln\u00ed event lo\u0148sk\u00e9ho roku&#8230;<\/p>\n","protected":false},"author":1,"featured_media":1084,"comment_status":"open","ping_status":"open","sticky":false,"template":"","format":"standard","meta":{"footnotes":""},"categories":[12,14,2],"tags":[],"class_list":["post-1082","post","type-post","status-publish","format-standard","has-post-thumbnail","hentry","category-ankety","category-eventy","category-tiskovky"],"_links":{"self":[{"href":"https:\/\/www.klubmn.cz\/index.php?rest_route=\/wp\/v2\/posts\/1082","targetHints":{"allow":["GET"]}}],"collection":[{"href":"https:\/\/www.klubmn.cz\/index.php?rest_route=\/wp\/v2\/posts"}],"about":[{"href":"https:\/\/www.klubmn.cz\/index.php?rest_route=\/wp\/v2\/types\/post"}],"author":[{"embeddable":true,"href":"https:\/\/www.klubmn.cz\/index.php?rest_route=\/wp\/v2\/users\/1"}],"replies":[{"embeddable":true,"href":"https:\/\/www.klubmn.cz\/index.php?rest_route=%2Fwp%2Fv2%2Fcomments&post=1082"}],"version-history":[{"count":3,"href":"https:\/\/www.klubmn.cz\/index.php?rest_route=\/wp\/v2\/posts\/1082\/revisions"}],"predecessor-version":[{"id":1086,"href":"https:\/\/www.klubmn.cz\/index.php?rest_route=\/wp\/v2\/posts\/1082\/revisions\/1086"}],"wp:featuredmedia":[{"embeddable":true,"href":"https:\/\/www.klubmn.cz\/index.php?rest_route=\/wp\/v2\/media\/1084"}],"wp:attachment":[{"href":"https:\/\/www.klubmn.cz\/index.php?rest_route=%2Fwp%2Fv2%2Fmedia&parent=1082"}],"wp:term":[{"taxonomy":"category","embeddable":true,"href":"https:\/\/www.klubmn.cz\/index.php?rest_route=%2Fwp%2Fv2%2Fcategories&post=1082"},{"taxonomy":"post_tag","embeddable":true,"href":"https:\/\/www.klubmn.cz\/index.php?rest_route=%2Fwp%2Fv2%2Ftags&post=1082"}],"curies":[{"name":"wp","href":"https:\/\/api.w.org\/{rel}","templated":true}]}}