{"id":1096,"date":"2025-07-20T20:50:42","date_gmt":"2025-07-20T20:50:42","guid":{"rendered":"https:\/\/www.klubmn.cz\/?p=1096"},"modified":"2025-07-20T20:50:42","modified_gmt":"2025-07-20T20:50:42","slug":"hermansky-skoncil-u-cinske-znacky-byd","status":"publish","type":"post","link":"https:\/\/www.klubmn.cz\/?p=1096","title":{"rendered":"He\u0159mansk\u00fd skon\u010dil u \u010d\u00ednsk\u00e9 zna\u010dky BYD"},"content":{"rendered":"<p><strong>\u010c\u00ednskou zna\u010dku BYD, kter\u00e1 vstoupila 1. dubna na \u010desk\u00fd trh, \u0161\u00e9foval z pozice country mana\u017eera Martin He\u0159mansk\u00fd. U \u010c\u00ed\u0148an\u016f vydr\u017eel ale jen t\u0159i m\u011bs\u00edce a od \u010dervence u\u017e je v jin\u00e9 firm\u011b v oboru.<\/strong><span id=\"more-12060\"><\/span><span id=\"more-14686\"><\/span><!--more--><\/p>\n<p><strong>Martin He\u0159mansk\u00fd<\/strong> ohl\u00e1sil opulentn\u00ed pl\u00e1ny zna\u010dky BYD na jarn\u00edm velk\u00e9m launchi BYD ve Foru Karl\u00edn, jeho kari\u00e9ra ale m\u011bla men\u0161\u00ed rozm\u011bry. Patn\u00e1ct\u00e9ho \u010dervence se pochlubil na soci\u00e1ln\u00ed s\u00edti Linkedin novou prac\u00ed.<\/p>\n<p><img loading=\"lazy\" decoding=\"async\" class=\"alignnone size-medium wp-image-12083\" src=\"http:\/\/www.automakers.cz\/wp-content\/uploads\/2025\/04\/BYD-Hermansky-podium-900x506.jpg\" sizes=\"auto, (max-width: 900px) 100vw, 900px\" srcset=\"https:\/\/www.automakers.cz\/wp-content\/uploads\/2025\/04\/BYD-Hermansky-podium-900x506.jpg 900w, https:\/\/www.automakers.cz\/wp-content\/uploads\/2025\/04\/BYD-Hermansky-podium-1024x576.jpg 1024w, https:\/\/www.automakers.cz\/wp-content\/uploads\/2025\/04\/BYD-Hermansky-podium-768x432.jpg 768w, https:\/\/www.automakers.cz\/wp-content\/uploads\/2025\/04\/BYD-Hermansky-podium-1536x864.jpg 1536w, https:\/\/www.automakers.cz\/wp-content\/uploads\/2025\/04\/BYD-Hermansky-podium-1280x720.jpg 1280w, https:\/\/www.automakers.cz\/wp-content\/uploads\/2025\/04\/BYD-Hermansky-podium.jpg 2040w\" alt=\"\" width=\"900\" height=\"506\" \/>\u201eUjal jsem se role gener\u00e1ln\u00edho \u0159editele <strong>RCM Central Europe a gener\u00e1ln\u00edho \u0159editele SAGA Praha<\/strong>. Tato nov\u00e1 kapitola p\u0159in\u00e1\u0161\u00ed vzru\u0161uj\u00edc\u00ed p\u0159\u00edle\u017eitost v\u00e9st dal\u0161\u00ed f\u00e1zi r\u016fstu a inovac\u00ed skupiny RCM v regionu st\u0159edn\u00ed Evropy,\u201c uvedl He\u0159mansk\u00fd.<\/p>\n<p><strong>SAGA<\/strong> je autorizovan\u00fd prodejce nov\u00fdch a pou\u017eit\u00fdch osobn\u00edch a lehk\u00fdch u\u017eitkov\u00fdch vozidel Mercedes-Benz v \u010cesk\u00e9 republice, provozuje tak\u00e9 certifikovan\u00e9 servisn\u00ed centrum v Praze na Chodovci.<\/p>\n<p><strong>Kdo bude \u0159\u00eddit BYD?<\/strong> \u201eNa stejn\u00e9 pozici jako byl Martin je Country Manager BYD Czech Republic &amp; Slovakia Shawn Wang,\u201c napsal na\u0161emu \u010dasopisu mluv\u010d\u00ed BYD Martin \u0160em\u00edk. U zna\u010dky z\u016fst\u00e1v\u00e1 dal\u0161\u00ed \u010desk\u00fd mana\u017eer, <strong>Milan Koza.<\/strong><\/p>\n<p><strong>Zdroj: archiv, Linkedin, Martin \u0160em\u00edk<\/strong><\/p>\n<figure id=\"attachment_12065\" class=\"wp-caption alignnone\" aria-describedby=\"caption-attachment-12065\"><img loading=\"lazy\" decoding=\"async\" class=\"size-medium wp-image-12065\" src=\"http:\/\/www.automakers.cz\/wp-content\/uploads\/2025\/03\/BYD-Li-Hermansky-Londyn-900x678.jpeg\" sizes=\"auto, (max-width: 900px) 100vw, 900px\" srcset=\"https:\/\/www.automakers.cz\/wp-content\/uploads\/2025\/03\/BYD-Li-Hermansky-Londyn-900x678.jpeg 900w, https:\/\/www.automakers.cz\/wp-content\/uploads\/2025\/03\/BYD-Li-Hermansky-Londyn-768x579.jpeg 768w, https:\/\/www.automakers.cz\/wp-content\/uploads\/2025\/03\/BYD-Li-Hermansky-Londyn.jpeg 930w\" alt=\"\" width=\"900\" height=\"678\" \/><figcaption id=\"caption-attachment-12065\" class=\"wp-caption-text\"><strong>Martin He\u0159mansk\u00fd na Linkedinu pod\u011bkoval sv\u00e9 nad\u0159\u00edzen\u00e9 v BYD Stelle Li<\/strong><\/figcaption><\/figure>\n","protected":false},"excerpt":{"rendered":"<p>\u010c\u00ednskou zna\u010dku BYD, kter\u00e1 vstoupila 1. dubna na \u010desk\u00fd trh, \u0161\u00e9foval z pozice country mana\u017eera&#8230;<\/p>\n","protected":false},"author":1,"featured_media":1098,"comment_status":"open","ping_status":"open","sticky":false,"template":"","format":"standard","meta":{"footnotes":""},"categories":[30,11],"tags":[],"class_list":["post-1096","post","type-post","status-publish","format-standard","has-post-thumbnail","hentry","category-management","category-personalie"],"_links":{"self":[{"href":"https:\/\/www.klubmn.cz\/index.php?rest_route=\/wp\/v2\/posts\/1096","targetHints":{"allow":["GET"]}}],"collection":[{"href":"https:\/\/www.klubmn.cz\/index.php?rest_route=\/wp\/v2\/posts"}],"about":[{"href":"https:\/\/www.klubmn.cz\/index.php?rest_route=\/wp\/v2\/types\/post"}],"author":[{"embeddable":true,"href":"https:\/\/www.klubmn.cz\/index.php?rest_route=\/wp\/v2\/users\/1"}],"replies":[{"embeddable":true,"href":"https:\/\/www.klubmn.cz\/index.php?rest_route=%2Fwp%2Fv2%2Fcomments&post=1096"}],"version-history":[{"count":2,"href":"https:\/\/www.klubmn.cz\/index.php?rest_route=\/wp\/v2\/posts\/1096\/revisions"}],"predecessor-version":[{"id":1099,"href":"https:\/\/www.klubmn.cz\/index.php?rest_route=\/wp\/v2\/posts\/1096\/revisions\/1099"}],"wp:featuredmedia":[{"embeddable":true,"href":"https:\/\/www.klubmn.cz\/index.php?rest_route=\/wp\/v2\/media\/1098"}],"wp:attachment":[{"href":"https:\/\/www.klubmn.cz\/index.php?rest_route=%2Fwp%2Fv2%2Fmedia&parent=1096"}],"wp:term":[{"taxonomy":"category","embeddable":true,"href":"https:\/\/www.klubmn.cz\/index.php?rest_route=%2Fwp%2Fv2%2Fcategories&post=1096"},{"taxonomy":"post_tag","embeddable":true,"href":"https:\/\/www.klubmn.cz\/index.php?rest_route=%2Fwp%2Fv2%2Ftags&post=1096"}],"curies":[{"name":"wp","href":"https:\/\/api.w.org\/{rel}","templated":true}]}}