{"id":1114,"date":"2025-07-27T10:16:20","date_gmt":"2025-07-27T10:16:20","guid":{"rendered":"https:\/\/www.klubmn.cz\/?p=1114"},"modified":"2025-07-27T10:16:20","modified_gmt":"2025-07-27T10:16:20","slug":"prezident-pavel-uvital-veteranskou-robot-expedici-v-osace","status":"publish","type":"post","link":"https:\/\/www.klubmn.cz\/?p=1114","title":{"rendered":"Prezident Pavel uv\u00edtal veter\u00e1nskou Robot Expedici v \u00d3sace"},"content":{"rendered":"<p><b>\u00a0<\/b><b>V r\u00e1mci N\u00e1rodn\u00edho dne \u010cesk\u00e9 republiky na sv\u011btov\u00e9 v\u00fdstav\u011b EXPO 2025 v \u00d3sace se na vozy Robot Expedice p\u0159i\u0161el osobn\u011b pod\u00edvat prezident Petr Pavel. Pr\u00e1v\u011b on Robot Expedici p\u0159ed v\u00edce ne\u017e m\u011bs\u00edcem slavnostn\u011b odstartoval na Hrad\u010dansk\u00e9m n\u00e1m\u011bst\u00ed v Praze.<\/b><span id=\"more-14964\"><\/span><!--more--><\/p>\n<p>Na ceremoni\u00e1l v Japonsku dorazila cel\u00e1 \u010desk\u00e1 v\u00fdprava, des\u00edtky novin\u00e1\u0159\u016f a v\u00fdznamn\u00e9 osobnosti. Mezi hosty nechyb\u011bla ani japonsk\u00e1 <strong>princezna Takamado<\/strong>.<\/p>\n<p><img loading=\"lazy\" decoding=\"async\" class=\"alignnone size-medium wp-image-14973\" src=\"http:\/\/www.automakers.cz\/wp-content\/uploads\/2025\/07\/Robot_osakaexpo_image_20250724_at_104237-900x507.jpeg\" sizes=\"auto, (max-width: 900px) 100vw, 900px\" srcset=\"https:\/\/www.automakers.cz\/wp-content\/uploads\/2025\/07\/Robot_osakaexpo_image_20250724_at_104237-900x507.jpeg 900w, https:\/\/www.automakers.cz\/wp-content\/uploads\/2025\/07\/Robot_osakaexpo_image_20250724_at_104237-1024x577.jpeg 1024w, https:\/\/www.automakers.cz\/wp-content\/uploads\/2025\/07\/Robot_osakaexpo_image_20250724_at_104237-768x432.jpeg 768w, https:\/\/www.automakers.cz\/wp-content\/uploads\/2025\/07\/Robot_osakaexpo_image_20250724_at_104237-1536x865.jpeg 1536w, https:\/\/www.automakers.cz\/wp-content\/uploads\/2025\/07\/Robot_osakaexpo_image_20250724_at_104237-2048x1153.jpeg 2048w, https:\/\/www.automakers.cz\/wp-content\/uploads\/2025\/07\/Robot_osakaexpo_image_20250724_at_104237-1280x720.jpeg 1280w\" alt=\"\" width=\"900\" height=\"507\" \/><i>\u201eT\u00e9m\u011b\u0159 neuv\u011b\u0159iteln\u00e9 se stalo skutkem! P\u0159i startu v Praze jsem v\u00e1m v\u0161em ze srdce p\u0159\u00e1l, abychom se potkali v pln\u00e9m slo\u017een\u00ed na Expu v \u00d3sace. Ale na cest\u011b bylo tolik p\u0159ek\u00e1\u017eek\u2026 Skv\u011bl\u00fd v\u00fdkon! Gratuluji a d\u00edky za reprezentaci na\u0161\u00ed zem\u011b a tak\u00e9 soused\u016f,\u201c<\/i>\u00a0zapsal do den\u00edku expedice <strong>prezident Petr Pavel<\/strong> po setk\u00e1n\u00ed s v\u00fdpravou.<\/p>\n<p><img loading=\"lazy\" decoding=\"async\" class=\"alignnone size-medium wp-image-14968\" src=\"http:\/\/www.automakers.cz\/wp-content\/uploads\/2025\/07\/Robot-pavel_osakaexpo_image-900x506.jpeg\" sizes=\"auto, (max-width: 900px) 100vw, 900px\" srcset=\"https:\/\/www.automakers.cz\/wp-content\/uploads\/2025\/07\/Robot-pavel_osakaexpo_image-900x506.jpeg 900w, https:\/\/www.automakers.cz\/wp-content\/uploads\/2025\/07\/Robot-pavel_osakaexpo_image-1024x576.jpeg 1024w, https:\/\/www.automakers.cz\/wp-content\/uploads\/2025\/07\/Robot-pavel_osakaexpo_image-768x432.jpeg 768w, https:\/\/www.automakers.cz\/wp-content\/uploads\/2025\/07\/Robot-pavel_osakaexpo_image-1280x720.jpeg 1280w, https:\/\/www.automakers.cz\/wp-content\/uploads\/2025\/07\/Robot-pavel_osakaexpo_image.jpeg 1511w\" alt=\"\" width=\"900\" height=\"506\" \/>21. \u010dervna vyrazilo z Prahy sedm \u010desk\u00fdch a slovensk\u00fdch pos\u00e1dek historick\u00fdch vozidel na cestu nap\u0159\u00ed\u010d kontinenty s c\u00edlem dorazit na sv\u011btovou v\u00fdstavu <strong>Expo 2025<\/strong>.\u00a0<i>\u201eUjeli jsme 14 200 kilometr\u016f, nav\u0161t\u00edvili 11 zem\u00ed, cestovali jsme 30 dn\u00ed \u2013 a kone\u010dn\u011b jsme tady. Robot Expedice dojela do c\u00edle!\u201c<\/i>\u00a0\u0159\u00edk\u00e1<strong> Josef Zaj\u00ed\u010dek<\/strong>, kter\u00fd vedl v\u00fdpravu ve voze Tatra 603.<\/p>\n<p><img loading=\"lazy\" decoding=\"async\" class=\"alignnone size-medium wp-image-14139\" src=\"http:\/\/www.automakers.cz\/wp-content\/uploads\/2025\/06\/Robot-Hradcany-start-900x600.jpg\" alt=\"\" width=\"900\" height=\"600\" \/><strong>Zdroj: Autodrom Most<\/strong><\/p>\n","protected":false},"excerpt":{"rendered":"<p>\u00a0V r\u00e1mci N\u00e1rodn\u00edho dne \u010cesk\u00e9 republiky na sv\u011btov\u00e9 v\u00fdstav\u011b EXPO 2025 v \u00d3sace se na&#8230;<\/p>\n","protected":false},"author":1,"featured_media":1115,"comment_status":"open","ping_status":"open","sticky":false,"template":"","format":"standard","meta":{"footnotes":""},"categories":[10,49],"tags":[],"class_list":["post-1114","post","type-post","status-publish","format-standard","has-post-thumbnail","hentry","category-motorsport","category-veterani"],"_links":{"self":[{"href":"https:\/\/www.klubmn.cz\/index.php?rest_route=\/wp\/v2\/posts\/1114","targetHints":{"allow":["GET"]}}],"collection":[{"href":"https:\/\/www.klubmn.cz\/index.php?rest_route=\/wp\/v2\/posts"}],"about":[{"href":"https:\/\/www.klubmn.cz\/index.php?rest_route=\/wp\/v2\/types\/post"}],"author":[{"embeddable":true,"href":"https:\/\/www.klubmn.cz\/index.php?rest_route=\/wp\/v2\/users\/1"}],"replies":[{"embeddable":true,"href":"https:\/\/www.klubmn.cz\/index.php?rest_route=%2Fwp%2Fv2%2Fcomments&post=1114"}],"version-history":[{"count":1,"href":"https:\/\/www.klubmn.cz\/index.php?rest_route=\/wp\/v2\/posts\/1114\/revisions"}],"predecessor-version":[{"id":1116,"href":"https:\/\/www.klubmn.cz\/index.php?rest_route=\/wp\/v2\/posts\/1114\/revisions\/1116"}],"wp:featuredmedia":[{"embeddable":true,"href":"https:\/\/www.klubmn.cz\/index.php?rest_route=\/wp\/v2\/media\/1115"}],"wp:attachment":[{"href":"https:\/\/www.klubmn.cz\/index.php?rest_route=%2Fwp%2Fv2%2Fmedia&parent=1114"}],"wp:term":[{"taxonomy":"category","embeddable":true,"href":"https:\/\/www.klubmn.cz\/index.php?rest_route=%2Fwp%2Fv2%2Fcategories&post=1114"},{"taxonomy":"post_tag","embeddable":true,"href":"https:\/\/www.klubmn.cz\/index.php?rest_route=%2Fwp%2Fv2%2Ftags&post=1114"}],"curies":[{"name":"wp","href":"https:\/\/api.w.org\/{rel}","templated":true}]}}