{"id":1121,"date":"2025-07-29T13:07:29","date_gmt":"2025-07-29T13:07:29","guid":{"rendered":"https:\/\/www.klubmn.cz\/?p=1121"},"modified":"2025-07-29T13:07:29","modified_gmt":"2025-07-29T13:07:29","slug":"autosap-vita-celni-dohodu-mezi-eu-a-usa","status":"publish","type":"post","link":"https:\/\/www.klubmn.cz\/?p=1121","title":{"rendered":"AutoSAP v\u00edt\u00e1 celn\u00ed dohodu mezi EU a USA"},"content":{"rendered":"<p><strong>Sdru\u017een\u00ed automobilov\u00e9ho pr\u016fmyslu v\u00edt\u00e1 dosa\u017een\u00ed nov\u00e9 celn\u00ed dohody mezi Evropskou uni\u00ed a Spojen\u00fdmi st\u00e1ty jako krok sm\u011brem k deeskalaci obchodn\u00edho nap\u011bt\u00ed, kter\u00e9 v posledn\u00edch m\u011bs\u00edc\u00edch vytv\u00e1\u0159elo nejistotu na obou stran\u00e1ch Atlantiku.<\/strong> <!--more--><span id=\"more-15039\"><\/span><\/p>\n<p>P\u0159esto\u017ee 15% clo na automobily a automobilov\u00e9 d\u00edly nelze pova\u017eovat za n\u00edzk\u00e9, pozitivn\u011b vn\u00edm\u00e1me, \u017ee se poda\u0159ilo odvr\u00e1tit hrozbu dal\u0161\u00ed eskalace a \u017ee byla obnovena jist\u00e1 m\u00edra pr\u00e1vn\u00ed p\u0159edv\u00eddatelnosti.<\/p>\n<p>\u201eDohoda p\u0159in\u00e1\u0161\u00ed tolik pot\u0159ebnou stabilitu do transatlantick\u00fdch vztah\u016f, nicm\u00e9n\u011b kl\u00ed\u010dov\u00e9 bude jej\u00ed konkr\u00e9tn\u00ed zn\u011bn\u00ed a implementace. Na detailn\u00ed podm\u00ednky proto nyn\u00ed \u010dek\u00e1me s velkou pozornost\u00ed,\u201c uvedl <strong>Zden\u011bk Petzl, v\u00fdkonn\u00fd \u0159editel Sdru\u017een\u00ed automobilov\u00e9ho pr\u016fmyslu.<\/strong><\/p>\n<h5 id=\"attachment_3525\" class=\"wp-caption alignnone\" aria-describedby=\"caption-attachment-3525\"><img loading=\"lazy\" decoding=\"async\" class=\"size-medium wp-image-3525\" src=\"http:\/\/www.automakers.cz\/wp-content\/uploads\/2024\/04\/Zdenek-Petzl_3-900x632.jpg\" alt=\"\" width=\"900\" height=\"632\" \/><strong>V\u00fdkonn\u00fd \u0159editel AutoSAP Zden\u011bk Petzl<\/strong><\/h5>\n<p>Pro \u010desk\u00fd automobilov\u00fd pr\u016fmysl nejsou USA z\u00e1sadn\u00edm p\u0159\u00edm\u00fdm exportn\u00edm trhem \u2013 v roce 2023 sm\u011b\u0159ovalo do USA jen 0,8 % tuzemsk\u00e9ho automobilov\u00e9ho exportu v hodnot\u011b 9,3 mld. K\u010d, p\u0159i\u010dem\u017e p\u0159edm\u011btem exportu nejsou hotov\u00e1 vozidla. Dopady nov\u00e9 dohody tak budou p\u0159ev\u00e1\u017en\u011b zprost\u0159edkovan\u00e9, a to zejm\u00e9na skrze export komponent do N\u011bmecka, kam sm\u011b\u0159uje 30 % exportu a je tak hlavn\u00edm odb\u011bratelem \u010desk\u00e9 produkce a z\u00e1rove\u0148 v\u00fdznamn\u00fdm v\u00fdvozcem hotov\u00fdch vozidel do USA. V tomto kontextu je d\u016fle\u017eit\u00e9, \u017ee EU a USA deklaruj\u00ed ochotu pokra\u010dovat v odstra\u0148ov\u00e1n\u00ed p\u0159ek\u00e1\u017eek obchodu a posilov\u00e1n\u00ed strategick\u00fdch partnerstv\u00ed.<\/p>\n<p>\u201eV\u00edt\u00e1me ka\u017ed\u00fd krok, kter\u00fd p\u0159isp\u011bje k p\u0159edv\u00eddatelnosti v glob\u00e1ln\u00edm obchod\u011b. Z\u00e1rove\u0148 v\u0161ak p\u0159ipom\u00edn\u00e1me, \u017ee 15% clo p\u0159edstavuje zv\u00fd\u0161en\u00ed cen pro americk\u00e9 spot\u0159ebitele, kter\u00e9 m\u016f\u017ee v\u00e9st k potenci\u00e1ln\u00edmu sn\u00ed\u017een\u00ed odbytu evropsk\u00fdch vozidel. Sou\u010dasn\u011b se jedn\u00e1 o jeden z dal\u0161\u00edch tlak\u016f na p\u0159esun v\u00fdroby vozidel z EU za situace, kdy se evropsk\u00fd autopr\u016fmysl vypo\u0159\u00e1d\u00e1v\u00e1 s transformac\u00ed, vysok\u00fdmi vstupn\u00edmi n\u00e1klady a nejistotou na kl\u00ed\u010dov\u00fdch trz\u00edch,\u201c doplnil Petzl.<\/p>\n<p>Sdru\u017een\u00ed bude dojedn\u00e1v\u00e1n\u00ed detail\u016f dohody nad\u00e1le sledovat a v\u011bnovat zv\u00fd\u0161enou pozornost jej\u00edmu dopadu na subdodavatelsk\u00fd \u0159et\u011bzec v r\u00e1mci cel\u00e9 EU, v\u010detn\u011b \u010cesk\u00e9 republiky.<\/p>\n<p><strong>Problematiku cel ned\u00e1vno prodiskutovali mana\u017ee\u0159i z oboru v po\u0159adu Devades\u00e1tka na \u010cT 24<\/strong><\/p>\n<p><img loading=\"lazy\" decoding=\"async\" class=\"alignnone size-medium wp-image-15008\" src=\"http:\/\/www.automakers.cz\/wp-content\/uploads\/2025\/07\/CT-24-90-Peleska-Petzl-900x399.png\" sizes=\"auto, (max-width: 900px) 100vw, 900px\" srcset=\"https:\/\/www.automakers.cz\/wp-content\/uploads\/2025\/07\/CT-24-90-Peleska-Petzl-900x399.png 900w, https:\/\/www.automakers.cz\/wp-content\/uploads\/2025\/07\/CT-24-90-Peleska-Petzl-768x341.png 768w, https:\/\/www.automakers.cz\/wp-content\/uploads\/2025\/07\/CT-24-90-Peleska-Petzl.png 987w\" alt=\"\" width=\"900\" height=\"399\" \/><\/p>\n<div class=\"heateor_sss_sharing_container heateor_sss_vertical_sharing heateor_sss_bottom_sharing\" data-heateor-sss-href=\"https:\/\/www.automakers.cz\/?p=15039\"><\/div>\n<p>&nbsp;<\/p>\n","protected":false},"excerpt":{"rendered":"<p>Sdru\u017een\u00ed automobilov\u00e9ho pr\u016fmyslu v\u00edt\u00e1 dosa\u017een\u00ed nov\u00e9 celn\u00ed dohody mezi Evropskou uni\u00ed a Spojen\u00fdmi st\u00e1ty jako&#8230;<\/p>\n","protected":false},"author":1,"featured_media":820,"comment_status":"open","ping_status":"open","sticky":false,"template":"","format":"standard","meta":{"footnotes":""},"categories":[46,26],"tags":[],"class_list":["post-1121","post","type-post","status-publish","format-standard","has-post-thumbnail","hentry","category-export","category-legislativa"],"_links":{"self":[{"href":"https:\/\/www.klubmn.cz\/index.php?rest_route=\/wp\/v2\/posts\/1121","targetHints":{"allow":["GET"]}}],"collection":[{"href":"https:\/\/www.klubmn.cz\/index.php?rest_route=\/wp\/v2\/posts"}],"about":[{"href":"https:\/\/www.klubmn.cz\/index.php?rest_route=\/wp\/v2\/types\/post"}],"author":[{"embeddable":true,"href":"https:\/\/www.klubmn.cz\/index.php?rest_route=\/wp\/v2\/users\/1"}],"replies":[{"embeddable":true,"href":"https:\/\/www.klubmn.cz\/index.php?rest_route=%2Fwp%2Fv2%2Fcomments&post=1121"}],"version-history":[{"count":1,"href":"https:\/\/www.klubmn.cz\/index.php?rest_route=\/wp\/v2\/posts\/1121\/revisions"}],"predecessor-version":[{"id":1122,"href":"https:\/\/www.klubmn.cz\/index.php?rest_route=\/wp\/v2\/posts\/1121\/revisions\/1122"}],"wp:featuredmedia":[{"embeddable":true,"href":"https:\/\/www.klubmn.cz\/index.php?rest_route=\/wp\/v2\/media\/820"}],"wp:attachment":[{"href":"https:\/\/www.klubmn.cz\/index.php?rest_route=%2Fwp%2Fv2%2Fmedia&parent=1121"}],"wp:term":[{"taxonomy":"category","embeddable":true,"href":"https:\/\/www.klubmn.cz\/index.php?rest_route=%2Fwp%2Fv2%2Fcategories&post=1121"},{"taxonomy":"post_tag","embeddable":true,"href":"https:\/\/www.klubmn.cz\/index.php?rest_route=%2Fwp%2Fv2%2Ftags&post=1121"}],"curies":[{"name":"wp","href":"https:\/\/api.w.org\/{rel}","templated":true}]}}