{"id":1123,"date":"2025-07-30T11:21:53","date_gmt":"2025-07-30T11:21:53","guid":{"rendered":"https:\/\/www.klubmn.cz\/?p=1123"},"modified":"2025-07-30T11:21:53","modified_gmt":"2025-07-30T11:21:53","slug":"cinsky-byd-otevrel-showroom-v-bratislave","status":"publish","type":"post","link":"https:\/\/www.klubmn.cz\/?p=1123","title":{"rendered":"\u010c\u00ednsk\u00fd BYD otev\u0159el showroom v Bratislav\u011b"},"content":{"rendered":"<div class=\"feed-shared-inline-show-more-text feed-shared-update-v2__description feed-shared-inline-show-more-text--minimal-padding feed-shared-inline-show-more-text--3-lines feed-shared-inline-show-more-text--expanded \" tabindex=\"-1\" data-artdeco-is-focused=\"true\">\n<div dir=\"ltr\"><strong>Slovensk\u00fd Auto-Impex otev\u0159el v pond\u011bl\u00ed\u00a0<span class=\"break-words tvm-parent-container\"><span dir=\"ltr\">BYD flagship showroomu. Nach\u00e1z\u00ed se na Ro\u017e\u0148avsk\u00e9 ulici v Bratislav\u011b, openingu se \u00fa\u010dastnili z\u00e1stupci \u010d\u00ednsk\u00e9 ambas\u00e1dy.\u00a0<\/span><\/span><\/strong><\/div>\n<div dir=\"ltr\">\n<p><strong>Prvn\u00ed vlajkov\u00fd showroom spole\u010dnosti BYD<\/strong> v zemi tak otev\u0159el sv\u00e9 br\u00e1ny 28. \u010dervence, opening p\u0159il\u00e1kal p\u0159ibli\u017en\u011b 100 host\u016f, v\u010detn\u011b 25 z\u00e1stupc\u016f m\u00e9di\u00ed.<\/p>\n<p><img loading=\"lazy\" decoding=\"async\" class=\"alignnone size-medium wp-image-15080\" src=\"http:\/\/www.automakers.cz\/wp-content\/uploads\/2025\/07\/BYD-showroom-Impex-Bratislava-900x600.jpeg\" sizes=\"auto, (max-width: 900px) 100vw, 900px\" srcset=\"https:\/\/www.automakers.cz\/wp-content\/uploads\/2025\/07\/BYD-showroom-Impex-Bratislava-900x600.jpeg 900w, https:\/\/www.automakers.cz\/wp-content\/uploads\/2025\/07\/BYD-showroom-Impex-Bratislava-1024x683.jpeg 1024w, https:\/\/www.automakers.cz\/wp-content\/uploads\/2025\/07\/BYD-showroom-Impex-Bratislava-768x512.jpeg 768w, https:\/\/www.automakers.cz\/wp-content\/uploads\/2025\/07\/BYD-showroom-Impex-Bratislava-1536x1025.jpeg 1536w, https:\/\/www.automakers.cz\/wp-content\/uploads\/2025\/07\/BYD-showroom-Impex-Bratislava.jpeg 2048w\" alt=\"\" width=\"900\" height=\"600\" \/>\u201eTento showroom je jen za\u010d\u00e1tek. Jsme nad\u0161eni, \u017ee m\u016f\u017eeme p\u0159iv\u00edtat slovensk\u00e9 \u0159idi\u010de, aby si zbl\u00edzka prohl\u00e9dli na\u0161e nejnov\u011bj\u0161\u00ed vozidla. Roz\u0161i\u0159ujeme na\u0161i prodejn\u00ed s\u00ed\u0165 po cel\u00e9 zemi, tak\u017ee lid\u00e9 zde maj\u00ed snadn\u00fd p\u0159\u00edstup k n\u00e1kupu, vlastnictv\u00ed a servisu sv\u00fdch j\u00edzd \u2013 \u017e\u00e1dn\u00fd zmatek, v\u0161e jde hladce,\u201c pochv\u00e1lila si zna\u010dka sv\u016fj start na Slovensku.<\/p>\n<p><strong>V \u010cesku se BYD poprv\u00e9 p\u0159edstavil na ja\u0159e na velk\u00e9m launchi ve Foru Karl\u00edn, mezi kl\u00ed\u010dov\u00e9 dealery pat\u0159\u00ed Auto Louda a Auto UH.\u00a0<\/strong><\/p>\n<p><img loading=\"lazy\" decoding=\"async\" class=\"alignnone size-medium wp-image-12094\" src=\"http:\/\/www.automakers.cz\/wp-content\/uploads\/2025\/04\/BYD-podium-vozy-Karlin-900x506.jpg\" sizes=\"auto, (max-width: 900px) 100vw, 900px\" srcset=\"https:\/\/www.automakers.cz\/wp-content\/uploads\/2025\/04\/BYD-podium-vozy-Karlin-900x506.jpg 900w, https:\/\/www.automakers.cz\/wp-content\/uploads\/2025\/04\/BYD-podium-vozy-Karlin-1024x576.jpg 1024w, https:\/\/www.automakers.cz\/wp-content\/uploads\/2025\/04\/BYD-podium-vozy-Karlin-768x432.jpg 768w, https:\/\/www.automakers.cz\/wp-content\/uploads\/2025\/04\/BYD-podium-vozy-Karlin-1536x864.jpg 1536w, https:\/\/www.automakers.cz\/wp-content\/uploads\/2025\/04\/BYD-podium-vozy-Karlin-1280x720.jpg 1280w, https:\/\/www.automakers.cz\/wp-content\/uploads\/2025\/04\/BYD-podium-vozy-Karlin.jpg 2040w\" alt=\"\" width=\"900\" height=\"506\" \/><\/p>\n<\/div>\n<\/div>\n<p><!--more--><\/p>\n<p><strong>Zdroj: Linkedin BYD, archiv<\/strong><\/p>\n","protected":false},"excerpt":{"rendered":"<p>Slovensk\u00fd Auto-Impex otev\u0159el v pond\u011bl\u00ed\u00a0BYD flagship showroomu. Nach\u00e1z\u00ed se na Ro\u017e\u0148avsk\u00e9 ulici v Bratislav\u011b, openingu&#8230;<\/p>\n","protected":false},"author":1,"featured_media":1124,"comment_status":"open","ping_status":"open","sticky":false,"template":"","format":"standard","meta":{"footnotes":""},"categories":[31,54],"tags":[],"class_list":["post-1123","post","type-post","status-publish","format-standard","has-post-thumbnail","hentry","category-dealeri","category-opening"],"_links":{"self":[{"href":"https:\/\/www.klubmn.cz\/index.php?rest_route=\/wp\/v2\/posts\/1123","targetHints":{"allow":["GET"]}}],"collection":[{"href":"https:\/\/www.klubmn.cz\/index.php?rest_route=\/wp\/v2\/posts"}],"about":[{"href":"https:\/\/www.klubmn.cz\/index.php?rest_route=\/wp\/v2\/types\/post"}],"author":[{"embeddable":true,"href":"https:\/\/www.klubmn.cz\/index.php?rest_route=\/wp\/v2\/users\/1"}],"replies":[{"embeddable":true,"href":"https:\/\/www.klubmn.cz\/index.php?rest_route=%2Fwp%2Fv2%2Fcomments&post=1123"}],"version-history":[{"count":1,"href":"https:\/\/www.klubmn.cz\/index.php?rest_route=\/wp\/v2\/posts\/1123\/revisions"}],"predecessor-version":[{"id":1125,"href":"https:\/\/www.klubmn.cz\/index.php?rest_route=\/wp\/v2\/posts\/1123\/revisions\/1125"}],"wp:featuredmedia":[{"embeddable":true,"href":"https:\/\/www.klubmn.cz\/index.php?rest_route=\/wp\/v2\/media\/1124"}],"wp:attachment":[{"href":"https:\/\/www.klubmn.cz\/index.php?rest_route=%2Fwp%2Fv2%2Fmedia&parent=1123"}],"wp:term":[{"taxonomy":"category","embeddable":true,"href":"https:\/\/www.klubmn.cz\/index.php?rest_route=%2Fwp%2Fv2%2Fcategories&post=1123"},{"taxonomy":"post_tag","embeddable":true,"href":"https:\/\/www.klubmn.cz\/index.php?rest_route=%2Fwp%2Fv2%2Ftags&post=1123"}],"curies":[{"name":"wp","href":"https:\/\/api.w.org\/{rel}","templated":true}]}}