{"id":1153,"date":"2025-08-12T15:02:12","date_gmt":"2025-08-12T15:02:12","guid":{"rendered":"https:\/\/www.klubmn.cz\/?p=1153"},"modified":"2025-08-12T15:02:12","modified_gmt":"2025-08-12T15:02:12","slug":"ds-opet-na-festivalu-hudby-na-dobrisi","status":"publish","type":"post","link":"https:\/\/www.klubmn.cz\/?p=1153","title":{"rendered":"DS op\u011bt na festivalu hudby na Dob\u0159\u00ed\u0161i"},"content":{"rendered":"<p><strong>Francouzsk\u00e1 zna\u010dka DS letos op\u011bt pokra\u010duje ve spolupr\u00e1ci s houslistou Jaroslavem Sv\u011bcen\u00fdm. Modely se tak mohly v srpnu op\u011bt bl\u00fdsknout na Festivalu hudby na z\u00e1mku Dob\u0159\u00ed\u0161.<\/strong><span id=\"more-6537\"><\/span><span id=\"more-15398\"><\/span><!--more--><\/p>\n<p>S\u00e9rii koncert\u016f po\u0159\u00e1dalo tradi\u010dn\u011b m\u011bsto Dob\u0159\u00ed\u0161 ve spolupr\u00e1ci s agenturou SUBITON Jaroslava Sv\u011bcen\u00e9ho, ve\u0159ejnosti ji\u017e pop\u00e1t\u00e9 nab\u00eddlo hudebn\u00ed program pod osv\u011bd\u010denou produk\u010dn\u00ed, re\u017eijn\u00ed i dramaturgickou taktovkou tandemu Jaroslav Sv\u011bcen\u00fd\u2013Zde\u0148ka \u017d\u00e1dn\u00edkov\u00e1.<\/p>\n<p>Zahajovac\u00ed galakoncert se konal v z\u00e1meck\u00e9m parku, pod taktovkou (smy\u010dcem)\u00a0<strong>Jaroslava Sv\u011bcen\u00e9ho.<\/strong><\/p>\n<p><img loading=\"lazy\" decoding=\"async\" class=\"alignnone size-medium wp-image-15413\" src=\"http:\/\/www.automakers.cz\/wp-content\/uploads\/2025\/08\/Dobris-Festival-hudby-Sveceny-orez-900x478.jpg\" sizes=\"auto, (max-width: 900px) 100vw, 900px\" srcset=\"https:\/\/www.automakers.cz\/wp-content\/uploads\/2025\/08\/Dobris-Festival-hudby-Sveceny-orez-900x478.jpg 900w, https:\/\/www.automakers.cz\/wp-content\/uploads\/2025\/08\/Dobris-Festival-hudby-Sveceny-orez-1024x544.jpg 1024w, https:\/\/www.automakers.cz\/wp-content\/uploads\/2025\/08\/Dobris-Festival-hudby-Sveceny-orez-768x408.jpg 768w, https:\/\/www.automakers.cz\/wp-content\/uploads\/2025\/08\/Dobris-Festival-hudby-Sveceny-orez-1536x816.jpg 1536w, https:\/\/www.automakers.cz\/wp-content\/uploads\/2025\/08\/Dobris-Festival-hudby-Sveceny-orez.jpg 1893w\" alt=\"\" width=\"900\" height=\"478\" \/>Hosty akce p\u0159iv\u00edtal majitel Dob\u0159\u00ed\u0161e,<strong>\u00a0kn\u00ed\u017ee Coloredo Mansfeld,<\/strong>\u00a0z\u00e1\u0161titu poskytla hejtmanka St\u0159edo\u010desk\u00e9ho kraje\u00a0<strong>Petra Peckov\u00e1.<\/strong><\/p>\n<p><strong>Erich Handl, Z\u00e1mek Dob\u0159\u00ed\u0161, FOTO: autor a V\u011bra Handlov\u00e1<\/strong><\/p>\n<p><strong>Na prvn\u00edm n\u00e1dvo\u0159\u00ed jsme potkali \u0159editelku zna\u010dky DS Martinu Bedrnovou<\/strong><\/p>\n<p><img loading=\"lazy\" decoding=\"async\" class=\"alignnone size-medium wp-image-15322\" src=\"http:\/\/www.automakers.cz\/wp-content\/uploads\/2025\/08\/DS-Erich-Bedrnova-orez-900x556.jpg\" sizes=\"auto, (max-width: 900px) 100vw, 900px\" srcset=\"https:\/\/www.automakers.cz\/wp-content\/uploads\/2025\/08\/DS-Erich-Bedrnova-orez-900x556.jpg 900w, https:\/\/www.automakers.cz\/wp-content\/uploads\/2025\/08\/DS-Erich-Bedrnova-orez-1024x632.jpg 1024w, https:\/\/www.automakers.cz\/wp-content\/uploads\/2025\/08\/DS-Erich-Bedrnova-orez-768x474.jpg 768w, https:\/\/www.automakers.cz\/wp-content\/uploads\/2025\/08\/DS-Erich-Bedrnova-orez-1536x948.jpg 1536w, https:\/\/www.automakers.cz\/wp-content\/uploads\/2025\/08\/DS-Erich-Bedrnova-orez.jpg 1693w\" alt=\"\" width=\"900\" height=\"556\" \/><\/p>\n<p>&nbsp;<\/p>\n","protected":false},"excerpt":{"rendered":"<p>Francouzsk\u00e1 zna\u010dka DS letos op\u011bt pokra\u010duje ve spolupr\u00e1ci s houslistou Jaroslavem Sv\u011bcen\u00fdm. Modely se tak&#8230;<\/p>\n","protected":false},"author":1,"featured_media":1154,"comment_status":"open","ping_status":"open","sticky":false,"template":"","format":"standard","meta":{"footnotes":""},"categories":[14,39],"tags":[],"class_list":["post-1153","post","type-post","status-publish","format-standard","has-post-thumbnail","hentry","category-eventy","category-sponzoring"],"_links":{"self":[{"href":"https:\/\/www.klubmn.cz\/index.php?rest_route=\/wp\/v2\/posts\/1153","targetHints":{"allow":["GET"]}}],"collection":[{"href":"https:\/\/www.klubmn.cz\/index.php?rest_route=\/wp\/v2\/posts"}],"about":[{"href":"https:\/\/www.klubmn.cz\/index.php?rest_route=\/wp\/v2\/types\/post"}],"author":[{"embeddable":true,"href":"https:\/\/www.klubmn.cz\/index.php?rest_route=\/wp\/v2\/users\/1"}],"replies":[{"embeddable":true,"href":"https:\/\/www.klubmn.cz\/index.php?rest_route=%2Fwp%2Fv2%2Fcomments&post=1153"}],"version-history":[{"count":2,"href":"https:\/\/www.klubmn.cz\/index.php?rest_route=\/wp\/v2\/posts\/1153\/revisions"}],"predecessor-version":[{"id":1156,"href":"https:\/\/www.klubmn.cz\/index.php?rest_route=\/wp\/v2\/posts\/1153\/revisions\/1156"}],"wp:featuredmedia":[{"embeddable":true,"href":"https:\/\/www.klubmn.cz\/index.php?rest_route=\/wp\/v2\/media\/1154"}],"wp:attachment":[{"href":"https:\/\/www.klubmn.cz\/index.php?rest_route=%2Fwp%2Fv2%2Fmedia&parent=1153"}],"wp:term":[{"taxonomy":"category","embeddable":true,"href":"https:\/\/www.klubmn.cz\/index.php?rest_route=%2Fwp%2Fv2%2Fcategories&post=1153"},{"taxonomy":"post_tag","embeddable":true,"href":"https:\/\/www.klubmn.cz\/index.php?rest_route=%2Fwp%2Fv2%2Ftags&post=1153"}],"curies":[{"name":"wp","href":"https:\/\/api.w.org\/{rel}","templated":true}]}}