{"id":1168,"date":"2025-08-20T14:29:57","date_gmt":"2025-08-20T14:29:57","guid":{"rendered":"https:\/\/www.klubmn.cz\/?p=1168"},"modified":"2025-08-20T14:29:57","modified_gmt":"2025-08-20T14:29:57","slug":"tiskovym-mluvcim-woltu-je-tomas-kubik","status":"publish","type":"post","link":"https:\/\/www.klubmn.cz\/?p=1168","title":{"rendered":"Tiskov\u00fdm mluv\u010d\u00edm Woltu je Tom\u00e1\u0161 Kub\u00edk"},"content":{"rendered":"<p><strong>Nov\u00fdm tiskov\u00fdm mluv\u010d\u00edm slu\u017eby Wolt pro \u010cesko a Slovensko se stal Tom\u00e1\u0161 Kub\u00edk. V minulosti pracoval jako tiskov\u00fd mluv\u010d\u00ed obchodn\u00edho \u0159et\u011bzce Penny pro \u010cesko a tak\u00e9 jako PR mana\u017eer ve \u0160kod\u011b Auto, p\u00ed\u0161e port\u00e1l mediar.cz.<\/strong><span id=\"more-15607\"><\/span><!--more--><\/p>\n<p>V\u00a0minulosti tak\u00e9 p\u016fsobil jako mana\u017eer komunikace v\u00a0automobilce\u00a0<em><strong>\u0160koda<\/strong><\/em>\u00a0a\u00a0zku\u0161enosti \u010derpal i\u00a0v\u00a0agenturn\u00edm prost\u0159ed\u00ed ve\u00a0<em><strong>FleishmanHillard<\/strong><\/em>, kde t\u0159i roky p\u016fsobil jako account manager. Vystudoval marketingovou komunikaci na Vysok\u00e9 \u0161kole finan\u010dn\u00ed a\u00a0spr\u00e1vn\u00ed a\u00a0politologii na Masarykov\u011b univerzit\u011b v\u00a0Brn\u011b.<\/p>\n<p class=\"pre-finish\">Ve Woltu bude<strong> Tom\u00e1\u0161 Kub\u00edk<\/strong> zodpov\u011bdn\u00fd za veden\u00ed komunikace na \u010desk\u00e9m i\u00a0slovensk\u00e9m trhu. Soust\u0159edit se bude na posilov\u00e1n\u00ed vztah\u016f s\u00a0m\u00e9dii, komunika\u010dn\u00ed podporu byznysov\u00fdch t\u00e9mat i\u00a0profilaci zna\u010dky v\u00a0oblasti m\u011bstsk\u00e9 logistiky, udr\u017eitelnosti nebo z\u00e1kaznick\u00e9 zku\u0161enosti.<\/p>\n<p><strong>Zdroj: mediar.cz<\/strong><\/p>\n","protected":false},"excerpt":{"rendered":"<p>Nov\u00fdm tiskov\u00fdm mluv\u010d\u00edm slu\u017eby Wolt pro \u010cesko a Slovensko se stal Tom\u00e1\u0161 Kub\u00edk. V minulosti&#8230;<\/p>\n","protected":false},"author":1,"featured_media":1169,"comment_status":"open","ping_status":"open","sticky":false,"template":"","format":"standard","meta":{"footnotes":""},"categories":[11,19],"tags":[],"class_list":["post-1168","post","type-post","status-publish","format-standard","has-post-thumbnail","hentry","category-personalie","category-pr"],"_links":{"self":[{"href":"https:\/\/www.klubmn.cz\/index.php?rest_route=\/wp\/v2\/posts\/1168","targetHints":{"allow":["GET"]}}],"collection":[{"href":"https:\/\/www.klubmn.cz\/index.php?rest_route=\/wp\/v2\/posts"}],"about":[{"href":"https:\/\/www.klubmn.cz\/index.php?rest_route=\/wp\/v2\/types\/post"}],"author":[{"embeddable":true,"href":"https:\/\/www.klubmn.cz\/index.php?rest_route=\/wp\/v2\/users\/1"}],"replies":[{"embeddable":true,"href":"https:\/\/www.klubmn.cz\/index.php?rest_route=%2Fwp%2Fv2%2Fcomments&post=1168"}],"version-history":[{"count":2,"href":"https:\/\/www.klubmn.cz\/index.php?rest_route=\/wp\/v2\/posts\/1168\/revisions"}],"predecessor-version":[{"id":1171,"href":"https:\/\/www.klubmn.cz\/index.php?rest_route=\/wp\/v2\/posts\/1168\/revisions\/1171"}],"wp:featuredmedia":[{"embeddable":true,"href":"https:\/\/www.klubmn.cz\/index.php?rest_route=\/wp\/v2\/media\/1169"}],"wp:attachment":[{"href":"https:\/\/www.klubmn.cz\/index.php?rest_route=%2Fwp%2Fv2%2Fmedia&parent=1168"}],"wp:term":[{"taxonomy":"category","embeddable":true,"href":"https:\/\/www.klubmn.cz\/index.php?rest_route=%2Fwp%2Fv2%2Fcategories&post=1168"},{"taxonomy":"post_tag","embeddable":true,"href":"https:\/\/www.klubmn.cz\/index.php?rest_route=%2Fwp%2Fv2%2Ftags&post=1168"}],"curies":[{"name":"wp","href":"https:\/\/api.w.org\/{rel}","templated":true}]}}