{"id":1179,"date":"2025-08-26T09:59:55","date_gmt":"2025-08-26T09:59:55","guid":{"rendered":"https:\/\/www.klubmn.cz\/?p=1179"},"modified":"2025-08-26T09:59:55","modified_gmt":"2025-08-26T09:59:55","slug":"e-on-otevrel-nabijeci-hub-kaufland-caslav","status":"publish","type":"post","link":"https:\/\/www.klubmn.cz\/?p=1179","title":{"rendered":"E.ON otev\u0159el nab\u00edjec\u00ed hub Kaufland \u010c\u00e1slav"},"content":{"rendered":"<p><strong>Obchodn\u00ed d\u016fm Kaufland v \u010c\u00e1slavi se stal d\u011bji\u0161t\u011bm slavnostn\u00edho otev\u0159en\u00ed nov\u00e9ho dob\u00edjec\u00edho hubu pro elektromobily, kter\u00fd definuje nov\u00fd standard ve\u0159ejn\u00e9ho dob\u00edjen\u00ed v tomto regionu.<\/strong><span id=\"more-15763\"><\/span><!--more--><\/p>\n<p>Ud\u00e1lost symbolicky p\u0159ipomn\u011bla dva roky spolupr\u00e1ce spole\u010dnost\u00ed<strong> E.ON a Kaufland \u010cesk\u00e1 republika<\/strong> na rozvoji ve\u0159ejn\u00e9 dob\u00edjec\u00ed s\u00edt\u011b, kter\u00e1 je dnes jedn\u00edm z\u00a0nejv\u011bt\u0161\u00edch projekt\u016f sv\u00e9ho druhu v \u010cesku. Z\u00e1rove\u0148 byly p\u0159edstaveny pl\u00e1ny dal\u0161\u00edho roz\u0161i\u0159ov\u00e1n\u00ed t\u00e9to infrastruktury.<\/p>\n<p>V r\u00e1mci spolupr\u00e1ce pl\u00e1nuje spole\u010dnost E.ON u prodejen Kaufland vybudovat celkem <strong>v\u00edce ne\u017e 120\u00a0dob\u00edjec\u00edch hub\u016f<\/strong> vyu\u017e\u00edvaj\u00edc\u00edch v\u00fdhradn\u011b energii z\u00a0obnoviteln\u00fdch zdroj\u016f. D\u00edky tomuto rozsahu i\u00a0technologick\u00e9 p\u0159ipravenosti pat\u0159\u00ed projekt k\u00a0nejambici\u00f3zn\u011bj\u0161\u00edm iniciativ\u00e1m v oblasti elektromobility ve st\u0159edn\u00ed Evrop\u011b.<\/p>\n<p><strong>Nov\u00fd hub u obchodn\u00edho domu Kaufland v\u00a0\u010c\u00e1slavi<\/strong> reaguje na dlouhodob\u011b chyb\u011bj\u00edc\u00ed infrastrukturu pro rychl\u00e9 ve\u0159ejn\u00e9 dob\u00edjen\u00ed v\u00a0regionu \u2013 dosud zde nebyla dostupn\u00e1 \u017e\u00e1dn\u00e1 stanice s v\u00fdkonem nad 50 kW. V\u00a0\u010c\u00e1slavi byly t\u00edmto zprovozn\u011bny 4 dob\u00edjec\u00ed stanice s v\u00fdkony 50 a\u017e 300 kW, kter\u00e9 obslou\u017e\u00ed najednou a\u017e 8 elektromobil\u016f. Dal\u0161\u00ed \u010dty\u0159i dob\u00edjec\u00ed body jsou p\u0159ipraveny k budouc\u00edmu osazen\u00ed. Celkov\u00e1 investice \u010dinila v\u00edce ne\u017e 10 milion\u016f korun, p\u0159i\u010dem\u017e ji pln\u011b financovala spole\u010dnost E.ON.<\/p>\n<p><strong>Technologick\u00fd miln\u00edk pro maloobchodn\u00ed sektor<\/strong><\/p>\n<p>Dob\u00edjec\u00ed hub v \u010c\u00e1slavi je v\u016fbec prvn\u00ed s\u00a0takto velk\u00fdm dob\u00edjec\u00edm v\u00fdkonem u obchodn\u00edch dom\u016f Kaufland v\u00a0tomto regionu. \u010cty\u0159i dob\u00edjec\u00ed stanice zde dohromady nab\u00eddnou v\u00fdkon a\u017e 600 kW a umo\u017e\u0148uj\u00ed \u0161k\u00e1lu dob\u00edjen\u00ed od klasick\u00fdch 50 kW a\u017e po ultrarychl\u00e9 stanice s v\u00fdkonem 200 a 300 kW. Z\u00e1kazn\u00edci tak mohou v ide\u00e1ln\u00edch podm\u00ednk\u00e1ch dob\u00edt elektromobil t\u00e9m\u011b\u0159 na plnou kapacitu u\u017e za 15 minut. Samotn\u00e1 v\u00fdstavba trvala kv\u016fli n\u00e1ro\u010dn\u00e9mu procesu p\u0159ipojen\u00ed k vysokonap\u011b\u0165ov\u00e9 s\u00edti t\u00e9m\u011b\u0159 dva roky, nicm\u00e9n\u011b realizace na m\u00edst\u011b pak prob\u011bhla mimo\u0159\u00e1dn\u011b hladce. Tento projekt se st\u00e1v\u00e1 modelem pro dal\u0161\u00ed podobn\u00e9 huby, kter\u00e9 budou vznikat u prodejen Kaufland nap\u0159\u00ed\u010d \u010ceskem \u2013 v\u0161ude tam, kde to technick\u00e9 podm\u00ednky dovol\u00ed.<\/p>\n<p><em>\u201eNa\u0161e spolupr\u00e1ce s Kauflandem je sv\u00fdm rozsahem v \u010cesku v\u00fdjime\u010dn\u00fdm projektem, kter\u00fd v\u00fdrazn\u011b posouv\u00e1 mo\u017enosti ve\u0159ejn\u00e9ho dob\u00edjen\u00ed. Na\u0161e data ukazuj\u00ed, \u017ee kombinace dob\u00edjen\u00ed a n\u00e1kup\u016f je pro \u0159idi\u010de jednou z nejv\u00fdhodn\u011bj\u0161\u00edch a dob\u00edje\u010dky u obchodn\u00edch dom\u016f maj\u00ed vy\u0161\u0161\u00ed vyt\u00ed\u017een\u00ed ne\u017e jin\u00e9 dob\u00edjec\u00ed stanice. Z\u00e1rove\u0148 d\u00edky t\u00e9to spolupr\u00e1ci roz\u0161i\u0159ujeme mo\u017enosti dob\u00edjen\u00ed i do lokalit, kde dosud chyb\u011blo. Pr\u00e1v\u011b \u010c\u00e1slav je toho p\u0159\u00edkladem,\u201c<\/em>\u00a0\u0159\u00edk\u00e1 <strong>Martin Kl\u00edma, jednatel spole\u010dnosti E.ON Drive Infrastructure<\/strong>, kter\u00e1 v r\u00e1mci skupiny E.ON stav\u00ed a spravuje ve\u0159ejnou dob\u00edjec\u00ed s\u00ed\u0165.<\/p>\n<p>V\u00fdsledkem spolupr\u00e1ce, kter\u00e1 za\u010dala v roce 2023, jsou dob\u00edjec\u00ed stanice na 11 lokalit\u00e1ch s 36 dob\u00edjec\u00edmi body. B\u011bhem pouh\u00e9ho roku a p\u016fl zde \u0159idi\u010di odebrali 500 MWh energie z obnoviteln\u00fdch zdroj\u016f \u2013 tolik, kolik za rok spot\u0159ebuje 166 pr\u016fm\u011brn\u00fdch \u010desk\u00fdch dom\u00e1cnost\u00ed. V pr\u016fm\u011bru zde lid\u00e9 str\u00e1v\u00ed dob\u00edjen\u00edm 30\u00a0minut, p\u0159i\u010dem\u017e nejd\u00e9le nab\u00edjej\u00ed v Kol\u00edn\u011b (a\u017e 70 minut) a nejrychleji v Lovosic\u00edch (28 minut). Nejvyt\u00ed\u017een\u011bj\u0161\u00ed lokalitou jsou Teplice, kde denn\u011b dob\u00edj\u00ed v pr\u016fm\u011bru 5 \u0159idi\u010d\u016f.<em>\u00a0<\/em>Nej\u010dast\u011bji na dob\u00edje\u010dk\u00e1ch dob\u00edj\u00ed automobily \u0160koda Enyaq.<\/p>\n<p><strong>Dob\u00edjen\u00ed p\u0159i n\u00e1kupu jako nov\u00fd standard mobility <\/strong><\/p>\n<p>Podle Andrease Voigta, \u010dlena veden\u00ed spole\u010dnosti Kaufland, je c\u00edlem nab\u00eddnout z\u00e1kazn\u00edk\u016fm vysok\u00fd standard slu\u017eeb a z\u00e1rove\u0148 p\u0159isp\u011bt k udr\u017eiteln\u011bj\u0161\u00ed doprav\u011b: <em>\u201eD\u00edky spolupr\u00e1ci s E.ON m\u016f\u017eeme postupn\u011b nab\u00eddnout z\u00e1kazn\u00edk\u016fm udr\u017eitelnou a pohodlnou mo\u017enost dob\u00edjen\u00ed p\u0159\u00edmo u na\u0161ich prodejen. To, \u017ee dob\u00edjen\u00ed kombinuj\u00ed s n\u00e1kupem, d\u00e1v\u00e1 cel\u00e9 infrastruktu\u0159e smysl a p\u0159idanou hodnotu.\u201c<\/em><\/p>\n<p>Do konce roku 2027 budou dob\u00edjec\u00ed huby u prodejen Kaufland instalov\u00e1ny v\u0161ude tam, kde je to technicky mo\u017en\u00e9. V\u0161echny stanice budou vybaven\u00e9 platebn\u00edmi termin\u00e1ly, p\u0159\u00edstupn\u00e9 24\/7 a\u00a0uzp\u016fsoben\u00e9 i pro hendikepovan\u00e9 \u0159idi\u010de.<\/p>\n<p>\u010c\u00e1slavsk\u00fd hub je prvn\u00ed v nov\u00e9 generaci dob\u00edjec\u00edch center, kter\u00e1 nab\u00eddnou ultrarychl\u00e9 nab\u00edjen\u00ed, vysokou kapacitu a \u0161k\u00e1lovatelnost podle popt\u00e1vky. Do budoucna vzniknou podobn\u00e9 huby u v\u00edce ne\u017e 100\u00a0prodejen Kaufland po cel\u00e9 \u010cesk\u00e9 republice.<\/p>\n<p><strong>Kaufland v \u010cesku<\/strong><\/p>\n<p>Kaufland \u010cesk\u00e1 republika je sou\u010d\u00e1st\u00ed n\u011bmeck\u00e9 obchodn\u00ed skupiny Schwarz. Na \u010desk\u00fd trh vstoupil v roce 1998 a v sou\u010dasn\u00e9 dob\u011b zde provozuje 145 prodejen, dv\u011b logistick\u00e1 centra a vlastn\u00ed masoz\u00e1vod. V \u010cesk\u00e9 republice zam\u011bstn\u00e1v\u00e1 p\u0159ibli\u017en\u011b 27 000 lid\u00ed. Krom\u011b \u010cesk\u00e9 republiky p\u016fsob\u00ed Kaufland v dal\u0161\u00edch sedmi zem\u00edch: v N\u011bmecku, na Slovensku, v Polsku, Chorvatsku, Rumunsku, Bulharsku a Moldavsku. Celkem provozuje v\u00edce ne\u017e 1 450 prodejen, masoz\u00e1vody a logistick\u00e1 \u010di distribu\u010dn\u00ed centra. Zam\u011bstn\u00e1v\u00e1 v\u00edce ne\u017e 150 000 lid\u00ed. V\u00edce informac\u00ed najdete na <a href=\"https:\/\/protect-eu.mimecast.com\/s\/s1IACGYj6HW7RWxnHKKbeO?domain=prodejny.kaufland.cz\/\"><u>prodejny.kaufland.cz<\/u><\/a>.<\/p>\n<p><strong>O spole\u010dnosti E.ON Drive Infrastructure<\/strong><\/p>\n<p>E.ON Drive Infrastructure (EDRI) je sou\u010d\u00e1st\u00ed koncernu E.ON SE a p\u0159edn\u00edm provozovatelem dob\u00edjec\u00edch bod\u016f na celoevropsk\u00e9m trhu. EDRI buduje, vlastn\u00ed a provozuje ve\u0159ejnou dob\u00edjec\u00ed infrastrukturu pro v\u0161echny typy elektrick\u00fdch vozidel. Aktu\u00e1ln\u011b provozuje v\u00edce ne\u017e 7 000 ve\u0159ejn\u00fdch dob\u00edjec\u00edch bod\u016f v\u00a010\u00a0evropsk\u00fdch zem\u00edch: ve \u0160v\u00e9dsku, D\u00e1nsku, N\u011bmecku, Polsku, Velk\u00e9 Brit\u00e1nii, \u010cesk\u00e9 republice, It\u00e1lii, Ma\u010farsku, Nizozemsku a Rumunsku. V\u00edce informac\u00ed naleznete na <a href=\"http:\/\/www.edri.com\"><u>www.edri.com<\/u><\/a>. V\u00a0\u010cesk\u00e9 republice m\u00e1 s\u00ed\u0165 E.ON Drive p\u0159es 660 dob\u00edjec\u00edch bod\u016f ve v\u00edce ne\u017e 220 lokalit\u00e1ch.<\/p>\n<p><strong>Erich Handl, \u010c\u00e1slav<\/strong><\/p>\n<p><img loading=\"lazy\" decoding=\"async\" class=\"alignnone size-medium wp-image-1181\" src=\"http:\/\/www.klubmn.cz\/wp-content\/uploads\/2025\/08\/Kaufland_E.ON_Caslav_image-V-300x200.jpg\" alt=\"\" width=\"300\" height=\"200\" \/><\/p>\n<div class=\"heateor_sss_sharing_container heateor_sss_vertical_sharing heateor_sss_bottom_sharing\" data-heateor-sss-href=\"https:\/\/www.automakers.cz\/?p=15763\"><\/div>\n","protected":false},"excerpt":{"rendered":"<p>Obchodn\u00ed d\u016fm Kaufland v \u010c\u00e1slavi se stal d\u011bji\u0161t\u011bm slavnostn\u00edho otev\u0159en\u00ed nov\u00e9ho dob\u00edjec\u00edho hubu pro elektromobily,&#8230;<\/p>\n","protected":false},"author":1,"featured_media":1180,"comment_status":"open","ping_status":"open","sticky":false,"template":"","format":"standard","meta":{"footnotes":""},"categories":[45,17,36,2],"tags":[],"class_list":["post-1179","post","type-post","status-publish","format-standard","has-post-thumbnail","hentry","category-doprava","category-elektromobily","category-technologie","category-tiskovky"],"_links":{"self":[{"href":"https:\/\/www.klubmn.cz\/index.php?rest_route=\/wp\/v2\/posts\/1179","targetHints":{"allow":["GET"]}}],"collection":[{"href":"https:\/\/www.klubmn.cz\/index.php?rest_route=\/wp\/v2\/posts"}],"about":[{"href":"https:\/\/www.klubmn.cz\/index.php?rest_route=\/wp\/v2\/types\/post"}],"author":[{"embeddable":true,"href":"https:\/\/www.klubmn.cz\/index.php?rest_route=\/wp\/v2\/users\/1"}],"replies":[{"embeddable":true,"href":"https:\/\/www.klubmn.cz\/index.php?rest_route=%2Fwp%2Fv2%2Fcomments&post=1179"}],"version-history":[{"count":1,"href":"https:\/\/www.klubmn.cz\/index.php?rest_route=\/wp\/v2\/posts\/1179\/revisions"}],"predecessor-version":[{"id":1182,"href":"https:\/\/www.klubmn.cz\/index.php?rest_route=\/wp\/v2\/posts\/1179\/revisions\/1182"}],"wp:featuredmedia":[{"embeddable":true,"href":"https:\/\/www.klubmn.cz\/index.php?rest_route=\/wp\/v2\/media\/1180"}],"wp:attachment":[{"href":"https:\/\/www.klubmn.cz\/index.php?rest_route=%2Fwp%2Fv2%2Fmedia&parent=1179"}],"wp:term":[{"taxonomy":"category","embeddable":true,"href":"https:\/\/www.klubmn.cz\/index.php?rest_route=%2Fwp%2Fv2%2Fcategories&post=1179"},{"taxonomy":"post_tag","embeddable":true,"href":"https:\/\/www.klubmn.cz\/index.php?rest_route=%2Fwp%2Fv2%2Ftags&post=1179"}],"curies":[{"name":"wp","href":"https:\/\/api.w.org\/{rel}","templated":true}]}}