{"id":118,"date":"2023-12-18T10:02:01","date_gmt":"2023-12-18T10:02:01","guid":{"rendered":"https:\/\/www.klubmn.cz\/?p=118"},"modified":"2023-12-18T15:02:25","modified_gmt":"2023-12-18T15:02:25","slug":"jan-parizek-odchazi-z-volkswagen-fs","status":"publish","type":"post","link":"https:\/\/www.klubmn.cz\/?p=118","title":{"rendered":"Jan Pa\u0159\u00edzek odch\u00e1z\u00ed z Volkswagen FS"},"content":{"rendered":"<p><strong>Ve Volkswagen Financial Services se budou v lednu m\u011bnit mana\u017ee\u0159i. Z firmy odch\u00e1z\u00ed fleeta\u0159 Jan Pa\u0159\u00edzek, v lednu se objev\u00ed u jin\u00e9 koncernov\u00e9 zna\u010dky. Na pozici ho nahrad\u00ed dosavadn\u00ed brand mana\u017eer firmy.<\/strong><span id=\"more-980\"><\/span><!--more--><\/p>\n<p>Pa\u0159\u00edzek nastoupil na pozici \u0159editele odd\u011blen\u00ed Fleet a remarketing ve\u00a0<a href=\"https:\/\/www.kurzy.cz\/akcie-cz\/akcie\/volkswagen-ag-3657\/\">Volkswagen<\/a>\u00a0Financial Services 15. \u0159\u00edjna 2018. P\u0159ed n\u00e1stupem do\u00a0<a href=\"https:\/\/www.kurzy.cz\/akcie-cz\/akcie\/volkswagen-ag-3657\/\">Volkswagen<\/a>\u00a0Financial Services pracoval pro automobilov\u00fd koncern\u00a0<a href=\"https:\/\/www.kurzy.cz\/akcie-nemecko\/daimler-7034\/\">Daimler<\/a>.\u00a0 Zde postupn\u011b pro\u0161el pozicemi\u00a0<a href=\"https:\/\/www.kurzy.cz\/akcie-usa\/keycorp-7112\/\">Key<\/a>\u00a0Account Manager a Team Leader.<\/p>\n<p>V roce 2007 se stal Head mana\u017eerem pro Sales and <a href=\"https:\/\/www.kurzy.cz\/investice\/marketing\/\">Marketing<\/a>. M\u011bl na starosti t\u00fdm dvaceti\u00a0<a href=\"https:\/\/www.kurzy.cz\/hodnoty\/zamestnanec\/\">zam\u011bstnanc\u016f<\/a>, \u0159\u00eddil byznysovou a marketingovou strategii pro osobn\u00ed vozy, dod\u00e1vky, n\u00e1kladn\u00ed vozy a autobusy zna\u010dky\u00a0<a href=\"https:\/\/www.kurzy.cz\/akcie-nemecko\/daimler-7034\/\">Daimler<\/a>\u00a0v \u010cR.<\/p>\n<p><img loading=\"lazy\" decoding=\"async\" class=\"alignnone size-medium wp-image-985\" src=\"http:\/\/www.automakers.cz\/wp-content\/uploads\/2023\/12\/Parizek-Augustin-900x675.jpg\" sizes=\"auto, (max-width: 900px) 100vw, 900px\" srcset=\"https:\/\/www.automakers.cz\/wp-content\/uploads\/2023\/12\/Parizek-Augustin-900x675.jpg 900w, https:\/\/www.automakers.cz\/wp-content\/uploads\/2023\/12\/Parizek-Augustin-1024x768.jpg 1024w, https:\/\/www.automakers.cz\/wp-content\/uploads\/2023\/12\/Parizek-Augustin-768x576.jpg 768w, https:\/\/www.automakers.cz\/wp-content\/uploads\/2023\/12\/Parizek-Augustin-1536x1152.jpg 1536w, https:\/\/www.automakers.cz\/wp-content\/uploads\/2023\/12\/Parizek-Augustin.jpg 2040w\" alt=\"\" width=\"900\" height=\"675\" \/><\/p>\n<p><strong>Kam se nyn\u00ed p\u0159esouv\u00e1? \u201eV polovin\u011b ledna nastupuji na mana\u017eerskou pozici u zna\u010dky Porsche,\u201c \u0159ekl novin\u00e1\u0159\u016fm na bilan\u010dn\u00ed ve\u010de\u0159i Jan Pa\u0159\u00edzek. Z Radlic se nest\u011bhuje daleko, bude sed\u011bt v Butovic\u00edch.<\/strong><\/p>\n<p><strong>Na novou pozici se t\u011b\u0161\u00ed Ji\u0159\u00ed Ol\u0161a<\/strong><\/p>\n<p>Na \u017eidli fleeta\u0159e ve VWFS ho nahrad\u00ed dosavadn\u00ed <b>vedouc\u00ed dealersk\u00e9ho prodeje Volkswagen Financial Services<\/b> Ji\u0159\u00ed Ol\u0161a. Ten d\u0159\u00edve p\u016fsobil jako Area Sales Manager, kde se mimo jin\u00e9 v\u011bnoval strategick\u00e9mu rozvoji regionu v oblasti retailov\u00e9ho a fleetov\u00e9ho financov\u00e1n\u00ed. Na starosti m\u011bl tak\u00e9 \u010d\u00e1st pra\u017esk\u00fdch koncernov\u00fdch obchodn\u00edk\u016f (nap\u0159. Auto Jarov, Porsche Praha Prosek, NH Car, Tukas).<\/p>\n<p>Jako Brand Manager je dosud zodpov\u011bdn\u00fd za nab\u00eddku financov\u00e1n\u00ed zna\u010dek Volkswagen osobn\u00ed a u\u017eitkov\u00e9 vozy, spolupr\u00e1ci s\u00a0partnery, zaji\u0161\u0165ov\u00e1n\u00ed a \u0159\u00edzen\u00ed zdroj\u016f pro spole\u010dn\u00e9 aktivity, tvorbu marketingov\u00fdch akc\u00ed a p\u0159\u00edpravu zna\u010dkov\u00e9 marketingov\u00e9 komunikace.<\/p>\n<p><strong>Kdo nahrad\u00ed Ji\u0159\u00edho Ol\u0161u? Zat\u00edm nen\u00ed rozhodnuto.<\/strong><\/p>\n","protected":false},"excerpt":{"rendered":"<p>Ve Volkswagen Financial Services se budou v lednu m\u011bnit mana\u017ee\u0159i. Z firmy odch\u00e1z\u00ed fleeta\u0159 Jan&#8230;<\/p>\n","protected":false},"author":1,"featured_media":119,"comment_status":"open","ping_status":"open","sticky":false,"template":"","format":"standard","meta":{"footnotes":""},"categories":[11],"tags":[],"class_list":["post-118","post","type-post","status-publish","format-standard","has-post-thumbnail","hentry","category-personalie"],"_links":{"self":[{"href":"https:\/\/www.klubmn.cz\/index.php?rest_route=\/wp\/v2\/posts\/118","targetHints":{"allow":["GET"]}}],"collection":[{"href":"https:\/\/www.klubmn.cz\/index.php?rest_route=\/wp\/v2\/posts"}],"about":[{"href":"https:\/\/www.klubmn.cz\/index.php?rest_route=\/wp\/v2\/types\/post"}],"author":[{"embeddable":true,"href":"https:\/\/www.klubmn.cz\/index.php?rest_route=\/wp\/v2\/users\/1"}],"replies":[{"embeddable":true,"href":"https:\/\/www.klubmn.cz\/index.php?rest_route=%2Fwp%2Fv2%2Fcomments&post=118"}],"version-history":[{"count":2,"href":"https:\/\/www.klubmn.cz\/index.php?rest_route=\/wp\/v2\/posts\/118\/revisions"}],"predecessor-version":[{"id":121,"href":"https:\/\/www.klubmn.cz\/index.php?rest_route=\/wp\/v2\/posts\/118\/revisions\/121"}],"wp:featuredmedia":[{"embeddable":true,"href":"https:\/\/www.klubmn.cz\/index.php?rest_route=\/wp\/v2\/media\/119"}],"wp:attachment":[{"href":"https:\/\/www.klubmn.cz\/index.php?rest_route=%2Fwp%2Fv2%2Fmedia&parent=118"}],"wp:term":[{"taxonomy":"category","embeddable":true,"href":"https:\/\/www.klubmn.cz\/index.php?rest_route=%2Fwp%2Fv2%2Fcategories&post=118"},{"taxonomy":"post_tag","embeddable":true,"href":"https:\/\/www.klubmn.cz\/index.php?rest_route=%2Fwp%2Fv2%2Ftags&post=118"}],"curies":[{"name":"wp","href":"https:\/\/api.w.org\/{rel}","templated":true}]}}