{"id":1184,"date":"2025-08-27T10:45:45","date_gmt":"2025-08-27T10:45:45","guid":{"rendered":"https:\/\/www.klubmn.cz\/?p=1184"},"modified":"2025-08-27T10:45:45","modified_gmt":"2025-08-27T10:45:45","slug":"tv-prima-zahajila-podzimni-sezonu","status":"publish","type":"post","link":"https:\/\/www.klubmn.cz\/?p=1184","title":{"rendered":"TV Prima zah\u00e1jila podzimn\u00ed sezonu"},"content":{"rendered":"<p><strong>Televize Prima p\u0159edstavila na tiskov\u00e9 konferenci svoje podzimn\u00ed vys\u00edlac\u00ed sch\u00e9ma. Na obrazovce se za\u010d\u00ednaj\u00ed objevovat nov\u00e9 seri\u00e1ly i p\u0159edvolebn\u00ed publicistika. Motoristick\u00e9 po\u0159ady pojedou beze zm\u011bny. Nov\u011b se ve Zr\u00e1dc\u00edch objev\u00ed Toyota Land Cruiser.<\/strong><span id=\"more-15749\"><\/span><!--more--><\/p>\n<p>Podzim p\u0159inese <strong>nov\u00e9 seri\u00e1ly Polab\u00ed a Mlad\u00e1 krev<\/strong>, druhou \u0159adu detektivn\u00ed hry<strong> Zr\u00e1dci s Vojtou Kotkem<\/strong> nebo premi\u00e9rov\u00fdmi d\u00edly Ano, \u0161\u00e9fe! se Zde\u0148kem Pohlreichem. Zr\u00e1dci se dohodli na spolupr\u00e1ci s Toyotou a budou jezdit ve vozech <strong>Land Cruiser.<\/strong><\/p>\n<p><img loading=\"lazy\" decoding=\"async\" class=\"alignnone size-medium wp-image-15796\" src=\"http:\/\/www.automakers.cz\/wp-content\/uploads\/2025\/08\/Zradci_2-900x501.jpg\" sizes=\"auto, (max-width: 900px) 100vw, 900px\" srcset=\"https:\/\/www.automakers.cz\/wp-content\/uploads\/2025\/08\/Zradci_2-900x501.jpg 900w, https:\/\/www.automakers.cz\/wp-content\/uploads\/2025\/08\/Zradci_2-1024x570.jpg 1024w, https:\/\/www.automakers.cz\/wp-content\/uploads\/2025\/08\/Zradci_2-768x428.jpg 768w, https:\/\/www.automakers.cz\/wp-content\/uploads\/2025\/08\/Zradci_2.jpg 1280w\" alt=\"\" width=\"900\" height=\"501\" \/>Po letn\u00ed pauze se vr\u00e1t\u00ed i rodinn\u00e9 seri\u00e1ly <strong>Kamar\u00e1di a ZOO Nov\u00e9 za\u010d\u00e1tky<\/strong>. Chyb\u011bt nebudou ani st\u00e1lice jako M\u00e1me r\u00e1di \u010cesko, Prost\u0159eno! nebo talkshow 7 p\u00e1d\u016f Honzy D\u011bdka a Show Jana Krause \u010di \u010desk\u00e9 filmy. Kan\u00e1l CNN Prima News spust\u00ed ve druh\u00e9 polovin\u011b srpna p\u0159edvolebn\u00ed vys\u00edl\u00e1n\u00ed, informoval na tiskov\u00e9 konferenci ve star\u00e9 \u010dist\u00edrn\u011b odpadn\u00edch vod v Praze Buben\u010di gener\u00e1ln\u00ed \u0159editel skupiny Prima <strong>Marek Singer.<\/strong><\/p>\n<p>\u201ePodzimn\u00ed sez\u00f3na na Prim\u011b bude nabit\u00e1 exkluzivn\u00edmi novinkami, a\u0165 u\u017e jde o premi\u00e9rov\u00e9 seri\u00e1ly, z\u00e1bavn\u00e9 po\u0159ady nebo pokra\u010dov\u00e1n\u00ed obl\u00edben\u00fdch form\u00e1t\u016f. Vrcholem programu bude bezesporu nov\u00fd seri\u00e1l Polab\u00ed a druh\u00e1 s\u00e9rie Zr\u00e1dc\u016f, kter\u00e1 je je\u0161t\u011b nap\u00ednav\u011bj\u0161\u00ed a zr\u00e1dn\u011bj\u0161\u00ed. Nav\u00edc jsme si pro fanou\u0161ky p\u0159ipravili jedine\u010dn\u00fd z\u00e1\u017eitek v podob\u011b exkluzivn\u00edho prom\u00edt\u00e1n\u00ed ve vybran\u00fdch kinech. V\u011b\u0159te n\u00e1m \u2013 budete koukat,\u201c uvedl Marek Singer.<\/p>\n<p><img loading=\"lazy\" decoding=\"async\" class=\"alignnone size-medium wp-image-15816\" src=\"http:\/\/www.automakers.cz\/wp-content\/uploads\/2025\/08\/Prima-TK-podzim-2025-900x506.jpg\" sizes=\"auto, (max-width: 900px) 100vw, 900px\" srcset=\"https:\/\/www.automakers.cz\/wp-content\/uploads\/2025\/08\/Prima-TK-podzim-2025-900x506.jpg 900w, https:\/\/www.automakers.cz\/wp-content\/uploads\/2025\/08\/Prima-TK-podzim-2025-1024x576.jpg 1024w, https:\/\/www.automakers.cz\/wp-content\/uploads\/2025\/08\/Prima-TK-podzim-2025-768x432.jpg 768w, https:\/\/www.automakers.cz\/wp-content\/uploads\/2025\/08\/Prima-TK-podzim-2025-1536x864.jpg 1536w, https:\/\/www.automakers.cz\/wp-content\/uploads\/2025\/08\/Prima-TK-podzim-2025-1280x720.jpg 1280w, https:\/\/www.automakers.cz\/wp-content\/uploads\/2025\/08\/Prima-TK-podzim-2025.jpg 2048w\" alt=\"\" width=\"900\" height=\"506\" \/><strong>Nov\u00e9 programy<\/strong> nab\u00eddnou tak\u00e9 tematick\u00e9 kan\u00e1ly skupiny Prima, kam pat\u0159\u00ed Prima Max, Prima Cool, Prima Krimi, Prima Star, Prima Love, Prima Zoom nebo Prima Show.<\/p>\n<p>Zpravodajsk\u00fd kan\u00e1l CNN Prima News odstartuje p\u0159edvolebn\u00ed vys\u00edl\u00e1n\u00ed 17. srpna debatou 50 dn\u00ed do voleb v Partii Terezie Tom\u00e1nkov\u00e9. Hlavn\u00ed f\u00e1ze pak za\u010dne 1. z\u00e1\u0159\u00ed prvn\u00ed region\u00e1ln\u00ed debatou a vyvrchol\u00ed v\u00edkendov\u00fdm volebn\u00edm speci\u00e1lem 3. a 4. \u0159\u00edjna.<\/p>\n<p><strong>Erich Handl, Bubene\u010d<\/strong><\/p>\n<p><img loading=\"lazy\" decoding=\"async\" class=\"alignnone size-medium wp-image-15817\" src=\"http:\/\/www.automakers.cz\/wp-content\/uploads\/2025\/08\/Prima-Handl-Luca-900x506.jpg\" sizes=\"auto, (max-width: 900px) 100vw, 900px\" srcset=\"https:\/\/www.automakers.cz\/wp-content\/uploads\/2025\/08\/Prima-Handl-Luca-900x506.jpg 900w, https:\/\/www.automakers.cz\/wp-content\/uploads\/2025\/08\/Prima-Handl-Luca-1024x576.jpg 1024w, https:\/\/www.automakers.cz\/wp-content\/uploads\/2025\/08\/Prima-Handl-Luca-768x432.jpg 768w, https:\/\/www.automakers.cz\/wp-content\/uploads\/2025\/08\/Prima-Handl-Luca-1536x864.jpg 1536w, https:\/\/www.automakers.cz\/wp-content\/uploads\/2025\/08\/Prima-Handl-Luca-1280x720.jpg 1280w, https:\/\/www.automakers.cz\/wp-content\/uploads\/2025\/08\/Prima-Handl-Luca.jpg 2048w\" alt=\"\" width=\"900\" height=\"506\" \/><\/p>\n<div class=\"heateor_sss_sharing_container heateor_sss_vertical_sharing heateor_sss_bottom_sharing\" data-heateor-sss-href=\"https:\/\/www.automakers.cz\/?p=15749\">\n<div class=\"heateor_sss_sharing_ul\"><\/div>\n<\/div>\n<div class=\"heateor_sss_sharing_container heateor_sss_vertical_sharing heateor_sss_bottom_sharing\" data-heateor-sss-href=\"https:\/\/www.automakers.cz\/?p=15749\"><\/div>\n","protected":false},"excerpt":{"rendered":"<p>Televize Prima p\u0159edstavila na tiskov\u00e9 konferenci svoje podzimn\u00ed vys\u00edlac\u00ed sch\u00e9ma. Na obrazovce se za\u010d\u00ednaj\u00ed objevovat&#8230;<\/p>\n","protected":false},"author":1,"featured_media":1185,"comment_status":"open","ping_status":"open","sticky":false,"template":"","format":"standard","meta":{"footnotes":""},"categories":[33,20],"tags":[],"class_list":["post-1184","post","type-post","status-publish","format-standard","has-post-thumbnail","hentry","category-marketing","category-media"],"_links":{"self":[{"href":"https:\/\/www.klubmn.cz\/index.php?rest_route=\/wp\/v2\/posts\/1184","targetHints":{"allow":["GET"]}}],"collection":[{"href":"https:\/\/www.klubmn.cz\/index.php?rest_route=\/wp\/v2\/posts"}],"about":[{"href":"https:\/\/www.klubmn.cz\/index.php?rest_route=\/wp\/v2\/types\/post"}],"author":[{"embeddable":true,"href":"https:\/\/www.klubmn.cz\/index.php?rest_route=\/wp\/v2\/users\/1"}],"replies":[{"embeddable":true,"href":"https:\/\/www.klubmn.cz\/index.php?rest_route=%2Fwp%2Fv2%2Fcomments&post=1184"}],"version-history":[{"count":2,"href":"https:\/\/www.klubmn.cz\/index.php?rest_route=\/wp\/v2\/posts\/1184\/revisions"}],"predecessor-version":[{"id":1187,"href":"https:\/\/www.klubmn.cz\/index.php?rest_route=\/wp\/v2\/posts\/1184\/revisions\/1187"}],"wp:featuredmedia":[{"embeddable":true,"href":"https:\/\/www.klubmn.cz\/index.php?rest_route=\/wp\/v2\/media\/1185"}],"wp:attachment":[{"href":"https:\/\/www.klubmn.cz\/index.php?rest_route=%2Fwp%2Fv2%2Fmedia&parent=1184"}],"wp:term":[{"taxonomy":"category","embeddable":true,"href":"https:\/\/www.klubmn.cz\/index.php?rest_route=%2Fwp%2Fv2%2Fcategories&post=1184"},{"taxonomy":"post_tag","embeddable":true,"href":"https:\/\/www.klubmn.cz\/index.php?rest_route=%2Fwp%2Fv2%2Ftags&post=1184"}],"curies":[{"name":"wp","href":"https:\/\/api.w.org\/{rel}","templated":true}]}}