{"id":1192,"date":"2025-08-29T09:41:37","date_gmt":"2025-08-29T09:41:37","guid":{"rendered":"https:\/\/www.klubmn.cz\/?p=1192"},"modified":"2025-08-29T09:41:37","modified_gmt":"2025-08-29T09:41:37","slug":"zemrel-publicista-a-novinar-vlastislav-tuma","status":"publish","type":"post","link":"https:\/\/www.klubmn.cz\/?p=1192","title":{"rendered":"Zem\u0159el publicista a novin\u00e1\u0159 Vlastislav T\u016fma"},"content":{"rendered":"<p><strong>Po kr\u00e1tk\u00e9 t\u011b\u017ek\u00e9 nemoci zem\u0159el ve \u010dtvrtek 21. srpna motoristick\u00fd novin\u00e1\u0159 Ing. Vlastislav T\u016fma. Posledn\u00ed rozlou\u010den\u00ed se kon\u00e1 ve st\u0159edu 3. z\u00e1\u0159\u00ed, ve 12 hodin v bazilice sv. Petra a Pavla v Praze na Vy\u0161ehrad\u011b.<\/strong><span id=\"more-15757\"><\/span><!--more--><\/p>\n<p>Kdy\u017e jsme mu v dubnu p\u0159\u00e1li k jeho p\u011btaosmdes\u00e1tin\u00e1m, nikoho ani nenapadlo, \u017ee st\u00e1le se o d\u011bn\u00ed v bran\u017ei zaj\u00edmaj\u00edc\u00edmu Sl\u00e1vkovi zb\u00fdvaj\u00ed pouh\u00e9 \u010dty\u0159i m\u011bs\u00edce \u017eivota. Za p\u011bt desetilet\u00ed aktivn\u00ed publicistick\u00e9 \u010dinnosti napsal <strong>bezpo\u010det odborn\u00fdch \u010dl\u00e1nk\u016f,<\/strong> ale tak\u00e9 <strong>n\u011bkolik obl\u00edben\u00fdch knih<\/strong> zam\u011b\u0159en\u00fdch zejm\u00e9na na vozidla v\u00fdchodn\u00ed provenience.<\/p>\n<p>\u201eNejlep\u0161\u00ed l\u00e9ta\u201c sv\u00e9ho profesn\u00edho \u017eivota str\u00e1vil<strong> v redakci Sv\u011bta motor\u016f,<\/strong> po nich\u017e pracoval je\u0161t\u011b n\u011bkolik let jako homologa\u010dn\u00ed technik, aby se n\u00e1sledn\u011b v\u011bnoval op\u011bt publicistice. V Ing. T\u016fmovi ode\u0161el erudovan\u00fd technik, kter\u00fd u\u017e v sedmdes\u00e1t\u00fdch letech minul\u00e9ho stolet\u00ed pat\u0159il k velk\u00fdm propag\u00e1tor\u016fm elektromobil\u016f.<\/p>\n<p><strong>Karel Ber\u00e1nek<\/strong><\/p>\n","protected":false},"excerpt":{"rendered":"<p>Po kr\u00e1tk\u00e9 t\u011b\u017ek\u00e9 nemoci zem\u0159el ve \u010dtvrtek 21. srpna motoristick\u00fd novin\u00e1\u0159 Ing. Vlastislav T\u016fma. Posledn\u00ed&#8230;<\/p>\n","protected":false},"author":1,"featured_media":1193,"comment_status":"open","ping_status":"open","sticky":false,"template":"","format":"standard","meta":{"footnotes":""},"categories":[53,11],"tags":[],"class_list":["post-1192","post","type-post","status-publish","format-standard","has-post-thumbnail","hentry","category-nekrolog","category-personalie"],"_links":{"self":[{"href":"https:\/\/www.klubmn.cz\/index.php?rest_route=\/wp\/v2\/posts\/1192","targetHints":{"allow":["GET"]}}],"collection":[{"href":"https:\/\/www.klubmn.cz\/index.php?rest_route=\/wp\/v2\/posts"}],"about":[{"href":"https:\/\/www.klubmn.cz\/index.php?rest_route=\/wp\/v2\/types\/post"}],"author":[{"embeddable":true,"href":"https:\/\/www.klubmn.cz\/index.php?rest_route=\/wp\/v2\/users\/1"}],"replies":[{"embeddable":true,"href":"https:\/\/www.klubmn.cz\/index.php?rest_route=%2Fwp%2Fv2%2Fcomments&post=1192"}],"version-history":[{"count":1,"href":"https:\/\/www.klubmn.cz\/index.php?rest_route=\/wp\/v2\/posts\/1192\/revisions"}],"predecessor-version":[{"id":1194,"href":"https:\/\/www.klubmn.cz\/index.php?rest_route=\/wp\/v2\/posts\/1192\/revisions\/1194"}],"wp:featuredmedia":[{"embeddable":true,"href":"https:\/\/www.klubmn.cz\/index.php?rest_route=\/wp\/v2\/media\/1193"}],"wp:attachment":[{"href":"https:\/\/www.klubmn.cz\/index.php?rest_route=%2Fwp%2Fv2%2Fmedia&parent=1192"}],"wp:term":[{"taxonomy":"category","embeddable":true,"href":"https:\/\/www.klubmn.cz\/index.php?rest_route=%2Fwp%2Fv2%2Fcategories&post=1192"},{"taxonomy":"post_tag","embeddable":true,"href":"https:\/\/www.klubmn.cz\/index.php?rest_route=%2Fwp%2Fv2%2Ftags&post=1192"}],"curies":[{"name":"wp","href":"https:\/\/api.w.org\/{rel}","templated":true}]}}