{"id":122,"date":"2023-12-18T09:06:43","date_gmt":"2023-12-18T09:06:43","guid":{"rendered":"https:\/\/www.klubmn.cz\/?p=122"},"modified":"2023-12-18T15:06:56","modified_gmt":"2023-12-18T15:06:56","slug":"prazske-sluzby-predvedly-popelarsky-elektrovuz","status":"publish","type":"post","link":"https:\/\/www.klubmn.cz\/?p=122","title":{"rendered":"Pra\u017esk\u00e9 slu\u017eby p\u0159edvedly popel\u00e1\u0159sk\u00fd elektrov\u016fz"},"content":{"rendered":"<p><strong>Pra\u017esk\u00e9 slu\u017eby testuj\u00ed za siln\u00e9ho v\u011btru, sn\u011bhu i mrazu pln\u011b elektrick\u00fd Mercedes-Benz eActros 300 s n\u00e1stavbou Geesink pro sb\u011br odpadu. Do n\u011bkolika let m\u00e1 technika na bateriov\u00fd pohon tvo\u0159it drtivou v\u011bt\u0161inu vozov\u00e9ho parku spole\u010dnosti. <\/strong><span id=\"more-963\"><\/span><!--more--><\/p>\n<p>P\u0159echod na bateriov\u00fd pohon u men\u0161\u00ed techniky u\u017e prob\u00edh\u00e1, elektrifikace velk\u00fdch voz\u016f, nap\u0159\u00edklad popel\u00e1\u0159sk\u00fdch, v\u0161ak p\u0159edstavuje pro Pra\u017esk\u00e9 slu\u017eby samostatnou v\u00fdzvu.<\/p>\n<p><em>\u201eV tuto chv\u00edli se v\u00fdvoj posunul do t\u00e9 f\u00e1ze, kdy je mo\u017en\u00e9 o po\u0159\u00edzen\u00ed takov\u00e9ho auta re\u00e1ln\u011b uva\u017eovat. Testov\u00e1n\u00edm jsme zkoumali, jak\u00e9 mo\u017enosti trh nab\u00edz\u00ed, abychom pro hlavn\u00ed m\u011bsto vybrali to nejlep\u0161\u00ed. Samoz\u0159ejm\u011b a\u017e nastane \u010das. Zasn\u011b\u017een\u00e1 Praha a n\u00edzk\u00e9 teploty byly ide\u00e1ln\u00ed pro zat\u011b\u017ek\u00e1vac\u00ed zkou\u0161ku vozu i baterie,\u201d <\/em>\u0159\u00edk\u00e1 \u0159editel z\u00e1vodu odvozu a recyklace odpadu Zden\u011bk Pajk. Bezemisn\u00ed svoz sm\u011bsn\u00e9ho komun\u00e1ln\u00edho i t\u0159\u00edd\u011bn\u00e9ho odpadu je pro firmu jedn\u00edm z d\u016fle\u017eit\u00fdch t\u00e9mat.<\/p>\n<p><strong>Baterie sn\u00ed\u017e\u00ed hluk a zlep\u0161\u00ed pracovn\u00ed podm\u00ednky pro zam\u011bstnance<\/strong><\/p>\n<p>Testovan\u00fd Mercedes-Benz eActros 300 b\u00edl\u00e9 barvy s n\u00e1stavbou s automatick\u00fdm vykl\u00e1p\u011b\u010dem kontejner\u016f od nizozemsk\u00e9 firmy Geesink dok\u00e1\u017ee do sedmi vte\u0159in vysypat obsah popelnice o objemu 1100 litr\u016f. Do takov\u00fdch n\u00e1dob Pra\u017ean\u00e9 b\u011b\u017en\u011b vyhazuj\u00ed sm\u011bsn\u00fd komun\u00e1ln\u00ed i t\u0159\u00edd\u011bn\u00fd odpad.<\/p>\n<p><em>\u201eTestov\u00e1n\u00ed potvrzuje na\u0161i snahu plnit z\u00e1vazky plynouc\u00ed z Klimatick\u00e9ho pl\u00e1nu hl. m. Prahy 2020-30. Krom\u011b obyvatel a n\u00e1v\u0161t\u011bvn\u00edk\u016f m\u011bsta, ale mysl\u00edme i na sv\u00e9 zam\u011bstnance. D\u00edky elektrick\u00fdm popel\u00e1\u0159sk\u00fdm voz\u016fm nebude muset pos\u00e1dka v\u00a0budoucnu d\u00fdchat zplodiny z v\u00fdfuku, \u010d\u00edm\u017e se zlep\u0161\u00ed jejich pracovn\u00ed podm\u00ednky p\u0159i svozu,\u201d<\/em> zd\u016fraz\u0148uje tiskov\u00fd mluv\u010d\u00ed spole\u010dnosti Alexandr Komarnick\u00fd.<\/p>\n<p>Z elektrick\u00fdch popel\u00e1\u0159sk\u00fdch aut budou profitovat tak\u00e9 ob\u010dan\u00e9, narozd\u00edl od klasick\u00e9 techniky je provoz takzvan\u00fdch e-kuka\u010dek ti\u0161\u0161\u00ed, tak\u017ee klesne i hlukov\u00e1 z\u00e1t\u011b\u017e m\u011bsta.<\/p>\n","protected":false},"excerpt":{"rendered":"<p>Pra\u017esk\u00e9 slu\u017eby testuj\u00ed za siln\u00e9ho v\u011btru, sn\u011bhu i mrazu pln\u011b elektrick\u00fd Mercedes-Benz eActros 300 s&#8230;<\/p>\n","protected":false},"author":1,"featured_media":123,"comment_status":"open","ping_status":"open","sticky":false,"template":"","format":"standard","meta":{"footnotes":""},"categories":[17],"tags":[],"class_list":["post-122","post","type-post","status-publish","format-standard","has-post-thumbnail","hentry","category-elektromobily"],"_links":{"self":[{"href":"https:\/\/www.klubmn.cz\/index.php?rest_route=\/wp\/v2\/posts\/122","targetHints":{"allow":["GET"]}}],"collection":[{"href":"https:\/\/www.klubmn.cz\/index.php?rest_route=\/wp\/v2\/posts"}],"about":[{"href":"https:\/\/www.klubmn.cz\/index.php?rest_route=\/wp\/v2\/types\/post"}],"author":[{"embeddable":true,"href":"https:\/\/www.klubmn.cz\/index.php?rest_route=\/wp\/v2\/users\/1"}],"replies":[{"embeddable":true,"href":"https:\/\/www.klubmn.cz\/index.php?rest_route=%2Fwp%2Fv2%2Fcomments&post=122"}],"version-history":[{"count":1,"href":"https:\/\/www.klubmn.cz\/index.php?rest_route=\/wp\/v2\/posts\/122\/revisions"}],"predecessor-version":[{"id":124,"href":"https:\/\/www.klubmn.cz\/index.php?rest_route=\/wp\/v2\/posts\/122\/revisions\/124"}],"wp:featuredmedia":[{"embeddable":true,"href":"https:\/\/www.klubmn.cz\/index.php?rest_route=\/wp\/v2\/media\/123"}],"wp:attachment":[{"href":"https:\/\/www.klubmn.cz\/index.php?rest_route=%2Fwp%2Fv2%2Fmedia&parent=122"}],"wp:term":[{"taxonomy":"category","embeddable":true,"href":"https:\/\/www.klubmn.cz\/index.php?rest_route=%2Fwp%2Fv2%2Fcategories&post=122"},{"taxonomy":"post_tag","embeddable":true,"href":"https:\/\/www.klubmn.cz\/index.php?rest_route=%2Fwp%2Fv2%2Ftags&post=122"}],"curies":[{"name":"wp","href":"https:\/\/api.w.org\/{rel}","templated":true}]}}