{"id":1221,"date":"2025-09-12T10:18:34","date_gmt":"2025-09-12T10:18:34","guid":{"rendered":"https:\/\/www.klubmn.cz\/?p=1221"},"modified":"2025-09-12T10:18:34","modified_gmt":"2025-09-12T10:18:34","slug":"orbion-uvedl-na-trh-znacku-lynk-co","status":"publish","type":"post","link":"https:\/\/www.klubmn.cz\/?p=1221","title":{"rendered":"Orbion uvedl na trh zna\u010dku Lynk &#038; Co"},"content":{"rendered":"<p><strong>Zna\u010dka Lynk &amp; Co ozn\u00e1mila na tiskov\u00e9 konferenci v mnichovsk\u00e9m hotelu Koenigshof vstup na \u010desk\u00fd, rakousk\u00fd a \u0161v\u00fdcarsk\u00fd trh. St\u0159edem byznysu v \u010cR je strategick\u00e9 partnerstv\u00ed se skupinou Autorion, jej\u00ed\u017e sou\u010d\u00e1st\u00ed je spole\u010dnost Orbion Cars, kter\u00e1 bude v \u010cesku zna\u010dku Lynk &amp; Co zastupovat.<\/strong><span id=\"more-16259\"><\/span><!--more--><\/p>\n<p>V r\u00e1mci expanze na evropsk\u00e9 trhy vyu\u017e\u00edv\u00e1 Lynk &amp; Co spolupr\u00e1ci se spole\u010dnost\u00ed <strong>Volvo Cars<\/strong>. \u201eD\u00edky siln\u00fdm vztah\u016fm Volva na \u010desk\u00e9m trhu, osv\u011bd\u010den\u00e9 prodejn\u00ed s\u00edti a provozn\u00edm zku\u0161enostem z\u00edsk\u00e1v\u00e1 Lynk &amp; Co v\u00fdhody ze sd\u00edlen\u00e9 infrastruktury, jako je distribuce n\u00e1hradn\u00edch d\u00edl\u016f, a ze spole\u010dn\u00fdch p\u0159\u00edpravn\u00fdch aktivit \u2013 \u010d\u00edm\u017e pokl\u00e1d\u00e1 z\u00e1klady pro dlouhodob\u00fd \u00fasp\u011bch na \u010desk\u00e9m trhu,\u201c uvedla zna\u010dka.<\/p>\n<p>Do skupiny pat\u0159\u00ed tak\u00e9 spole\u010dnost Cardion Cars, nejv\u011bt\u0161\u00ed dealer voz\u016f Volvo v \u010cesku a respektovan\u00fd l\u00eddr v oblasti prodeje nov\u00fdch i z\u00e1novn\u00edch voz\u016f a autorizovan\u00e9ho servisu. <strong>Zcela nov\u00fd showroom Lynk &amp;<\/strong> Co vznik\u00e1 v budov\u011b s\u00eddla skupiny v \u010cestlic\u00edch u Prahy.<\/p>\n<p><img loading=\"lazy\" decoding=\"async\" class=\"alignnone size-full wp-image-16272\" src=\"http:\/\/www.automakers.cz\/wp-content\/uploads\/2025\/09\/Lynk-Co_showroom_Cestlice-e1757598492870.png\" alt=\"\" width=\"716\" height=\"474\" \/><\/p>\n<p>Do budoucna pl\u00e1nuje Lynk &amp; Co v p\u0159\u00edpad\u011b \u00fasp\u011b\u0161n\u00fdch prodej\u016f d\u00e1le posilovat sv\u00e9 zastoupen\u00ed na \u010desk\u00e9m trhu. Chce otev\u0159\u00edt druhou pra\u017eskou pobo\u010dku a<strong> roz\u0161\u00ed\u0159it svou p\u0159\u00edtomnost tak\u00e9 do Brna.<\/strong><\/p>\n<p><img loading=\"lazy\" decoding=\"async\" class=\"alignnone size-medium wp-image-16270\" src=\"http:\/\/www.automakers.cz\/wp-content\/uploads\/2025\/09\/Lynk-Mnichov-Koenigshof-orez-900x526.jpg\" sizes=\"auto, (max-width: 900px) 100vw, 900px\" srcset=\"https:\/\/www.automakers.cz\/wp-content\/uploads\/2025\/09\/Lynk-Mnichov-Koenigshof-orez-900x526.jpg 900w, https:\/\/www.automakers.cz\/wp-content\/uploads\/2025\/09\/Lynk-Mnichov-Koenigshof-orez-1024x599.jpg 1024w, https:\/\/www.automakers.cz\/wp-content\/uploads\/2025\/09\/Lynk-Mnichov-Koenigshof-orez-768x449.jpg 768w, https:\/\/www.automakers.cz\/wp-content\/uploads\/2025\/09\/Lynk-Mnichov-Koenigshof-orez-1536x898.jpg 1536w, https:\/\/www.automakers.cz\/wp-content\/uploads\/2025\/09\/Lynk-Mnichov-Koenigshof-orez.jpg 1834w\" alt=\"\" width=\"900\" height=\"526\" \/>\u201eSpole\u010dn\u011b s Orbion Cars jsme nad\u0161en\u00ed, \u017ee m\u016f\u017eeme p\u0159iv\u00e9st Lynk &amp; Co do \u010cesk\u00e9 republiky a propojit se s novou komunitou \u0159idi\u010d\u016f,\u201c uvedl <strong>Keith Sch\u00e4fer, viceprezident pro obchodn\u00ed operace ve spole\u010dnosti Lynk &amp; Co International<\/strong>. \u201eNejde jen o vstup na trh \u2013 je to pozv\u00e1n\u00ed pro \u010desk\u00e9 \u0159idi\u010de, aby za\u017eili nov\u00fd odv\u00e1\u017en\u00fd p\u0159\u00edstup k mobilit\u011b,\u201c dodal.<\/p>\n<p><strong>Modelov\u00e1 nab\u00eddka zna\u010dky<\/strong><br \/>\nP\u0159i vstupu na \u010desk\u00fd trh p\u0159edstav\u00ed Lynk &amp; Co t\u0159i modely :<\/p>\n<p>\u2022 <strong>Lynk &amp; Co 01<\/strong> \u2013 SUV nabit\u00e9 funkcemi. Univerz\u00e1ln\u00ed plug-in hybrid, kter\u00fd kombinuje design s ka\u017edodenn\u00ed prakti\u010dnost\u00ed, pokro\u010dil\u00fdmi bezpe\u010dnostn\u00edmi syst\u00e9my a digit\u00e1ln\u00edmi funkcemi<\/p>\n<p>\u2022 <strong>Lynk &amp; Co 02<\/strong> \u2013 Pr\u016fkopn\u00edk pln\u011b elektrick\u00e9 mobility. Sportovn\u00ed a 100% elektrick\u00fd model navr\u017een\u00fd pro \u0159idi\u010de, kte\u0159\u00ed cht\u011bj\u00ed p\u0159ijmout budoucnost mobility.<\/p>\n<p>\u2022 <strong>Lynk &amp; Co 08<\/strong> \u2013 Vlajkov\u00e1 lo\u010f s mimo\u0159\u00e1dn\u00fdm dojezdem. Nab\u00edz\u00ed kombinovan\u00fd dojezd a\u017e 1100 kilometr\u016f (a\u017e 200 km \u010dist\u011b na elekt\u0159inu), komfort na \u00farovni luxusn\u00ed t\u0159\u00eddy a nejmodern\u011bj\u0161\u00ed technologie.<\/p>\n<p><img loading=\"lazy\" decoding=\"async\" class=\"alignnone size-medium wp-image-16271\" src=\"http:\/\/www.automakers.cz\/wp-content\/uploads\/2025\/09\/Lynk-Co-08-900x844.jpg\" alt=\"\" width=\"900\" height=\"844\" \/><strong>Lynk &amp; Co International<\/strong><br \/>\nLynk &amp; Co byla zalo\u017eena byla v roce 2016 se s\u00eddlem v G\u00f6teborgu ve \u0160v\u00e9dsku a dnes p\u016fsob\u00ed na sedmi hlavn\u00edch trz\u00edch: \u0160v\u00e9dsko, Nizozemsko, N\u011bmecko, It\u00e1lie, \u0160pan\u011blsko, Francie a Belgie.<\/p>\n<p>V roce 2024 spole\u010dnost spustila nov\u00fd prodejn\u00ed kan\u00e1l prost\u0159ednictv\u00edm partnerstv\u00ed s lok\u00e1ln\u00edmi prodejci,co\u017e znamenalo v\u00fdznamn\u00fd krok v jej\u00ed expanzn\u00ed strategii. Po cel\u00e9 Evrop\u011b ji\u017e bylo otev\u0159eno v\u00edce ne\u017e 30 partnersky provozovan\u00fdch prodejn\u00edch m\u00edst a c\u00edlem je dos\u00e1hnout po\u010dtu 150 do konce roku 2025.<\/p>\n<p><strong>Erich Handl, TK<\/strong> <strong>Lynk &amp; Co International, Mnichov<\/strong><\/p>\n<p><img loading=\"lazy\" decoding=\"async\" class=\"alignnone size-medium wp-image-16269\" src=\"http:\/\/www.automakers.cz\/wp-content\/uploads\/2025\/09\/Lynk-TK-Koenigshof-orez-900x599.jpg\" sizes=\"auto, (max-width: 900px) 100vw, 900px\" srcset=\"https:\/\/www.automakers.cz\/wp-content\/uploads\/2025\/09\/Lynk-TK-Koenigshof-orez-900x599.jpg 900w, https:\/\/www.automakers.cz\/wp-content\/uploads\/2025\/09\/Lynk-TK-Koenigshof-orez-1024x681.jpg 1024w, https:\/\/www.automakers.cz\/wp-content\/uploads\/2025\/09\/Lynk-TK-Koenigshof-orez-768x511.jpg 768w, https:\/\/www.automakers.cz\/wp-content\/uploads\/2025\/09\/Lynk-TK-Koenigshof-orez-1536x1022.jpg 1536w, https:\/\/www.automakers.cz\/wp-content\/uploads\/2025\/09\/Lynk-TK-Koenigshof-orez.jpg 1731w\" alt=\"\" width=\"900\" height=\"599\" \/><\/p>\n<div class=\"heateor_sss_sharing_container heateor_sss_vertical_sharing heateor_sss_bottom_sharing\" data-heateor-sss-href=\"https:\/\/www.automakers.cz\/?p=16259\"><\/div>\n<p>&nbsp;<\/p>\n","protected":false},"excerpt":{"rendered":"<p>Zna\u010dka Lynk &amp; Co ozn\u00e1mila na tiskov\u00e9 konferenci v mnichovsk\u00e9m hotelu Koenigshof vstup na \u010desk\u00fd,&#8230;<\/p>\n","protected":false},"author":1,"featured_media":1222,"comment_status":"open","ping_status":"open","sticky":false,"template":"","format":"standard","meta":{"footnotes":""},"categories":[31,2],"tags":[],"class_list":["post-1221","post","type-post","status-publish","format-standard","has-post-thumbnail","hentry","category-dealeri","category-tiskovky"],"_links":{"self":[{"href":"https:\/\/www.klubmn.cz\/index.php?rest_route=\/wp\/v2\/posts\/1221","targetHints":{"allow":["GET"]}}],"collection":[{"href":"https:\/\/www.klubmn.cz\/index.php?rest_route=\/wp\/v2\/posts"}],"about":[{"href":"https:\/\/www.klubmn.cz\/index.php?rest_route=\/wp\/v2\/types\/post"}],"author":[{"embeddable":true,"href":"https:\/\/www.klubmn.cz\/index.php?rest_route=\/wp\/v2\/users\/1"}],"replies":[{"embeddable":true,"href":"https:\/\/www.klubmn.cz\/index.php?rest_route=%2Fwp%2Fv2%2Fcomments&post=1221"}],"version-history":[{"count":2,"href":"https:\/\/www.klubmn.cz\/index.php?rest_route=\/wp\/v2\/posts\/1221\/revisions"}],"predecessor-version":[{"id":1224,"href":"https:\/\/www.klubmn.cz\/index.php?rest_route=\/wp\/v2\/posts\/1221\/revisions\/1224"}],"wp:featuredmedia":[{"embeddable":true,"href":"https:\/\/www.klubmn.cz\/index.php?rest_route=\/wp\/v2\/media\/1222"}],"wp:attachment":[{"href":"https:\/\/www.klubmn.cz\/index.php?rest_route=%2Fwp%2Fv2%2Fmedia&parent=1221"}],"wp:term":[{"taxonomy":"category","embeddable":true,"href":"https:\/\/www.klubmn.cz\/index.php?rest_route=%2Fwp%2Fv2%2Fcategories&post=1221"},{"taxonomy":"post_tag","embeddable":true,"href":"https:\/\/www.klubmn.cz\/index.php?rest_route=%2Fwp%2Fv2%2Ftags&post=1221"}],"curies":[{"name":"wp","href":"https:\/\/api.w.org\/{rel}","templated":true}]}}