{"id":125,"date":"2023-12-27T17:28:51","date_gmt":"2023-12-27T17:28:51","guid":{"rendered":"https:\/\/www.klubmn.cz\/?p=125"},"modified":"2023-12-27T17:28:51","modified_gmt":"2023-12-27T17:28:51","slug":"k2-moto-otevre-bmw-motorrad-v-liberci","status":"publish","type":"post","link":"https:\/\/www.klubmn.cz\/?p=125","title":{"rendered":"K2 moto otev\u0159e BMW Motorrad v Liberci"},"content":{"rendered":"<p><strong>K2 moto otev\u0159e v Liberci nov\u00e9 dealerstv\u00ed BMW Motorrad. Nov\u00e9 prodejn\u00ed a servisn\u00ed m\u00edsto zaujme novou vizu\u00e1ln\u00ed identitou, v showroomu je p\u0159ipraven pr\u016f\u0159ez celou modelovou \u0159adou motocykl\u016f BMW Motorrad.<\/strong> <span id=\"more-1114\"><\/span><!--more--><\/p>\n<p>Ji\u017e nyn\u00ed zde nechyb\u011bj\u00ed nejv\u011bt\u0161\u00ed novinky pro rok 2024, nap\u0159\u00edklad v\u00a0podob\u011b modelu BMW R 1300 GS. Na showroom navazuje kav\u00e1rna, ze kter\u00e9 lze pr\u016fhledem do servisn\u00ed \u010d\u00e1sti sledovat pr\u00e1ci mechanik\u016f p\u0159i servisn\u00edch prohl\u00eddk\u00e1ch nebo oprav\u00e1ch motocykl\u016f.<\/p>\n<p>K2 moto chyst\u00e1 na sez\u00f3nu 2024 krom\u011b tradi\u010dn\u00edch prodejn\u00edch a servisn\u00edch slu\u017eeb pro sv\u00e9 z\u00e1kazn\u00edky tak\u00e9 n\u011bkolik zaj\u00edmav\u00fdch akc\u00ed. Jejich konkr\u00e9tn\u00ed term\u00edny i podrobnosti jsou k dispozici na webov\u00fdch str\u00e1nk\u00e1ch a soci\u00e1ln\u00edch s\u00edt\u00edch spole\u010dnosti.<\/p>\n<p><strong>Nejv\u011bt\u0161\u00ed motohaus v zemi<\/strong><\/p>\n<p>Spole\u010dnost K2 moto, kter\u00e1 je aktu\u00e1ln\u011b nejv\u011bt\u0161\u00edm prodejcem motocykl\u016f v\u00a0\u010cesk\u00e9 republice, letos oslavila 30 let od sv\u00e9ho vzniku. Z prvn\u00edho mal\u00e9ho region\u00e1ln\u00edho dealerstv\u00ed v Nov\u00e9 Pace se showroomy spole\u010dnosti v pr\u016fb\u011bhu let p\u0159esunuly do Prahy, do Motocentra Vrbovka. K2 moto zde zastupuje osm zna\u010dek z Evropy i Japonska. Nov\u00e9 motocentrum v\u00a0Liberci, kter\u00e9 bylo otev\u0159eno v\u00a0leto\u0161n\u00edm roce, je dal\u0161\u00edm krokem v\u00a0expanzi spole\u010dnosti K2 moto.<\/p>\n<p><strong>Zdroj: BMW Press Centrum<\/strong><\/p>\n<p><img loading=\"lazy\" decoding=\"async\" class=\"alignnone size-medium wp-image-1118\" src=\"http:\/\/www.automakers.cz\/wp-content\/uploads\/2023\/12\/K2-Moto_new-bmw-motorrad-Liberec-small-900x731.jpg\" sizes=\"auto, (max-width: 900px) 100vw, 900px\" srcset=\"https:\/\/www.automakers.cz\/wp-content\/uploads\/2023\/12\/K2-Moto_new-bmw-motorrad-Liberec-small-900x731.jpg 900w, https:\/\/www.automakers.cz\/wp-content\/uploads\/2023\/12\/K2-Moto_new-bmw-motorrad-Liberec-small-1024x832.jpg 1024w, https:\/\/www.automakers.cz\/wp-content\/uploads\/2023\/12\/K2-Moto_new-bmw-motorrad-Liberec-small-768x624.jpg 768w, https:\/\/www.automakers.cz\/wp-content\/uploads\/2023\/12\/K2-Moto_new-bmw-motorrad-Liberec-small.jpg 1488w\" alt=\"\" width=\"900\" height=\"731\" \/><\/p>\n<div class=\"heateor_sss_sharing_container heateor_sss_vertical_sharing heateor_sss_bottom_sharing\" data-heateor-sss-href=\"https:\/\/www.automakers.cz\/?p=1114\">\n<div class=\"heateor_sss_sharing_ul\"><\/div>\n<\/div>\n<div class=\"heateor_sss_sharing_container heateor_sss_vertical_sharing heateor_sss_bottom_sharing\" data-heateor-sss-href=\"https:\/\/www.automakers.cz\/?p=1114\">\n<div class=\"heateorSssClear\"><\/div>\n<div class=\"heateorSssSharingArrow heateorSssPullOut\" title=\"Hide\"><\/div>\n<\/div>\n<p>&nbsp;<\/p>\n","protected":false},"excerpt":{"rendered":"<p>K2 moto otev\u0159e v Liberci nov\u00e9 dealerstv\u00ed BMW Motorrad. Nov\u00e9 prodejn\u00ed a servisn\u00ed m\u00edsto zaujme&#8230;<\/p>\n","protected":false},"author":1,"featured_media":126,"comment_status":"open","ping_status":"open","sticky":false,"template":"","format":"standard","meta":{"footnotes":""},"categories":[18],"tags":[],"class_list":["post-125","post","type-post","status-publish","format-standard","has-post-thumbnail","hentry","category-motocykly"],"_links":{"self":[{"href":"https:\/\/www.klubmn.cz\/index.php?rest_route=\/wp\/v2\/posts\/125","targetHints":{"allow":["GET"]}}],"collection":[{"href":"https:\/\/www.klubmn.cz\/index.php?rest_route=\/wp\/v2\/posts"}],"about":[{"href":"https:\/\/www.klubmn.cz\/index.php?rest_route=\/wp\/v2\/types\/post"}],"author":[{"embeddable":true,"href":"https:\/\/www.klubmn.cz\/index.php?rest_route=\/wp\/v2\/users\/1"}],"replies":[{"embeddable":true,"href":"https:\/\/www.klubmn.cz\/index.php?rest_route=%2Fwp%2Fv2%2Fcomments&post=125"}],"version-history":[{"count":2,"href":"https:\/\/www.klubmn.cz\/index.php?rest_route=\/wp\/v2\/posts\/125\/revisions"}],"predecessor-version":[{"id":128,"href":"https:\/\/www.klubmn.cz\/index.php?rest_route=\/wp\/v2\/posts\/125\/revisions\/128"}],"wp:featuredmedia":[{"embeddable":true,"href":"https:\/\/www.klubmn.cz\/index.php?rest_route=\/wp\/v2\/media\/126"}],"wp:attachment":[{"href":"https:\/\/www.klubmn.cz\/index.php?rest_route=%2Fwp%2Fv2%2Fmedia&parent=125"}],"wp:term":[{"taxonomy":"category","embeddable":true,"href":"https:\/\/www.klubmn.cz\/index.php?rest_route=%2Fwp%2Fv2%2Fcategories&post=125"},{"taxonomy":"post_tag","embeddable":true,"href":"https:\/\/www.klubmn.cz\/index.php?rest_route=%2Fwp%2Fv2%2Ftags&post=125"}],"curies":[{"name":"wp","href":"https:\/\/api.w.org\/{rel}","templated":true}]}}