{"id":1279,"date":"2025-10-07T13:35:03","date_gmt":"2025-10-07T13:35:03","guid":{"rendered":"https:\/\/www.klubmn.cz\/?p=1279"},"modified":"2025-10-07T13:35:03","modified_gmt":"2025-10-07T13:35:03","slug":"emil-frey-otvira-retailovy-areal-v-kyjich","status":"publish","type":"post","link":"https:\/\/www.klubmn.cz\/?p=1279","title":{"rendered":"Emil Frey otv\u00edr\u00e1 retailov\u00fd are\u00e1l v Kyj\u00edch"},"content":{"rendered":"<p><strong><b>V pra\u017esk\u00e9 \u010d\u00e1sti Kyje vyrostl nov\u00fd are\u00e1l Emil Frey pro prodej osobn\u00edch a u\u017eitkov\u00fdch ojetin a pro autorizovan\u00fd servis voz\u016f Toyota. Skupina t\u00edm pos\u00edlila sv\u00e9 retailov\u00e9 aktivity v t\u011bsn\u00e9m sousedstv\u00ed sv\u00e9ho dealerstv\u00ed Toyota na \u010cern\u00e9m Most\u011b, jeho\u017e \u010d\u00e1st pozemku, ur\u010denou pro prodej ojet\u00fdch vozidel, musela postoupit ve\u0159ejn\u00e9 stavb\u011b. <\/b><\/strong><span id=\"more-16857\"><\/span><!--more--><\/p>\n<p>Tak vznikl pl\u00e1n na v\u00fdstavbu zcela nov\u00e9ho centra. Za t\u0159i roky se poda\u0159ilo vybudovat modern\u00ed a multifunk\u010dn\u00ed budovu, kter\u00e1 nejen nahradila a podstatn\u011b pos\u00edlila kapacitu pro ojet\u00e9 vozy, ale tak\u00e9 v\u00edce ne\u017e zdvojn\u00e1sobila servisn\u00ed kapacitu a posunula z\u00e1zem\u00ed pro z\u00e1kazn\u00edky na zcela novou \u00farove\u0148.<\/p>\n<p><strong><b>Prodej, v\u00fdkup i servis<\/b><\/strong><\/p>\n<p>Nov\u00e9 centrum m\u00e1 ambici prod\u00e1vat ro\u010dn\u011b <strong><b>1 300\u20131 400 ojet\u00fdch voz\u016f<\/b><\/strong>\u00a0v\u0161ech zna\u010dek a sou\u010dasn\u011b nab\u00edz\u00ed jejich v\u00fdkup. Cel\u00fd komplex pojme t\u00e9m\u011b\u0159 <strong><b>300 ojet\u00fdch voz\u016f<\/b><\/strong>, pro kter\u00e9 je p\u0159ipraveno \u0161pi\u010dkov\u00e9 servisn\u00ed z\u00e1zem\u00ed.<\/p>\n<p><img loading=\"lazy\" decoding=\"async\" class=\"alignnone size-medium wp-image-16890\" src=\"http:\/\/www.automakers.cz\/wp-content\/uploads\/2025\/10\/Emil-Frey-Kyje-cetrum-parkoviste-900x506.jpg\" alt=\"\" width=\"900\" height=\"506\" \/><strong>Prosv\u011btlen\u00e1 budova poskytuje reprezentativn\u00ed showroom<\/strong>, ale i nov\u00e9 kancel\u00e1\u0159sk\u00e9 prostory, kter\u00e9 se stanou nov\u00fdm domovem \u010d\u00e1sti zam\u011bstnanc\u016f skupiny Emil Frey.<strong><b>\u00a0<\/b><\/strong>Sou\u010d\u00e1st\u00ed are\u00e1lu je tak\u00e9 autorizovan\u00fd servis Toyota, dimenzovan\u00fd i pro u\u017eitkov\u00e9 vozy, 360\u00b0 fotoateli\u00e9r, modern\u00ed d\u00edlna s\u00a0karos\u00e1rnou a lakovnou a t\u0159i my\u010dky. Z\u00e1kazn\u00edci jist\u011b ocen\u00ed i tzv. hotel pro pneumatiky.<\/p>\n<p><strong><b>Udr\u017eitelnost a modern\u00ed technologie<\/b><\/strong><\/p>\n<p>Nov\u00fd are\u00e1l pln\u011b respektuje okoln\u00ed z\u00e1stavbu i \u017eivotn\u00ed prost\u0159ed\u00ed a spl\u0148uje p\u0159\u00edsn\u00e9 principy udr\u017eitelnosti. Na st\u0159e\u0161e budovy je instalov\u00e1na fotovoltaick\u00e1 elektr\u00e1rna s v\u00fdkonem 212 kWp, kter\u00e1 ro\u010dn\u011b vyrob\u00ed a\u017e 212 000 kWh elektrick\u00e9 energie. Ta zaji\u0161\u0165uje provoz servisu a kancel\u00e1\u0159\u00ed b\u011bhem t\u00fddne a o v\u00edkendech slou\u017e\u00ed k dob\u00edjen\u00ed elektromobil\u016f. Rozs\u00e1hl\u00e1 dob\u00edjec\u00ed infrastruktura zahrnuje <strong><b>104 wallbox\u016f o v\u00fdkonu 22 kW<\/b><\/strong>, p\u0159i\u010dem\u017e ka\u017ed\u00e9 ze 371 parkovac\u00edch m\u00edst m\u016f\u017ee b\u00fdt do budoucna p\u0159em\u011bn\u011bno na dob\u00edjec\u00ed bod.<\/p>\n<p>V\u00fdznamn\u00fdm prvkem nov\u00e9 budovy je <strong><b>zelen\u00e1 fas\u00e1da<\/b><\/strong>, kter\u00e1 nejen esteticky zapad\u00e1 do prost\u0159ed\u00ed, ale tak\u00e9 p\u0159isp\u00edv\u00e1 k\u00a0regulaci teploty a p\u0159in\u00e1\u0161\u00ed do m\u011bstsk\u00e9ho prostoru p\u0159\u00edrodn\u00ed prvek. Cel\u00fd projekt podtrhuje energetick\u00e1 t\u0159\u00edda \u201eA\u201c a v\u00edce ne\u017e 130 nov\u011b vysazen\u00fdch strom\u016f, kter\u00e9 potvrzuj\u00ed d\u016fraz na udr\u017eitelnost.<\/p>\n<p><strong><b>Pozv\u00e1nka pro z\u00e1kazn\u00edky<\/b><\/strong><\/p>\n<p><em><i>\u201e\u010celili jsme obrovsk\u00e9 v\u00fdzv\u011b: postavit v kr\u00e1tk\u00e9m \u010dase rozs\u00e1hl\u00fd, modern\u00ed a multifunk\u010dn\u00ed objekt, kter\u00fd spln\u00ed ve\u0161ker\u00e9 na\u0161e pot\u0159eby. Jsem r\u00e1d a z\u00e1rove\u0148 hrd\u00fd, \u017ee jsme usp\u011bli, a nav\u00edc jsme cel\u00fd projekt dokon\u010dili za pouh\u00e9 t\u0159i roky. Stavba byla realizov\u00e1na s\u00a0maxim\u00e1ln\u00edm ohledem k okol\u00ed i k\u00a0\u017eivotn\u00edmu prost\u0159ed\u00ed. Zam\u011b\u0159ili jsme se na zele\u0148, fotovoltaiku i ekologickou efektivitu budovy. V\u0161e s c\u00edlem zkvalitnit slu\u017eby pro na\u0161e klienty. T\u011b\u0161\u00edm se, a\u017e se na\u0161i z\u00e1kazn\u00edci o tom p\u0159ijdou p\u0159esv\u011bd\u010dit na vlastn\u00ed o\u010di\u201c, <\/i><\/em>\u0159\u00edk\u00e1 Roman \u0160olc, Managing Director Emil Frey \u010cR.<\/p>\n<p>Zdroj: Emil Frey<\/p>\n<p><img loading=\"lazy\" decoding=\"async\" class=\"alignnone size-medium wp-image-16889\" src=\"http:\/\/www.automakers.cz\/wp-content\/uploads\/2025\/10\/Emil-Frey-Kyje-budova-900x511.jpg\" alt=\"\" width=\"900\" height=\"511\" \/><strong><b>Nov\u00fd are\u00e1l v \u010d\u00edslech<\/b><\/strong><\/p>\n<ul>\n<li><b><\/b><strong><b>Adresa:<\/b><\/strong>Skorkovsk\u00e1 1759, Praha 14 \u2013 Kyje<\/li>\n<li><b><\/b><strong><b>Rozloha pozemku:<\/b><\/strong>20 649 m\u00b2<\/li>\n<li><b><\/b><strong><b>Zastav\u011bn\u00e1 plocha budovy:<\/b><\/strong>2 083 m\u00b2, celkov\u00e1 plocha 4 350 m\u00b2<\/li>\n<li><b><\/b><strong><b>Parkovac\u00ed m\u00edsta:<\/b><\/strong>371 (ka\u017ed\u00e9 potenci\u00e1ln\u011b dob\u00edjec\u00ed)<\/li>\n<li><b><\/b><strong><b>Wallboxy pro dob\u00edjen\u00ed elektromobil\u016f:<\/b><\/strong>104 \u00d7 22 kW<\/li>\n<li><b><\/b><strong><b>Kapacita fotovoltaiky:<\/b><\/strong>212 kWp (cca 212 000 kWh\/rok)<\/li>\n<li><b><\/b><strong><b>Po\u010det nov\u011b vysazen\u00fdch strom\u016f:<\/b><\/strong>v\u00edce ne\u017e 130<\/li>\n<li><b><\/b><strong><b>Energetick\u00e1 t\u0159\u00edda:<\/b><\/strong>A (nejvy\u0161\u0161\u00ed hodnocen\u00ed)<\/li>\n<\/ul>\n","protected":false},"excerpt":{"rendered":"<p>V pra\u017esk\u00e9 \u010d\u00e1sti Kyje vyrostl nov\u00fd are\u00e1l Emil Frey pro prodej osobn\u00edch a u\u017eitkov\u00fdch ojetin&#8230;<\/p>\n","protected":false},"author":1,"featured_media":1280,"comment_status":"open","ping_status":"open","sticky":false,"template":"","format":"standard","meta":{"footnotes":""},"categories":[31,23],"tags":[],"class_list":["post-1279","post","type-post","status-publish","format-standard","has-post-thumbnail","hentry","category-dealeri","category-investice"],"_links":{"self":[{"href":"https:\/\/www.klubmn.cz\/index.php?rest_route=\/wp\/v2\/posts\/1279","targetHints":{"allow":["GET"]}}],"collection":[{"href":"https:\/\/www.klubmn.cz\/index.php?rest_route=\/wp\/v2\/posts"}],"about":[{"href":"https:\/\/www.klubmn.cz\/index.php?rest_route=\/wp\/v2\/types\/post"}],"author":[{"embeddable":true,"href":"https:\/\/www.klubmn.cz\/index.php?rest_route=\/wp\/v2\/users\/1"}],"replies":[{"embeddable":true,"href":"https:\/\/www.klubmn.cz\/index.php?rest_route=%2Fwp%2Fv2%2Fcomments&post=1279"}],"version-history":[{"count":1,"href":"https:\/\/www.klubmn.cz\/index.php?rest_route=\/wp\/v2\/posts\/1279\/revisions"}],"predecessor-version":[{"id":1281,"href":"https:\/\/www.klubmn.cz\/index.php?rest_route=\/wp\/v2\/posts\/1279\/revisions\/1281"}],"wp:featuredmedia":[{"embeddable":true,"href":"https:\/\/www.klubmn.cz\/index.php?rest_route=\/wp\/v2\/media\/1280"}],"wp:attachment":[{"href":"https:\/\/www.klubmn.cz\/index.php?rest_route=%2Fwp%2Fv2%2Fmedia&parent=1279"}],"wp:term":[{"taxonomy":"category","embeddable":true,"href":"https:\/\/www.klubmn.cz\/index.php?rest_route=%2Fwp%2Fv2%2Fcategories&post=1279"},{"taxonomy":"post_tag","embeddable":true,"href":"https:\/\/www.klubmn.cz\/index.php?rest_route=%2Fwp%2Fv2%2Ftags&post=1279"}],"curies":[{"name":"wp","href":"https:\/\/api.w.org\/{rel}","templated":true}]}}