{"id":1292,"date":"2025-10-13T11:13:18","date_gmt":"2025-10-13T11:13:18","guid":{"rendered":"https:\/\/www.klubmn.cz\/?p=1292"},"modified":"2025-10-14T09:23:07","modified_gmt":"2025-10-14T09:23:07","slug":"tomas-kotera-manazerem-csg","status":"publish","type":"post","link":"https:\/\/www.klubmn.cz\/?p=1292","title":{"rendered":"Tom\u00e1\u0161 Kotera mana\u017eerem CSG"},"content":{"rendered":"<p><strong>Z pozice Head of Corporate &amp; Internal Communications ve \u0160kod\u011b Auto ode\u0161el 30. z\u00e1\u0159\u00ed Tom\u00e1\u0161 Kotera. Jak\u00e1 je jeho nov\u00e1 \u017eidle?<\/strong><span id=\"more-16695\"><\/span><!--more--><\/p>\n<p><strong>Tom\u00e1\u0161 Kotera p\u0159e\u0161el ze \u0160kodovky na novou pozici v Czechoslovak Group<\/strong>.\u00a0 Pracuje zde jako Group Director of Corporate Communication and Marketing at Czechoslovak Group; Certified ACE Practitioner Coach.<\/p>\n<p>Tom\u00e1\u0161e nahradil na m\u00edst\u011b hlavn\u00edho mluv\u010d\u00edho \u0160kodovky v\u00fd\u0161e zm\u00edn\u011bn\u00fd<strong> Jozef Bal\u00e1\u017e,<\/strong> kter\u00fd se vr\u00e1til z \u010d\u00ednsk\u00e9ho anga\u017em\u00e1.<\/p>\n<p class=\"\">Kotera svou profesn\u00ed kari\u00e9ru spojil se \u0160kodou Auto, po p\u011btadvaceti letech se rozhodl p\u0159ijmout novou v\u00fdzvu a stal se \u0159editelem komunikace glob\u00e1ln\u00ed pr\u016fmyslov\u011b-technologick\u00e9 skupiny Czechoslovak Group (CSG), vlastn\u011bn\u00e9 \u010desk\u00fdm podnikatelem <strong>Michalem Strnadem.<\/strong> Funkce se ujal 1. \u0159\u00edjna.<\/p>\n<p class=\"\">\u201eN\u00e1stup do CSG je dal\u0161\u00ed v\u00fdzvou v m\u00e9 kari\u00e9\u0159e. Oslovilo m\u011b, \u017ee jde o \u010deskou firmu se siln\u00fdm mezin\u00e1rodn\u00edm p\u0159esahem, kter\u00e1 dnes ji\u017e p\u016fsob\u00ed glob\u00e1ln\u011b. CSG vn\u00edm\u00e1m jako zna\u010dku, kter\u00e1 je reklamou na \u010desk\u00fd pr\u016fmysl, \u0161\u00ed\u0159\u00ed jeho dobr\u00e9 jm\u00e9no ve sv\u011bt\u011b a posiluje image \u010cesk\u00e9 republiky. R\u00e1d se stanu sou\u010d\u00e1st\u00ed jej\u00edho p\u0159\u00edb\u011bhu,\u201c \u0159\u00edk\u00e1 Tom\u00e1\u0161 Kotera.<\/p>\n<p class=\"\"><strong>Skupina CSG<\/strong> je v sou\u010dasnosti nejrychleji rostouc\u00ed obrannou spole\u010dnost\u00ed v Evrop\u011b. Sv\u00e9 produkty a \u0159e\u0161en\u00ed dod\u00e1v\u00e1 prakticky do cel\u00e9ho sv\u011bta a v\u00fdrobn\u00ed podniky provozuje v deseti zem\u00edch na t\u0159ech kontinentech. D\u00edky akvizici The Kinetic Group, dokon\u010den\u00e9 v roce 2024, m\u00e1 siln\u00e9 postaven\u00ed t\u00e9\u017e ve Spojen\u00fdch st\u00e1tech americk\u00fdch.<\/p>\n<p class=\"\">\u201eJsem p\u0159esv\u011bd\u010den, \u017ee Tom\u00e1\u0161 Kotera d\u00edky sv\u00fdm zku\u0161enostem posune marketing a komunikaci na\u0161\u00ed dynamicky se rozv\u00edjej\u00edc\u00ed skupiny na je\u0161t\u011b vy\u0161\u0161\u00ed \u00farove\u0148, a t\u011b\u0161\u00edm se na na\u0161i intenzivn\u00ed spolupr\u00e1ci,\u201c uv\u00e1d\u00ed k n\u00e1stupu nov\u00e9ho \u0159editele komunikace a marketingu<strong> David Chour, m\u00edstop\u0159edseda p\u0159edstavenstva a v\u00fdkonn\u00fd \u0159editel CSG.<\/strong><\/p>\n<p><strong>Kotera nahradil Kate\u0159inu Petko<\/strong><\/p>\n<p class=\"\">Petko \u0159\u00eddila komunikaci CSG \u0159od b\u0159ezna 2024. Poda\u0159ilo se j\u00ed konsolidovat a stabilizovat marketingov\u00fd t\u00fdm i nastavit spolupr\u00e1ci se zahrani\u010dn\u00edmi spole\u010dnostmi skupiny. V\u00fdznamn\u011b se pod\u00edlela t\u00e9\u017e na rozvoji online komunikace a na zalo\u017een\u00ed a rozjezdu CSG Nada\u010dn\u00edho fondu.<\/p>\n<p><strong>Zdroj: archiv, Linkedin, TZ CSG<\/strong><\/p>\n<p><img loading=\"lazy\" decoding=\"async\" class=\"size-medium wp-image-16714\" src=\"http:\/\/www.automakers.cz\/wp-content\/uploads\/2025\/09\/Tomas-Kotera_ca8b3fa0-650x900.jpg\" alt=\"\" width=\"650\" height=\"900\" \/><\/p>\n","protected":false},"excerpt":{"rendered":"<p>Z pozice Head of Corporate &amp; Internal Communications ve \u0160kod\u011b Auto ode\u0161el 30. z\u00e1\u0159\u00ed Tom\u00e1\u0161&#8230;<\/p>\n","protected":false},"author":1,"featured_media":1262,"comment_status":"open","ping_status":"open","sticky":false,"template":"","format":"standard","meta":{"footnotes":""},"categories":[30,11,19],"tags":[],"class_list":["post-1292","post","type-post","status-publish","format-standard","has-post-thumbnail","hentry","category-management","category-personalie","category-pr"],"_links":{"self":[{"href":"https:\/\/www.klubmn.cz\/index.php?rest_route=\/wp\/v2\/posts\/1292","targetHints":{"allow":["GET"]}}],"collection":[{"href":"https:\/\/www.klubmn.cz\/index.php?rest_route=\/wp\/v2\/posts"}],"about":[{"href":"https:\/\/www.klubmn.cz\/index.php?rest_route=\/wp\/v2\/types\/post"}],"author":[{"embeddable":true,"href":"https:\/\/www.klubmn.cz\/index.php?rest_route=\/wp\/v2\/users\/1"}],"replies":[{"embeddable":true,"href":"https:\/\/www.klubmn.cz\/index.php?rest_route=%2Fwp%2Fv2%2Fcomments&post=1292"}],"version-history":[{"count":6,"href":"https:\/\/www.klubmn.cz\/index.php?rest_route=\/wp\/v2\/posts\/1292\/revisions"}],"predecessor-version":[{"id":1295,"href":"https:\/\/www.klubmn.cz\/index.php?rest_route=\/wp\/v2\/posts\/1292\/revisions\/1295"}],"wp:featuredmedia":[{"embeddable":true,"href":"https:\/\/www.klubmn.cz\/index.php?rest_route=\/wp\/v2\/media\/1262"}],"wp:attachment":[{"href":"https:\/\/www.klubmn.cz\/index.php?rest_route=%2Fwp%2Fv2%2Fmedia&parent=1292"}],"wp:term":[{"taxonomy":"category","embeddable":true,"href":"https:\/\/www.klubmn.cz\/index.php?rest_route=%2Fwp%2Fv2%2Fcategories&post=1292"},{"taxonomy":"post_tag","embeddable":true,"href":"https:\/\/www.klubmn.cz\/index.php?rest_route=%2Fwp%2Fv2%2Ftags&post=1292"}],"curies":[{"name":"wp","href":"https:\/\/api.w.org\/{rel}","templated":true}]}}