{"id":1299,"date":"2025-10-14T09:27:43","date_gmt":"2025-10-14T09:27:43","guid":{"rendered":"https:\/\/www.klubmn.cz\/?p=1299"},"modified":"2025-10-14T09:27:43","modified_gmt":"2025-10-14T09:27:43","slug":"sda-mel-tiskovku-ke-3-kvartalu-registrace-aut-letos-rostou","status":"publish","type":"post","link":"https:\/\/www.klubmn.cz\/?p=1299","title":{"rendered":"SDA m\u011bl tiskovku ke 3. kvart\u00e1lu, registrace aut letos rostou"},"content":{"rendered":"<div><strong>Svaz dovozc\u016f automobil\u016f svolal kvart\u00e1ln\u00ed tiskovou konferenci do<\/strong><strong> Iris Hotelu Eden. Tajemn\u00edk svazu Josef Pokorn\u00fd informoval m\u00e9dia o leto\u0161n\u00edch registrac\u00edch vozidel v \u010cR. PwC p\u0159idala anal\u00fdzu v\u00fdvoje \u010desk\u00e9 ekonomiky, kameraman KMN to\u010dil bilan\u010dn\u00ed rozhovory.<\/strong><\/div>\n<p><!--more--><\/p>\n<p><strong>\u201eT\u0159et\u00ed \u010dtvrtlet\u00ed roku 2025 bylo z hlediska prodej\u016f nov\u00fdch osobn\u00edch automobil\u016f v \u010cR \u00fasp\u011b\u0161n\u00e9 \u2013 registrace meziro\u010dn\u011b vzrostly o 13,3 %,\u201c\u00a0 uvedl Josef Pokorn\u00fd.<\/strong><\/p>\n<p><strong>V z\u00e1\u0159\u00ed se registrace OA zvedly dokonce o 17,15 %,<\/strong> celkov\u011b za 1. a\u017e 9. m\u011bs\u00edc pak o 6,07 %. V\u00edce ne\u017e polovinu registrac\u00ed tvo\u0159\u00ed letos vozy kategorie SUV. Pod\u00edl nafty se st\u00e1le dr\u017e\u00ed nad 20 %.<\/p>\n<p><strong>V leto\u0161n\u00edm roce nad\u00e1le stoup\u00e1 pod\u00edl alternativn\u00edch pohon\u016f<\/strong>, u osobn\u00edch automobil\u016f ji\u017e dos\u00e1hl 34,8 %. Pod\u00edl \u010dist\u011b elektrick\u00fdch OA \u010din\u00ed 5,58 % (za 1\u20139\/2024 to bylo 4,2 %).<\/p>\n<p><strong>M\u00edrn\u011b roste i po\u010det dov\u00e1\u017een\u00fdch ojet\u00fdch osobn\u00edch voz\u016f<\/strong> (o 3,8 %). Zaj\u00edmav\u00fd je u nich pod\u00edl paliv, kde 47 % tvo\u0159\u00ed benz\u00edn, 43 % nafta a \u010dist\u011b elektrick\u00e9 vozy 5,6 %.<\/p>\n<p><iframe loading=\"lazy\" id=\"_ytid_30837\" class=\"__youtube_prefs__ epyt-is-override no-lazyload\" title=\"Po tiskovce SDA: Prodeje rostou\" src=\"https:\/\/www.youtube.com\/embed\/gS8ID7ki9GY?enablejsapi=1&amp;autoplay=0&amp;cc_load_policy=0&amp;cc_lang_pref=&amp;iv_load_policy=1&amp;loop=0&amp;modestbranding=0&amp;rel=1&amp;fs=1&amp;playsinline=0&amp;autohide=2&amp;theme=dark&amp;color=red&amp;controls=1&amp;\" width=\"640\" height=\"360\" allowfullscreen=\"allowfullscreen\" data-origwidth=\"640\" data-origheight=\"360\" data-no-lazy=\"1\" data-skipgform_ajax_framebjll=\"\" data-mce-fragment=\"1\"><\/iframe><\/p>\n<p><strong>Ostatn\u00ed kategorie vozidel celkov\u011b zaznamenaly meziro\u010dn\u00ed pokles<\/strong>. V samotn\u00e9m z\u00e1\u0159\u00ed v\u0161ak registrace LUV i velk\u00fdch n\u00e1kladn\u00edch automobil\u016f v\u00fdznamn\u011b vzrostly.<\/p>\n<p><strong>Erich Handl, TK SDA, Vr\u0161ovice, Video: Lud\u011bk Kortus<\/strong><\/p>\n<p><img loading=\"lazy\" decoding=\"async\" class=\"alignnone size-medium wp-image-16966\" src=\"http:\/\/www.automakers.cz\/wp-content\/uploads\/2025\/10\/SDA-TK-podzim-2015-Iris-Eden-orez-900x543.jpg\" sizes=\"auto, (max-width: 900px) 100vw, 900px\" srcset=\"https:\/\/www.automakers.cz\/wp-content\/uploads\/2025\/10\/SDA-TK-podzim-2015-Iris-Eden-orez-900x543.jpg 900w, https:\/\/www.automakers.cz\/wp-content\/uploads\/2025\/10\/SDA-TK-podzim-2015-Iris-Eden-orez-1024x618.jpg 1024w, https:\/\/www.automakers.cz\/wp-content\/uploads\/2025\/10\/SDA-TK-podzim-2015-Iris-Eden-orez-768x464.jpg 768w, https:\/\/www.automakers.cz\/wp-content\/uploads\/2025\/10\/SDA-TK-podzim-2015-Iris-Eden-orez-1536x927.jpg 1536w, https:\/\/www.automakers.cz\/wp-content\/uploads\/2025\/10\/SDA-TK-podzim-2015-Iris-Eden-orez.jpg 1908w\" alt=\"\" width=\"900\" height=\"543\" \/><\/p>\n<div class=\"heateor_sss_sharing_container heateor_sss_vertical_sharing heateor_sss_bottom_sharing\" data-heateor-sss-href=\"https:\/\/www.automakers.cz\/?p=16923\"><\/div>\n","protected":false},"excerpt":{"rendered":"<p>Svaz dovozc\u016f automobil\u016f svolal kvart\u00e1ln\u00ed tiskovou konferenci do Iris Hotelu Eden. Tajemn\u00edk svazu Josef Pokorn\u00fd&#8230;<\/p>\n","protected":false},"author":1,"featured_media":1301,"comment_status":"open","ping_status":"open","sticky":false,"template":"","format":"standard","meta":{"footnotes":""},"categories":[51,7,2,28],"tags":[],"class_list":["post-1299","post","type-post","status-publish","format-standard","has-post-thumbnail","hentry","category-rozhovor","category-statistika","category-tiskovky","category-video"],"_links":{"self":[{"href":"https:\/\/www.klubmn.cz\/index.php?rest_route=\/wp\/v2\/posts\/1299","targetHints":{"allow":["GET"]}}],"collection":[{"href":"https:\/\/www.klubmn.cz\/index.php?rest_route=\/wp\/v2\/posts"}],"about":[{"href":"https:\/\/www.klubmn.cz\/index.php?rest_route=\/wp\/v2\/types\/post"}],"author":[{"embeddable":true,"href":"https:\/\/www.klubmn.cz\/index.php?rest_route=\/wp\/v2\/users\/1"}],"replies":[{"embeddable":true,"href":"https:\/\/www.klubmn.cz\/index.php?rest_route=%2Fwp%2Fv2%2Fcomments&post=1299"}],"version-history":[{"count":3,"href":"https:\/\/www.klubmn.cz\/index.php?rest_route=\/wp\/v2\/posts\/1299\/revisions"}],"predecessor-version":[{"id":1303,"href":"https:\/\/www.klubmn.cz\/index.php?rest_route=\/wp\/v2\/posts\/1299\/revisions\/1303"}],"wp:featuredmedia":[{"embeddable":true,"href":"https:\/\/www.klubmn.cz\/index.php?rest_route=\/wp\/v2\/media\/1301"}],"wp:attachment":[{"href":"https:\/\/www.klubmn.cz\/index.php?rest_route=%2Fwp%2Fv2%2Fmedia&parent=1299"}],"wp:term":[{"taxonomy":"category","embeddable":true,"href":"https:\/\/www.klubmn.cz\/index.php?rest_route=%2Fwp%2Fv2%2Fcategories&post=1299"},{"taxonomy":"post_tag","embeddable":true,"href":"https:\/\/www.klubmn.cz\/index.php?rest_route=%2Fwp%2Fv2%2Ftags&post=1299"}],"curies":[{"name":"wp","href":"https:\/\/api.w.org\/{rel}","templated":true}]}}