{"id":1310,"date":"2025-10-20T11:32:02","date_gmt":"2025-10-20T11:32:02","guid":{"rendered":"https:\/\/www.klubmn.cz\/?p=1310"},"modified":"2025-10-20T11:32:02","modified_gmt":"2025-10-20T11:32:02","slug":"jana-hruskova-presla-z-vwfs-do-pns","status":"publish","type":"post","link":"https:\/\/www.klubmn.cz\/?p=1310","title":{"rendered":"Jana Hru\u0161kov\u00e1 p\u0159e\u0161la z VWFS do PNS"},"content":{"rendered":"<p><strong>\u0160est let \u0161\u00e9fovala ve Volkswagen Financial Services CZ produkt a marketing Jana Hru\u0161kov\u00e1. S leto\u0161n\u00edm \u0159\u00edjnem uzav\u0159ela svoji kapitolu v leasingu a otev\u0159ela novou v jin\u00e9m oboru.<\/strong><span id=\"more-17238\"><\/span><!--more--><\/p>\n<div>\n<div class=\"ivm-image-view-model pvs-entity__image \">\n<div class=\"ivm-view-attr__img-wrapper \">Jana m\u011bla ve Volkswagen FS od prosince 2019 na starosti <span aria-hidden=\"true\">produktov\u00e9 a marketingov\u00e9 odd\u011blen\u00ed se zodpov\u011bdnost\u00ed za <\/span><span aria-hidden=\"true\">v\u00fdvoj a \u0159\u00edzen\u00ed retailov\u00fdch a fleetov\u00fdch produkt\u016f (\u00fav\u011br, operativn\u00ed leasing, poji\u0161t\u011bn\u00ed, slu\u017eby), pl\u00e1nov\u00e1n\u00ed prodeje, forecasting, reporting, <\/span><span aria-hidden=\"true\">poji\u0161t\u011bn\u00ed, prodejn\u00ed model, provizn\u00ed syst\u00e9m, distribu\u010dn\u00ed strategie, projektov\u00e9 \u0159\u00edzen\u00ed (nov\u00e9 produkty, cesty), aktivity CRM, p\u0159\u00edm\u00fd kontakt s klienty, pricing a sales support eventy a dal\u0161\u00ed z\u00e1le\u017eitosti.<\/span><\/div>\n<\/div>\n<\/div>\n<div><\/div>\n<div><strong>Od leto\u0161n\u00edho \u0159\u00edjna ale jej\u00ed odd\u011bln\u00ed spadlo pod kolegu Ji\u0159\u00edho Berana.<\/strong> <strong>Kde je Jana? <\/strong><\/div>\n<div><\/div>\n<div>\u201eStartuji od \u0159\u00edjna v Prvn\u00ed novinov\u00e9 spole\u010dnosti, kde jsem jako \u010dlenka p\u0159edstavenstva odpov\u011bdn\u00e1 za obchod, marketing a intern\u00ed komunikaci. Je to pro m\u011b velk\u00e1 v\u00fdzva, moc se t\u011b\u0161\u00edm na nov\u00fd obor,\u201c popsala Hru\u0161kov\u00e1 sv\u016fj p\u0159estup na Linkedin.<\/div>\n<div><\/div>\n<div><strong>Zdroj: VWFS, archiv, Linkedin<\/strong><\/div>\n<div><\/div>\n<div><strong>Jana Hru\u0161kov\u00e1 byla do leto\u0161ka \u010dlenkou top managementu Volkswagen Financial Services<\/strong><\/div>\n<div><\/div>\n<div>\n<figure id=\"attachment_10247\" class=\"wp-caption alignnone\" aria-describedby=\"caption-attachment-10247\"><img loading=\"lazy\" decoding=\"async\" class=\"size-medium wp-image-10247\" src=\"http:\/\/www.automakers.cz\/wp-content\/uploads\/2025\/01\/VWFS-Cafe-Imperial-TK-Strasil-tym-cb-900x506.jpg\" sizes=\"auto, (max-width: 900px) 100vw, 900px\" srcset=\"https:\/\/www.automakers.cz\/wp-content\/uploads\/2025\/01\/VWFS-Cafe-Imperial-TK-Strasil-tym-cb-900x506.jpg 900w, https:\/\/www.automakers.cz\/wp-content\/uploads\/2025\/01\/VWFS-Cafe-Imperial-TK-Strasil-tym-cb-1024x576.jpg 1024w, https:\/\/www.automakers.cz\/wp-content\/uploads\/2025\/01\/VWFS-Cafe-Imperial-TK-Strasil-tym-cb-768x432.jpg 768w, https:\/\/www.automakers.cz\/wp-content\/uploads\/2025\/01\/VWFS-Cafe-Imperial-TK-Strasil-tym-cb-1536x864.jpg 1536w, https:\/\/www.automakers.cz\/wp-content\/uploads\/2025\/01\/VWFS-Cafe-Imperial-TK-Strasil-tym-cb-1280x720.jpg 1280w, https:\/\/www.automakers.cz\/wp-content\/uploads\/2025\/01\/VWFS-Cafe-Imperial-TK-Strasil-tym-cb.jpg 2040w\" alt=\"\" width=\"900\" height=\"506\" \/><figcaption id=\"caption-attachment-10247\" class=\"wp-caption-text\">FOTO: Erich Handl<\/figcaption><\/figure>\n<\/div>\n","protected":false},"excerpt":{"rendered":"<p>\u0160est let \u0161\u00e9fovala ve Volkswagen Financial Services CZ produkt a marketing Jana Hru\u0161kov\u00e1. S leto\u0161n\u00edm&#8230;<\/p>\n","protected":false},"author":1,"featured_media":1311,"comment_status":"open","ping_status":"open","sticky":false,"template":"","format":"standard","meta":{"footnotes":""},"categories":[30,33,11],"tags":[],"class_list":["post-1310","post","type-post","status-publish","format-standard","has-post-thumbnail","hentry","category-management","category-marketing","category-personalie"],"_links":{"self":[{"href":"https:\/\/www.klubmn.cz\/index.php?rest_route=\/wp\/v2\/posts\/1310","targetHints":{"allow":["GET"]}}],"collection":[{"href":"https:\/\/www.klubmn.cz\/index.php?rest_route=\/wp\/v2\/posts"}],"about":[{"href":"https:\/\/www.klubmn.cz\/index.php?rest_route=\/wp\/v2\/types\/post"}],"author":[{"embeddable":true,"href":"https:\/\/www.klubmn.cz\/index.php?rest_route=\/wp\/v2\/users\/1"}],"replies":[{"embeddable":true,"href":"https:\/\/www.klubmn.cz\/index.php?rest_route=%2Fwp%2Fv2%2Fcomments&post=1310"}],"version-history":[{"count":2,"href":"https:\/\/www.klubmn.cz\/index.php?rest_route=\/wp\/v2\/posts\/1310\/revisions"}],"predecessor-version":[{"id":1313,"href":"https:\/\/www.klubmn.cz\/index.php?rest_route=\/wp\/v2\/posts\/1310\/revisions\/1313"}],"wp:featuredmedia":[{"embeddable":true,"href":"https:\/\/www.klubmn.cz\/index.php?rest_route=\/wp\/v2\/media\/1311"}],"wp:attachment":[{"href":"https:\/\/www.klubmn.cz\/index.php?rest_route=%2Fwp%2Fv2%2Fmedia&parent=1310"}],"wp:term":[{"taxonomy":"category","embeddable":true,"href":"https:\/\/www.klubmn.cz\/index.php?rest_route=%2Fwp%2Fv2%2Fcategories&post=1310"},{"taxonomy":"post_tag","embeddable":true,"href":"https:\/\/www.klubmn.cz\/index.php?rest_route=%2Fwp%2Fv2%2Ftags&post=1310"}],"curies":[{"name":"wp","href":"https:\/\/api.w.org\/{rel}","templated":true}]}}