{"id":1322,"date":"2025-10-23T08:15:51","date_gmt":"2025-10-23T08:15:51","guid":{"rendered":"https:\/\/www.klubmn.cz\/?p=1322"},"modified":"2025-10-23T08:15:51","modified_gmt":"2025-10-23T08:15:51","slug":"e-salon-slibuje-premiery-i-festival-elektrokol","status":"publish","type":"post","link":"https:\/\/www.klubmn.cz\/?p=1322","title":{"rendered":"e-SALON slibuje premi\u00e9ry i festival elektrokol"},"content":{"rendered":"<p><strong><b>Veletrh \u010dist\u00e9 mobility e-SALON v pra\u017esk\u00fdch Let\u0148anech letos zapln\u00ed v PVA EXPO PRAHA sedm v\u00fdstavn\u00edch hal. Slibuje premi\u00e9rov\u00e1 p\u0159edstaven\u00ed elektroaut, dob\u00edjec\u00ed p\u0159\u00edslu\u0161enstv\u00ed, doprovodn\u00fd program i testovac\u00ed j\u00edzdy. <\/b><\/strong><strong><b>\u010casopis AUTOmakers je medi\u00e1ln\u00edm partnerem akce.<\/b><\/strong><span id=\"more-17352\"><\/span><!--more--><\/p>\n<p><strong>Sedm\u00fd ro\u010dn\u00edk veletrhu<\/strong> e-SALON zapln\u00ed sedm v\u00fdstavn\u00edch hal osobn\u00edmi a u\u017eitkov\u00fdmi vozy, e-trucky, komun\u00e1ln\u00ed technikou, dob\u00edjec\u00edmi syst\u00e9my a komponenty pro e-technology, elektrokoly a elektrokolob\u011b\u017ekami a dal\u0161\u00edmi souvisej\u00edc\u00edmi produkty. Sou\u010d\u00e1st\u00ed akce bude bohat\u00fd program v\u010detn\u011b odborn\u00e9 konference \u010cist\u00e1 mobilita s\u00a0\u00fa\u010dast\u00ed mezin\u00e1rodn\u00edch speaker\u016f.<\/p>\n<p>Portfolio prezentovan\u00fdch zna\u010dek bude \u0161irok\u00e9, veletrh nab\u00eddne sv\u011btov\u00e9 zna\u010dky jako <strong><b>\u0160koda, VW, Kia, Volvo, Hyundai, Renault, Dacia, MG, Mitsubishi, Opel, Ford, KGM, Dongfeng, Voyah, Mhero, Hongqui <\/b><\/strong>\u010di<strong><b>\u00a0Alpine<\/b><\/strong>. Veletr\u017en\u00ed st\u00e1lice letos dopln\u00ed tak\u00e9 spousta nov\u00e1\u010dk\u016f, mezi nimi\u017e budou <strong><b>NISSAN, BYD, ZEEKR, XPENG, RIDDARA, Lync&amp;Co, LEAP, MAN<\/b><\/strong>\u00a0a dal\u0161\u00ed.<\/p>\n<figure id=\"attachment_14842\" class=\"wp-caption alignnone\" aria-describedby=\"caption-attachment-14842\"><img loading=\"lazy\" decoding=\"async\" class=\"size-medium wp-image-14842\" src=\"http:\/\/www.automakers.cz\/wp-content\/uploads\/2025\/07\/Leapmotor-Vysocany-showroom-Subaru-900x506.jpg\" sizes=\"auto, (max-width: 900px) 100vw, 900px\" srcset=\"https:\/\/www.automakers.cz\/wp-content\/uploads\/2025\/07\/Leapmotor-Vysocany-showroom-Subaru-900x506.jpg 900w, https:\/\/www.automakers.cz\/wp-content\/uploads\/2025\/07\/Leapmotor-Vysocany-showroom-Subaru-1024x576.jpg 1024w, https:\/\/www.automakers.cz\/wp-content\/uploads\/2025\/07\/Leapmotor-Vysocany-showroom-Subaru-768x432.jpg 768w, https:\/\/www.automakers.cz\/wp-content\/uploads\/2025\/07\/Leapmotor-Vysocany-showroom-Subaru-1536x864.jpg 1536w, https:\/\/www.automakers.cz\/wp-content\/uploads\/2025\/07\/Leapmotor-Vysocany-showroom-Subaru-1280x720.jpg 1280w, https:\/\/www.automakers.cz\/wp-content\/uploads\/2025\/07\/Leapmotor-Vysocany-showroom-Subaru.jpg 2048w\" alt=\"\" width=\"900\" height=\"506\" \/><figcaption id=\"caption-attachment-14842\" class=\"wp-caption-text\">LeapMotor sd\u00edl\u00ed ve Vyso\u010danech showroom Emila Freye se Subaru; FOTO: Erich Handl<\/figcaption><\/figure>\n<p>Expozice e-truck\u016f a u\u017eitkov\u00fdch vozidel p\u0159edstav\u00ed spole\u010dnosti <strong><b>Daimler (Mercedes Benz), Tatra \u010di MAN.<\/b><\/strong>\u00a0Komun\u00e1ln\u00ed a elektrick\u00e1 lehk\u00e1 u\u017eitkov\u00e1 vozidla p\u0159ivezou <strong><b>Univer Mobility, Alfa Profi, TPCI, Synpro, Eurogreen \u010di I-TEC Czech. Letos si budou moci n\u00e1v\u0161t\u011bvn\u00edci prohl\u00e9dnout i zna\u010dku FARIZON.<\/b><\/strong><\/p>\n<p><img loading=\"lazy\" decoding=\"async\" class=\"alignnone size-medium wp-image-10941\" src=\"http:\/\/www.automakers.cz\/wp-content\/uploads\/2025\/02\/Farizon-Pisecka-brana-900x601.jpg\" alt=\"\" width=\"900\" height=\"601\" \/><strong><b>Let\u0148ansk\u00e9 premi\u00e9ry<\/b><\/strong><\/p>\n<p>Veletrh e-SALON bude tradi\u010dn\u011b m\u00edstem, kde se siln\u00e9 sv\u011btov\u00e9 zna\u010dky pochlub\u00ed sv\u00fdmi nejnov\u011bj\u0161\u00edmi modely, z\u00a0nich\u017e n\u011bkter\u00e9 uvid\u00ed \u010desk\u00e1 odborn\u00e1 i \u0161irok\u00e1 ve\u0159ejnost v\u016fbec poprv\u00e9.<\/p>\n<p>Nap\u0159\u00edklad <strong>\u0160koda Auto<\/strong> p\u0159ipravuje expozici v\u011bnovanou v\u00fdro\u010d\u00ed 130 let v \u010dele s vystavenou designovou studi\u00ed Vision O. N\u00e1v\u0161t\u011bvn\u00edci uvid\u00ed i L&amp;K 130, nejnov\u011bj\u0161\u00ed \u017e\u00e1kovsk\u00fd v\u016fz na platform\u011b Superb iV.<\/p>\n<p>Na expozici <strong>VW<\/strong> si budou moci n\u00e1v\u0161t\u011bvn\u00edci prohl\u00e9dnout \u010dist\u011b elektrickou limuz\u00ednu ID.7 Tourer s\u00a0dojezdem a\u017e 700 km na jedno nabit\u00ed. K\u00a0vid\u011bn\u00ed bude limitovan\u00e1 edice ID.3 GTX FIRE+ICE. Na expozici nebudou chyb\u011bt ani z\u00e1stupci u\u017eitkov\u00fdch voz\u016f \u2013 Caddy eHybrid a e-Caravelle.<\/p>\n<p><strong>Automobilka Kia<\/strong> p\u0159edstav\u00ed zcela nov\u00fd model EV4 ve dvou karos\u00e1\u0159sk\u00fdch verz\u00edch a nov\u00fd LCV model Kia PV5. Oba modely jsou \u010dist\u011b elektrick\u00e9.<\/p>\n<p><img loading=\"lazy\" decoding=\"async\" class=\"alignnone size-medium wp-image-17350\" src=\"http:\/\/www.automakers.cz\/wp-content\/uploads\/2025\/10\/kia-ev4-base-line-blue-flame-dynamic-digital-1920x1080-002-900x506.jpg\" alt=\"\" width=\"900\" height=\"506\" \/>Na st\u00e1nku<strong> Ford<\/strong> bude t\u00e9m\u011b\u0159 kompletn\u00ed nab\u00eddka elektrick\u00fdch a plug-in hybridn\u00edch model\u016f. V centru pozornosti bude zcela nov\u00e1, pln\u011b elektrick\u00e1 Puma Gen-E, druhou hv\u011bzdou bude Ford Ranger PHEV.<\/p>\n<p><img loading=\"lazy\" decoding=\"async\" class=\"alignnone size-medium wp-image-14123\" src=\"http:\/\/www.automakers.cz\/wp-content\/uploads\/2025\/06\/ford-testy-small-1-900x274.jpg\" sizes=\"auto, (max-width: 900px) 100vw, 900px\" srcset=\"https:\/\/www.automakers.cz\/wp-content\/uploads\/2025\/06\/ford-testy-small-1-900x274.jpg 900w, https:\/\/www.automakers.cz\/wp-content\/uploads\/2025\/06\/ford-testy-small-1-1024x312.jpg 1024w, https:\/\/www.automakers.cz\/wp-content\/uploads\/2025\/06\/ford-testy-small-1-768x234.jpg 768w, https:\/\/www.automakers.cz\/wp-content\/uploads\/2025\/06\/ford-testy-small-1-1536x468.jpg 1536w, https:\/\/www.automakers.cz\/wp-content\/uploads\/2025\/06\/ford-testy-small-1-2048x624.jpg 2048w\" alt=\"\" width=\"900\" height=\"274\" \/><\/p>\n<p><strong>Hyundai<\/strong> p\u0159iveze nap\u0159\u00edklad IONIQ 9 a INSTER, Nissan uk\u00e1\u017ee zcela nov\u00fd Nissan MICRA a dal\u0161\u00ed modely. Zna\u010dka Volvo zaujme mimo jin\u00e9 nov\u00fdm modelem ES90, na jej\u00ed expozici d\u00e1le najdete kompletn\u00ed s\u00e9rii elektromobil\u016f \u2013 EX90, EX40, EC40, EX30CC.<\/p>\n<p><img loading=\"lazy\" decoding=\"async\" class=\"alignnone size-medium wp-image-15663\" src=\"http:\/\/www.automakers.cz\/wp-content\/uploads\/2025\/08\/hyundai-ioniq-9-0725-display-96501-900x600.jpg\" sizes=\"auto, (max-width: 900px) 100vw, 900px\" srcset=\"https:\/\/www.automakers.cz\/wp-content\/uploads\/2025\/08\/hyundai-ioniq-9-0725-display-96501-900x600.jpg 900w, https:\/\/www.automakers.cz\/wp-content\/uploads\/2025\/08\/hyundai-ioniq-9-0725-display-96501-1024x683.jpg 1024w, https:\/\/www.automakers.cz\/wp-content\/uploads\/2025\/08\/hyundai-ioniq-9-0725-display-96501-768x512.jpg 768w, https:\/\/www.automakers.cz\/wp-content\/uploads\/2025\/08\/hyundai-ioniq-9-0725-display-96501-1536x1024.jpg 1536w, https:\/\/www.automakers.cz\/wp-content\/uploads\/2025\/08\/hyundai-ioniq-9-0725-display-96501.jpg 1920w\" alt=\"\" width=\"900\" height=\"600\" \/><\/p>\n<p>Jednou z\u00a0hv\u011bzd leto\u0161n\u00edho ro\u010dn\u00edku bude tak\u00e9 zcela nov\u00fd<strong> Mitsubishi<\/strong> Grandis, rodinn\u00fd v\u016fz.<\/p>\n<p><img loading=\"lazy\" decoding=\"async\" class=\"alignnone size-medium wp-image-16487\" src=\"http:\/\/www.automakers.cz\/wp-content\/uploads\/2025\/09\/Mitsubishi-Grandis_0041-900x600.jpg\" sizes=\"auto, (max-width: 900px) 100vw, 900px\" srcset=\"https:\/\/www.automakers.cz\/wp-content\/uploads\/2025\/09\/Mitsubishi-Grandis_0041-900x600.jpg 900w, https:\/\/www.automakers.cz\/wp-content\/uploads\/2025\/09\/Mitsubishi-Grandis_0041-1024x682.jpg 1024w, https:\/\/www.automakers.cz\/wp-content\/uploads\/2025\/09\/Mitsubishi-Grandis_0041-768x512.jpg 768w, https:\/\/www.automakers.cz\/wp-content\/uploads\/2025\/09\/Mitsubishi-Grandis_0041.jpg 1280w\" alt=\"\" width=\"900\" height=\"600\" \/>Teprve od z\u00e1\u0159\u00ed leto\u0161n\u00edho roku p\u016fsob\u00ed na \u010desk\u00e9m trhu zna\u010dka Lynk &amp; Co a bud\u00ed velkou pozornost. Sv\u00e9 elektromobily p\u0159edstav\u00ed tak\u00e9 na veletrhu. Moment\u00e1ln\u011b v\u00a0\u010cesk\u00e9 republice nab\u00edz\u00ed t\u0159i modely: univerz\u00e1ln\u00ed plug-in hybridn\u00ed SUV 01, pln\u011b elektrick\u00fd sportovn\u00ed crossover 02 a vlajkovou lo\u010f 08 \u2013 plug-in hybrid s dojezdem 200 km \u010dist\u011b na elekt\u0159inu a 1100 km celkov\u011b.<\/p>\n<p><img loading=\"lazy\" decoding=\"async\" class=\"alignnone size-medium wp-image-16270\" src=\"http:\/\/www.automakers.cz\/wp-content\/uploads\/2025\/09\/Lynk-Mnichov-Koenigshof-orez-900x526.jpg\" sizes=\"auto, (max-width: 900px) 100vw, 900px\" srcset=\"https:\/\/www.automakers.cz\/wp-content\/uploads\/2025\/09\/Lynk-Mnichov-Koenigshof-orez-900x526.jpg 900w, https:\/\/www.automakers.cz\/wp-content\/uploads\/2025\/09\/Lynk-Mnichov-Koenigshof-orez-1024x599.jpg 1024w, https:\/\/www.automakers.cz\/wp-content\/uploads\/2025\/09\/Lynk-Mnichov-Koenigshof-orez-768x449.jpg 768w, https:\/\/www.automakers.cz\/wp-content\/uploads\/2025\/09\/Lynk-Mnichov-Koenigshof-orez-1536x898.jpg 1536w, https:\/\/www.automakers.cz\/wp-content\/uploads\/2025\/09\/Lynk-Mnichov-Koenigshof-orez.jpg 1834w\" alt=\"\" width=\"900\" height=\"526\" \/><\/p>\n<p>Mezi novinkami bude uveden prvn\u00ed ofici\u00e1ln\u00ed pln\u011b elektrick\u00fd pickup v\u00a0\u010cesku, Riddara RD6, pat\u0159\u00edc\u00ed do skupiny Geely. Postaven je na modern\u00ed platform\u011b SEA, kterou vyu\u017e\u00edvaj\u00ed i zna\u010dky Volvo \u010di Smart. Nov\u00e1\u010dkem e-SALONU bude tak\u00e9 automobilka <strong>XPENG<\/strong>, kter\u00e1 p\u0159iveze sportovn\u00ed SUV kup\u00e9 G6 a pr\u00e9miov\u00e9 SUV G9 \u2013 vlajkovou lo\u010f zna\u010dky.<\/p>\n<p><img loading=\"lazy\" decoding=\"async\" class=\"alignnone size-medium wp-image-14285\" src=\"http:\/\/www.automakers.cz\/wp-content\/uploads\/2025\/06\/Xpeng-Dox-cerveny-900x656.jpeg\" sizes=\"auto, (max-width: 900px) 100vw, 900px\" srcset=\"https:\/\/www.automakers.cz\/wp-content\/uploads\/2025\/06\/Xpeng-Dox-cerveny-900x656.jpeg 900w, https:\/\/www.automakers.cz\/wp-content\/uploads\/2025\/06\/Xpeng-Dox-cerveny-1024x747.jpeg 1024w, https:\/\/www.automakers.cz\/wp-content\/uploads\/2025\/06\/Xpeng-Dox-cerveny-768x560.jpeg 768w, https:\/\/www.automakers.cz\/wp-content\/uploads\/2025\/06\/Xpeng-Dox-cerveny.jpeg 1222w\" alt=\"\" width=\"900\" height=\"656\" \/><\/p>\n<p>Krom\u011b model\u016f elektromobil\u016f se v\u00a0PVA EXPO PRAHA p\u0159edstav\u00ed tak\u00e9 novinky v\u00a0odv\u011btv\u00ed dob\u00edjec\u00edch syst\u00e9m\u016f, nap\u0159\u00edklad SECTRON p\u0159edstav\u00ed nab\u00edje\u010dky OlifeEnergy a jejich inovativn\u00ed \u0159e\u0161en\u00ed pro chytr\u00e9 nab\u00edjen\u00ed. \u010cesk\u00e1 spole\u010dnost Auto-charge uk\u00e1\u017ee vlastn\u00ed \u0159e\u0161en\u00ed pro spr\u00e1vu nab\u00edjec\u00edch s\u00edt\u00ed a budoucnost autonomn\u00edho \u0159\u00edzen\u00ed p\u0159edstav\u00ed Valeo.<\/p>\n<p><img loading=\"lazy\" decoding=\"async\" class=\"alignnone size-medium wp-image-17353\" src=\"http:\/\/www.automakers.cz\/wp-content\/uploads\/2025\/10\/ESALON-nabijecka_M2N27321-900x600.jpg\" alt=\"\" width=\"900\" height=\"600\" \/><strong><b>Testov\u00e1n\u00ed i setk\u00e1n\u00ed odborn\u00edk\u016f<\/b><\/strong><\/p>\n<p>Prvn\u00ed den veletrhu, ve \u010dtvrtek 13. listopadu, prob\u011bhne v\u00a0Kongresov\u00e9m s\u00e1le Vstupn\u00ed haly III odborn\u00e1 konference <strong><b>\u010cist\u00e1 mobilita<\/b><\/strong>, kter\u00e1 nab\u00eddne p\u0159edn\u00e1\u0161ky od v\u00fdznamn\u00fdch zahrani\u010dn\u00edch i tuzemsk\u00fdch odborn\u00edk\u016f. Letos nese podtitul <strong><b>Sm\u011b\u0159ov\u00e1n\u00ed k\u00a0\u010dist\u00e9 mobilit\u011b \u2013 Nov\u00e9 v\u00fdzvy pro m\u011bsta a pro pr\u016fmysl<\/b><\/strong>. Podrobnosti o konferenci najdete <a href=\"https:\/\/konferencecistamobilita.cz\/\"><u>ZDE<\/u><\/a>.<\/p>\n<p>V\u00a0Hale 1 budou ve spolupr\u00e1ci s\u00a0partnery CAR MNGMT a Voltdrive pro n\u00e1v\u0161t\u011bvn\u00edky veletrhu p\u0159ipraveny des\u00edtky model\u016f testovac\u00edch voz\u016f, kter\u00e9 bude mo\u017en\u00e9 si na m\u00edst\u011b vyzkou\u0161et.<\/p>\n<p><img loading=\"lazy\" decoding=\"async\" class=\"alignnone size-medium wp-image-8962\" src=\"http:\/\/www.automakers.cz\/wp-content\/uploads\/2024\/11\/Salon-Hala3-900x600.jpg\" alt=\"\" width=\"900\" height=\"600\" \/><strong>Novinkou budou testovac\u00ed j\u00edzdy elektrokol v\u00a0Hale 7<\/strong>, kde se tak\u00e9 uskute\u010dn\u00ed nejv\u011bt\u0161\u00ed festival elektrokol v\u00a0\u010cR \u2013 E-bike Fest. Partnery akce jsou nejv\u00fdrazn\u011bj\u0161\u00ed \u010de\u0161t\u00ed a sloven\u0161t\u00ed v\u00fdrobci elektrokol 4EVER, APACHE, CRUSSIS, KELLYS, ROCK MACHINE, LEVIT a Agogs, kter\u00e9 dopln\u00ed zahrani\u010dn\u00ed zna\u010dky BULLS, CORRATEC, RAYMON a dal\u0161\u00ed.<\/p>\n<p>Sou\u010d\u00e1st\u00ed doprovodn\u00e9ho programu veletrhu bude i z\u00e1vod Ecco Rally, jeho\u017e start prob\u011bhne v\u00a0p\u00e1tek 14. listopadu na v\u00fdstavi\u0161ti PVA EXPO PRAHA.<\/p>\n<p><strong><b>Zdroj:\u00a0 <\/b><\/strong><a href=\"http:\/\/www.e-salon.cz\"><strong><u><b>www.e-salon.cz<\/b><\/u><\/strong><\/a><\/p>\n","protected":false},"excerpt":{"rendered":"<p>Veletrh \u010dist\u00e9 mobility e-SALON v pra\u017esk\u00fdch Let\u0148anech letos zapln\u00ed v PVA EXPO PRAHA sedm v\u00fdstavn\u00edch&#8230;<\/p>\n","protected":false},"author":1,"featured_media":1323,"comment_status":"open","ping_status":"open","sticky":false,"template":"","format":"standard","meta":{"footnotes":""},"categories":[17,6],"tags":[],"class_list":["post-1322","post","type-post","status-publish","format-standard","has-post-thumbnail","hentry","category-elektromobily","category-vystavy"],"_links":{"self":[{"href":"https:\/\/www.klubmn.cz\/index.php?rest_route=\/wp\/v2\/posts\/1322","targetHints":{"allow":["GET"]}}],"collection":[{"href":"https:\/\/www.klubmn.cz\/index.php?rest_route=\/wp\/v2\/posts"}],"about":[{"href":"https:\/\/www.klubmn.cz\/index.php?rest_route=\/wp\/v2\/types\/post"}],"author":[{"embeddable":true,"href":"https:\/\/www.klubmn.cz\/index.php?rest_route=\/wp\/v2\/users\/1"}],"replies":[{"embeddable":true,"href":"https:\/\/www.klubmn.cz\/index.php?rest_route=%2Fwp%2Fv2%2Fcomments&post=1322"}],"version-history":[{"count":2,"href":"https:\/\/www.klubmn.cz\/index.php?rest_route=\/wp\/v2\/posts\/1322\/revisions"}],"predecessor-version":[{"id":1325,"href":"https:\/\/www.klubmn.cz\/index.php?rest_route=\/wp\/v2\/posts\/1322\/revisions\/1325"}],"wp:featuredmedia":[{"embeddable":true,"href":"https:\/\/www.klubmn.cz\/index.php?rest_route=\/wp\/v2\/media\/1323"}],"wp:attachment":[{"href":"https:\/\/www.klubmn.cz\/index.php?rest_route=%2Fwp%2Fv2%2Fmedia&parent=1322"}],"wp:term":[{"taxonomy":"category","embeddable":true,"href":"https:\/\/www.klubmn.cz\/index.php?rest_route=%2Fwp%2Fv2%2Fcategories&post=1322"},{"taxonomy":"post_tag","embeddable":true,"href":"https:\/\/www.klubmn.cz\/index.php?rest_route=%2Fwp%2Fv2%2Ftags&post=1322"}],"curies":[{"name":"wp","href":"https:\/\/api.w.org\/{rel}","templated":true}]}}