{"id":1349,"date":"2025-11-15T09:16:11","date_gmt":"2025-11-15T09:16:11","guid":{"rendered":"https:\/\/www.klubmn.cz\/?p=1349"},"modified":"2025-11-15T09:16:11","modified_gmt":"2025-11-15T09:16:11","slug":"e-salon-2025-zacal-odbornym-dnem-s-tiskovymi-konferencemi","status":"publish","type":"post","link":"https:\/\/www.klubmn.cz\/?p=1349","title":{"rendered":"e-SALON 2025 za\u010dal odborn\u00fdm dnem s tiskov\u00fdmi konferencemi"},"content":{"rendered":"<p><strong><b>Speci\u00e1ln\u00edm dnem pro novin\u00e1\u0159e a odbornou ve\u0159ejnost odstartoval v Let\u0148anech Veletrh \u010dist\u00e9 mobility e-SALON (13. do 16.11.). Novin\u00e1\u0159i b\u011b\u017eeli od jedn\u00e9 tiskov\u00e9 konference ke druh\u00e9. Kdo byl k vid\u011bn\u00ed na st\u00e1nc\u00edch?<\/b><\/strong><span id=\"more-17829\"><\/span><!--more--><\/p>\n<p>Sedm\u00fd ro\u010dn\u00edk veletrhu e-SALON odstartoval odbornou <strong><b>konferenc\u00ed<\/b><\/strong>\u00a0<strong><b>\u010cist\u00e1 mobilita <\/b><\/strong>po\u0159\u00e1danou organiz\u00e1torem veletrhu, spole\u010dnost\u00ed ABF. Na akci se uk\u00e1zal ministr dopravy \u010cR<strong> Martin Kupka.<\/strong><\/p>\n<p><img loading=\"lazy\" decoding=\"async\" class=\"alignnone size-medium wp-image-17831\" src=\"http:\/\/www.automakers.cz\/wp-content\/uploads\/2025\/11\/eSalon-Kupka-Malace-orez-900x610.jpg\" sizes=\"auto, (max-width: 900px) 100vw, 900px\" srcset=\"https:\/\/www.automakers.cz\/wp-content\/uploads\/2025\/11\/eSalon-Kupka-Malace-orez-900x610.jpg 900w, https:\/\/www.automakers.cz\/wp-content\/uploads\/2025\/11\/eSalon-Kupka-Malace-orez-1024x694.jpg 1024w, https:\/\/www.automakers.cz\/wp-content\/uploads\/2025\/11\/eSalon-Kupka-Malace-orez-768x521.jpg 768w, https:\/\/www.automakers.cz\/wp-content\/uploads\/2025\/11\/eSalon-Kupka-Malace-orez-1536x1042.jpg 1536w, https:\/\/www.automakers.cz\/wp-content\/uploads\/2025\/11\/eSalon-Kupka-Malace-orez.jpg 1600w\" alt=\"\" width=\"900\" height=\"610\" \/><strong><b>Pro z\u00e1stupce m\u00e9di\u00ed a odborn\u00edky byla ve \u010dtvrtek 13. listopadu p\u0159ipravena s\u00e9rie konferenc\u00ed:<\/b><\/strong><\/p>\n<p>8:00 \u2013 <strong>FORD \u2013 sn\u00eddan\u011b s novin\u00e1\u0159i, z\u00e1stupce m\u00e9dii nakrmil mluv\u010d\u00ed zna\u010dky Petr Buri\u00e1n<\/strong><\/p>\n<p><img loading=\"lazy\" decoding=\"async\" class=\"alignnone size-medium wp-image-17846\" src=\"http:\/\/www.automakers.cz\/wp-content\/uploads\/2025\/11\/eSalon-Ford-stanek-900x524.jpg\" sizes=\"auto, (max-width: 900px) 100vw, 900px\" srcset=\"https:\/\/www.automakers.cz\/wp-content\/uploads\/2025\/11\/eSalon-Ford-stanek-900x524.jpg 900w, https:\/\/www.automakers.cz\/wp-content\/uploads\/2025\/11\/eSalon-Ford-stanek-1024x597.jpg 1024w, https:\/\/www.automakers.cz\/wp-content\/uploads\/2025\/11\/eSalon-Ford-stanek-768x448.jpg 768w, https:\/\/www.automakers.cz\/wp-content\/uploads\/2025\/11\/eSalon-Ford-stanek-1536x895.jpg 1536w, https:\/\/www.automakers.cz\/wp-content\/uploads\/2025\/11\/eSalon-Ford-stanek.jpg 1977w\" alt=\"\" width=\"900\" height=\"524\" \/>9:00 \u2013 <strong>BYD, k m\u00e9di\u00edm promluvil contry mana\u017eer zna\u010dky Shawn Wang<\/strong><\/p>\n<p><img loading=\"lazy\" decoding=\"async\" class=\"alignnone size-medium wp-image-17832\" src=\"http:\/\/www.automakers.cz\/wp-content\/uploads\/2025\/11\/eSalon-BYD-Shawn-Wang-900x569.jpg\" sizes=\"auto, (max-width: 900px) 100vw, 900px\" srcset=\"https:\/\/www.automakers.cz\/wp-content\/uploads\/2025\/11\/eSalon-BYD-Shawn-Wang-900x569.jpg 900w, https:\/\/www.automakers.cz\/wp-content\/uploads\/2025\/11\/eSalon-BYD-Shawn-Wang-1024x647.jpg 1024w, https:\/\/www.automakers.cz\/wp-content\/uploads\/2025\/11\/eSalon-BYD-Shawn-Wang-768x485.jpg 768w, https:\/\/www.automakers.cz\/wp-content\/uploads\/2025\/11\/eSalon-BYD-Shawn-Wang-1536x971.jpg 1536w, https:\/\/www.automakers.cz\/wp-content\/uploads\/2025\/11\/eSalon-BYD-Shawn-Wang.jpg 1589w\" alt=\"\" width=\"900\" height=\"569\" \/>10:00 \u2013<strong> \u0160koda Auto, o p\u0159\u00edchodu nov\u00e9ho modelu Epiq hovo\u0159il \u0161\u00e9f importu Ji\u0159\u00ed Mal\u00e1\u010dek<\/strong><\/p>\n<p><img loading=\"lazy\" decoding=\"async\" class=\"alignnone size-medium wp-image-17833\" src=\"http:\/\/www.automakers.cz\/wp-content\/uploads\/2025\/11\/eSalon-Skoda-Malacek-900x539.jpg\" sizes=\"auto, (max-width: 900px) 100vw, 900px\" srcset=\"https:\/\/www.automakers.cz\/wp-content\/uploads\/2025\/11\/eSalon-Skoda-Malacek-900x539.jpg 900w, https:\/\/www.automakers.cz\/wp-content\/uploads\/2025\/11\/eSalon-Skoda-Malacek-1024x614.jpg 1024w, https:\/\/www.automakers.cz\/wp-content\/uploads\/2025\/11\/eSalon-Skoda-Malacek-768x460.jpg 768w, https:\/\/www.automakers.cz\/wp-content\/uploads\/2025\/11\/eSalon-Skoda-Malacek-1536x921.jpg 1536w, https:\/\/www.automakers.cz\/wp-content\/uploads\/2025\/11\/eSalon-Skoda-Malacek.jpg 1922w\" alt=\"\" width=\"900\" height=\"539\" \/>10:30 \u2013 <strong>KIA, elektromobiln\u00ed ofenzivu zna\u010dky popsal gener\u00e1ln\u00ed \u0159editel Arno\u0161t Barna<\/strong><\/p>\n<p><img loading=\"lazy\" decoding=\"async\" class=\"alignnone size-medium wp-image-17834\" src=\"http:\/\/www.automakers.cz\/wp-content\/uploads\/2025\/11\/eSalon-KIa-EV9--900x564.jpg\" sizes=\"auto, (max-width: 900px) 100vw, 900px\" srcset=\"https:\/\/www.automakers.cz\/wp-content\/uploads\/2025\/11\/eSalon-KIa-EV9--900x564.jpg 900w, https:\/\/www.automakers.cz\/wp-content\/uploads\/2025\/11\/eSalon-KIa-EV9--1024x642.jpg 1024w, https:\/\/www.automakers.cz\/wp-content\/uploads\/2025\/11\/eSalon-KIa-EV9--768x482.jpg 768w, https:\/\/www.automakers.cz\/wp-content\/uploads\/2025\/11\/eSalon-KIa-EV9--1536x963.jpg 1536w, https:\/\/www.automakers.cz\/wp-content\/uploads\/2025\/11\/eSalon-KIa-EV9-.jpg 1724w\" alt=\"\" width=\"900\" height=\"564\" \/>11:00 \u2013<strong> NISSAN p\u0159edvedl elektrickou Micru<\/strong><\/p>\n<p><img loading=\"lazy\" decoding=\"async\" class=\"alignnone size-medium wp-image-17835\" src=\"http:\/\/www.automakers.cz\/wp-content\/uploads\/2025\/11\/eSalon-stanek-Nissan-Micra-900x425.jpg\" sizes=\"auto, (max-width: 900px) 100vw, 900px\" srcset=\"https:\/\/www.automakers.cz\/wp-content\/uploads\/2025\/11\/eSalon-stanek-Nissan-Micra-900x425.jpg 900w, https:\/\/www.automakers.cz\/wp-content\/uploads\/2025\/11\/eSalon-stanek-Nissan-Micra-1024x483.jpg 1024w, https:\/\/www.automakers.cz\/wp-content\/uploads\/2025\/11\/eSalon-stanek-Nissan-Micra-768x362.jpg 768w, https:\/\/www.automakers.cz\/wp-content\/uploads\/2025\/11\/eSalon-stanek-Nissan-Micra-1536x725.jpg 1536w, https:\/\/www.automakers.cz\/wp-content\/uploads\/2025\/11\/eSalon-stanek-Nissan-Micra.jpg 1945w\" alt=\"\" width=\"900\" height=\"425\" \/>11:30 \u2013 <strong>HYUNDAI, na st\u00e1nku jsme pohovo\u0159ili s gener\u00e1ln\u00edm \u0159editelem HMCZ Martinem Saitzem<\/strong><\/p>\n<p><img loading=\"lazy\" decoding=\"async\" class=\"alignnone size-medium wp-image-17836\" src=\"http:\/\/www.automakers.cz\/wp-content\/uploads\/2025\/11\/eSalon-Hyundai-Saitz-900x538.jpg\" sizes=\"auto, (max-width: 900px) 100vw, 900px\" srcset=\"https:\/\/www.automakers.cz\/wp-content\/uploads\/2025\/11\/eSalon-Hyundai-Saitz-900x538.jpg 900w, https:\/\/www.automakers.cz\/wp-content\/uploads\/2025\/11\/eSalon-Hyundai-Saitz-1024x612.jpg 1024w, https:\/\/www.automakers.cz\/wp-content\/uploads\/2025\/11\/eSalon-Hyundai-Saitz-768x459.jpg 768w, https:\/\/www.automakers.cz\/wp-content\/uploads\/2025\/11\/eSalon-Hyundai-Saitz-1536x919.jpg 1536w, https:\/\/www.automakers.cz\/wp-content\/uploads\/2025\/11\/eSalon-Hyundai-Saitz.jpg 1831w\" alt=\"\" width=\"900\" height=\"538\" \/>12:00 \u2013 <strong>MITSUBISHI, na expozici dohl\u00ed\u017eel \u0161\u00e9f M Motors Kamil \u0160ilhav\u00fd<\/strong><\/p>\n<p><img loading=\"lazy\" decoding=\"async\" class=\"alignnone size-medium wp-image-17837\" src=\"http:\/\/www.automakers.cz\/wp-content\/uploads\/2025\/11\/eSalon-Mitsubishi-hostesky-Kamil-900x530.jpg\" sizes=\"auto, (max-width: 900px) 100vw, 900px\" srcset=\"https:\/\/www.automakers.cz\/wp-content\/uploads\/2025\/11\/eSalon-Mitsubishi-hostesky-Kamil-900x530.jpg 900w, https:\/\/www.automakers.cz\/wp-content\/uploads\/2025\/11\/eSalon-Mitsubishi-hostesky-Kamil-1024x603.jpg 1024w, https:\/\/www.automakers.cz\/wp-content\/uploads\/2025\/11\/eSalon-Mitsubishi-hostesky-Kamil-768x452.jpg 768w, https:\/\/www.automakers.cz\/wp-content\/uploads\/2025\/11\/eSalon-Mitsubishi-hostesky-Kamil-1536x905.jpg 1536w, https:\/\/www.automakers.cz\/wp-content\/uploads\/2025\/11\/eSalon-Mitsubishi-hostesky-Kamil.jpg 1956w\" alt=\"\" width=\"900\" height=\"530\" \/>12:30 \u2013<strong> OPEL, tiskovku s influencerkou Besky\u00a0 jako obvykle \u0159\u00eddil mluv\u010d\u00ed zna\u010dky Martin Hejral<\/strong><\/p>\n<p><img loading=\"lazy\" decoding=\"async\" class=\"alignnone size-medium wp-image-17838\" src=\"http:\/\/www.automakers.cz\/wp-content\/uploads\/2025\/11\/eSalon-Opel-Hejral-kamera-900x509.jpg\" sizes=\"auto, (max-width: 900px) 100vw, 900px\" srcset=\"https:\/\/www.automakers.cz\/wp-content\/uploads\/2025\/11\/eSalon-Opel-Hejral-kamera-900x509.jpg 900w, https:\/\/www.automakers.cz\/wp-content\/uploads\/2025\/11\/eSalon-Opel-Hejral-kamera-1024x579.jpg 1024w, https:\/\/www.automakers.cz\/wp-content\/uploads\/2025\/11\/eSalon-Opel-Hejral-kamera-768x434.jpg 768w, https:\/\/www.automakers.cz\/wp-content\/uploads\/2025\/11\/eSalon-Opel-Hejral-kamera-1536x868.jpg 1536w, https:\/\/www.automakers.cz\/wp-content\/uploads\/2025\/11\/eSalon-Opel-Hejral-kamera.jpg 1843w\" alt=\"\" width=\"900\" height=\"509\" \/>13:00 \u2013<strong> TATRA p\u0159edvedla novinky ze sv\u011bta t\u011b\u017ek\u00e9 n\u00e1kladn\u00ed techniky<\/strong><\/p>\n<p><img loading=\"lazy\" decoding=\"async\" class=\"alignnone size-medium wp-image-17839\" src=\"http:\/\/www.automakers.cz\/wp-content\/uploads\/2025\/11\/eSalon-Tatra-TK--900x561.jpg\" sizes=\"auto, (max-width: 900px) 100vw, 900px\" srcset=\"https:\/\/www.automakers.cz\/wp-content\/uploads\/2025\/11\/eSalon-Tatra-TK--900x561.jpg 900w, https:\/\/www.automakers.cz\/wp-content\/uploads\/2025\/11\/eSalon-Tatra-TK--1024x639.jpg 1024w, https:\/\/www.automakers.cz\/wp-content\/uploads\/2025\/11\/eSalon-Tatra-TK--768x479.jpg 768w, https:\/\/www.automakers.cz\/wp-content\/uploads\/2025\/11\/eSalon-Tatra-TK--1536x958.jpg 1536w, https:\/\/www.automakers.cz\/wp-content\/uploads\/2025\/11\/eSalon-Tatra-TK-.jpg 1815w\" alt=\"\" width=\"900\" height=\"561\" \/>13:30 \u2013 <strong>LEAPMOTOR, \u0161\u00e9f zna\u010dky Luk\u00e1\u0161 Ho\u0161ek p\u0159edstavil dal\u0161\u00ed \u010d\u00ednskou \u0161tiku v rybn\u00edce<\/strong><\/p>\n<p><img loading=\"lazy\" decoding=\"async\" class=\"alignnone size-medium wp-image-17840\" src=\"http:\/\/www.automakers.cz\/wp-content\/uploads\/2025\/11\/eSalon-stanek-Leapmotor-900x536.jpg\" sizes=\"auto, (max-width: 900px) 100vw, 900px\" srcset=\"https:\/\/www.automakers.cz\/wp-content\/uploads\/2025\/11\/eSalon-stanek-Leapmotor-900x536.jpg 900w, https:\/\/www.automakers.cz\/wp-content\/uploads\/2025\/11\/eSalon-stanek-Leapmotor-1024x610.jpg 1024w, https:\/\/www.automakers.cz\/wp-content\/uploads\/2025\/11\/eSalon-stanek-Leapmotor-768x458.jpg 768w, https:\/\/www.automakers.cz\/wp-content\/uploads\/2025\/11\/eSalon-stanek-Leapmotor-1536x915.jpg 1536w, https:\/\/www.automakers.cz\/wp-content\/uploads\/2025\/11\/eSalon-stanek-Leapmotor.jpg 1933w\" alt=\"\" width=\"900\" height=\"536\" \/>14:00 \u2013 <strong>DACIA, \u0161\u00e9f Renaultu \u010cR Zden\u011bk Grunt p\u0159iv\u00edtal dakarovou z\u00e1vodnici Cristinu Guti\u00e9rrez\u00a0<\/strong><\/p>\n<p><img loading=\"lazy\" decoding=\"async\" class=\"alignnone size-medium wp-image-17841\" src=\"http:\/\/www.automakers.cz\/wp-content\/uploads\/2025\/11\/eSalon-Renault-TK-Grunt-900x562.jpg\" sizes=\"auto, (max-width: 900px) 100vw, 900px\" srcset=\"https:\/\/www.automakers.cz\/wp-content\/uploads\/2025\/11\/eSalon-Renault-TK-Grunt-900x562.jpg 900w, https:\/\/www.automakers.cz\/wp-content\/uploads\/2025\/11\/eSalon-Renault-TK-Grunt-1024x640.jpg 1024w, https:\/\/www.automakers.cz\/wp-content\/uploads\/2025\/11\/eSalon-Renault-TK-Grunt-768x480.jpg 768w, https:\/\/www.automakers.cz\/wp-content\/uploads\/2025\/11\/eSalon-Renault-TK-Grunt-1536x959.jpg 1536w, https:\/\/www.automakers.cz\/wp-content\/uploads\/2025\/11\/eSalon-Renault-TK-Grunt.jpg 1646w\" alt=\"\" width=\"900\" height=\"562\" \/>15:00 \u2013<strong> DONGFENG\/VOYAH, slovensk\u00fd import\u00e9r p\u0159edvedl nab\u00eddku \u010d\u00ednsk\u00e9 automobilky<\/strong><\/p>\n<p><img loading=\"lazy\" decoding=\"async\" class=\"alignnone size-medium wp-image-17842\" src=\"http:\/\/www.automakers.cz\/wp-content\/uploads\/2025\/11\/eSalon-Dongfeng-900x511.jpg\" sizes=\"auto, (max-width: 900px) 100vw, 900px\" srcset=\"https:\/\/www.automakers.cz\/wp-content\/uploads\/2025\/11\/eSalon-Dongfeng-900x511.jpg 900w, https:\/\/www.automakers.cz\/wp-content\/uploads\/2025\/11\/eSalon-Dongfeng-1024x581.jpg 1024w, https:\/\/www.automakers.cz\/wp-content\/uploads\/2025\/11\/eSalon-Dongfeng-768x436.jpg 768w, https:\/\/www.automakers.cz\/wp-content\/uploads\/2025\/11\/eSalon-Dongfeng-1536x871.jpg 1536w, https:\/\/www.automakers.cz\/wp-content\/uploads\/2025\/11\/eSalon-Dongfeng.jpg 1722w\" alt=\"\" width=\"900\" height=\"511\" \/>P\u00e1tek 14. listopadu nab\u00eddl odborn\u00fdm n\u00e1v\u0161t\u011bvn\u00edk\u016fm veletrhu konferenci s n\u00e1zvem <strong><b>Modern\u00ed technologie v\u00a0elektrick\u00e9 doprav\u011b<\/b><\/strong>. Tematicky se zam\u011b\u0159ila na podporu elektromobility v \u010cR a zp\u011btnou vazbu pr\u016fmyslu, odv\u011btv\u00ed \u010dist\u00e9 mobility z pohledu st\u00e1tn\u00edch instituc\u00ed nebo nast\u00edn\u00ed problematiku koup\u011b ojet\u00fdch elektrick\u00fdch voz\u016f.<\/p>\n<p><strong>Erich Handl, Let\u0148any, FOTO: autor<\/strong><\/p>\n","protected":false},"excerpt":{"rendered":"<p>Speci\u00e1ln\u00edm dnem pro novin\u00e1\u0159e a odbornou ve\u0159ejnost odstartoval v Let\u0148anech Veletrh \u010dist\u00e9 mobility e-SALON (13&#8230;.<\/p>\n","protected":false},"author":1,"featured_media":1350,"comment_status":"open","ping_status":"open","sticky":false,"template":"","format":"standard","meta":{"footnotes":""},"categories":[17,48,6],"tags":[],"class_list":["post-1349","post","type-post","status-publish","format-standard","has-post-thumbnail","hentry","category-elektromobily","category-reportaz","category-vystavy"],"_links":{"self":[{"href":"https:\/\/www.klubmn.cz\/index.php?rest_route=\/wp\/v2\/posts\/1349","targetHints":{"allow":["GET"]}}],"collection":[{"href":"https:\/\/www.klubmn.cz\/index.php?rest_route=\/wp\/v2\/posts"}],"about":[{"href":"https:\/\/www.klubmn.cz\/index.php?rest_route=\/wp\/v2\/types\/post"}],"author":[{"embeddable":true,"href":"https:\/\/www.klubmn.cz\/index.php?rest_route=\/wp\/v2\/users\/1"}],"replies":[{"embeddable":true,"href":"https:\/\/www.klubmn.cz\/index.php?rest_route=%2Fwp%2Fv2%2Fcomments&post=1349"}],"version-history":[{"count":1,"href":"https:\/\/www.klubmn.cz\/index.php?rest_route=\/wp\/v2\/posts\/1349\/revisions"}],"predecessor-version":[{"id":1351,"href":"https:\/\/www.klubmn.cz\/index.php?rest_route=\/wp\/v2\/posts\/1349\/revisions\/1351"}],"wp:featuredmedia":[{"embeddable":true,"href":"https:\/\/www.klubmn.cz\/index.php?rest_route=\/wp\/v2\/media\/1350"}],"wp:attachment":[{"href":"https:\/\/www.klubmn.cz\/index.php?rest_route=%2Fwp%2Fv2%2Fmedia&parent=1349"}],"wp:term":[{"taxonomy":"category","embeddable":true,"href":"https:\/\/www.klubmn.cz\/index.php?rest_route=%2Fwp%2Fv2%2Fcategories&post=1349"},{"taxonomy":"post_tag","embeddable":true,"href":"https:\/\/www.klubmn.cz\/index.php?rest_route=%2Fwp%2Fv2%2Ftags&post=1349"}],"curies":[{"name":"wp","href":"https:\/\/api.w.org\/{rel}","templated":true}]}}