{"id":1377,"date":"2025-12-01T10:37:50","date_gmt":"2025-12-01T10:37:50","guid":{"rendered":"https:\/\/www.klubmn.cz\/?p=1377"},"modified":"2025-12-01T10:37:50","modified_gmt":"2025-12-01T10:37:50","slug":"slimak-konci-1-prosince-ve-skode-vrchlabi","status":"publish","type":"post","link":"https:\/\/www.klubmn.cz\/?p=1377","title":{"rendered":"Slim\u00e1k kon\u010d\u00ed 1. prosince ve \u0160kod\u011b Vrchlab\u00ed"},"content":{"rendered":"<p><strong>Od roku 2011 \u0161\u00e9fuje z\u00e1vod \u0160kody Auto ve Vrchlab\u00ed Ivan Slim\u00e1k, zaslou\u017eil se o jeho \u00fasp\u011b\u0161nou transformaci z mont\u00e1\u017ee automobil\u016f na v\u00fdrobu 7stup\u0148ov\u00fdch automatick\u00fdch p\u0159evodovek DQ200. Prvn\u00edho prosince ode\u0161el do d\u016fchodu.<\/strong><span id=\"more-18059\"><\/span><!--more--><\/p>\n<p>Ivan Slim\u00e1k zasv\u011btil svoji pr\u00e1ci od roku 1992 spole\u010dnosti \u0160koda Auto a koncernu Volkswagen zejm\u00e9na v oblastech v\u00fdroby komponent\u016f a \u0159\u00edzen\u00ed kvality. P\u016fsobil na vedouc\u00edch pozic\u00edch v N\u011bmecku, \u010c\u00edn\u011b a Indii a od roku 2011 byl vedouc\u00edm vrchlabsk\u00e9ho z\u00e1vodu.<\/p>\n<p>Projekt <strong>transformace z\u00e1vodu ve Vrchlab\u00ed<\/strong> z mont\u00e1\u017ee automobil\u016f na vysoce modern\u00ed provoz pro v\u00fdrobu automatick\u00fdch p\u0159evodovek DQ200 s p\u0159\u00edm\u00fdm \u0159azen\u00edm byl jedn\u00edm z vrchol\u016f jeho kari\u00e9ry.<\/p>\n<p>\u201eNa d\u016fchod se st\u011bhuji do \u010cesk\u00e9ho r\u00e1je, kde se budu v\u011bnovat man\u017eelce, turistice, sportov\u00e1n\u00ed a sv\u00fdm dv\u011bma ps\u016fm,\u201c<strong> prozradil sv\u00e9 dal\u0161\u00ed pl\u00e1ny na\u0161emu \u010dasopisu<\/strong> odch\u00e1zej\u00edc\u00ed mana\u017eer.<\/p>\n<p><img loading=\"lazy\" decoding=\"async\" class=\"alignnone size-medium wp-image-18062\" src=\"http:\/\/www.automakers.cz\/wp-content\/uploads\/2025\/11\/Skoda-TK-Vrchlabi-Lars-900x675.jpg\" sizes=\"auto, (max-width: 900px) 100vw, 900px\" srcset=\"https:\/\/www.automakers.cz\/wp-content\/uploads\/2025\/11\/Skoda-TK-Vrchlabi-Lars-900x675.jpg 900w, https:\/\/www.automakers.cz\/wp-content\/uploads\/2025\/11\/Skoda-TK-Vrchlabi-Lars-1024x768.jpg 1024w, https:\/\/www.automakers.cz\/wp-content\/uploads\/2025\/11\/Skoda-TK-Vrchlabi-Lars-768x576.jpg 768w, https:\/\/www.automakers.cz\/wp-content\/uploads\/2025\/11\/Skoda-TK-Vrchlabi-Lars-1536x1152.jpg 1536w, https:\/\/www.automakers.cz\/wp-content\/uploads\/2025\/11\/Skoda-TK-Vrchlabi-Lars.jpg 2048w\" alt=\"\" width=\"900\" height=\"675\" \/><strong>Slim\u00e1ka st\u0159\u00edd\u00e1 B\u00fcrger<\/strong><\/p>\n<p>Nov\u00fdm vedouc\u00edm z\u00e1vodu \u0160koda Auto Vrchlab\u00ed bude od 1. 12. 2025 Lars B\u00fcrger. Mana\u017eer s mnohalet\u00fdmi zku\u0161enostmi z oblasti v\u00fdroby komponent\u016f p\u016fsob\u00ed ve spole\u010dnosti \u0160koda Auto od roku 2011.<\/p>\n<p><strong>Andreas Dick, \u010dlen p\u0159edstavenstva spole\u010dnosti \u0160koda Auto pro V\u00fdrobu a logistiku, \u0159\u00edk\u00e1:<\/strong> \u201eLars B\u00fcrger je vysoce zku\u0161en\u00fd odborn\u00edk v oblasti v\u00fdroby komponent\u016f. Jeho v\u00edce ne\u017e dvacetilet\u00e9 zku\u0161enosti v oboru, z toho t\u00e9m\u011b\u0159 patn\u00e1ct let ve veden\u00ed v\u00fdznamn\u00fdch projekt\u016f v r\u00e1mci spole\u010dnosti \u0160koda Auto, z n\u011bj \u010din\u00ed ide\u00e1ln\u00ed volbu pro pozici vedouc\u00edho z\u00e1vodu ve Vrchlab\u00ed, kter\u00fd se \u0159ad\u00ed mezi nejmodern\u011bj\u0161\u00ed v\u00fdrobn\u00ed podniky v cel\u00e9m koncernu Volkswagen.<\/p>\n<p><img loading=\"lazy\" decoding=\"async\" class=\"alignnone size-medium wp-image-18063\" src=\"http:\/\/www.automakers.cz\/wp-content\/uploads\/2025\/11\/Skoda-Slimak-Lars-Burger-Vrchlabi-900x675.jpg\" sizes=\"auto, (max-width: 900px) 100vw, 900px\" srcset=\"https:\/\/www.automakers.cz\/wp-content\/uploads\/2025\/11\/Skoda-Slimak-Lars-Burger-Vrchlabi-900x675.jpg 900w, https:\/\/www.automakers.cz\/wp-content\/uploads\/2025\/11\/Skoda-Slimak-Lars-Burger-Vrchlabi-1024x768.jpg 1024w, https:\/\/www.automakers.cz\/wp-content\/uploads\/2025\/11\/Skoda-Slimak-Lars-Burger-Vrchlabi-768x576.jpg 768w, https:\/\/www.automakers.cz\/wp-content\/uploads\/2025\/11\/Skoda-Slimak-Lars-Burger-Vrchlabi-1536x1152.jpg 1536w, https:\/\/www.automakers.cz\/wp-content\/uploads\/2025\/11\/Skoda-Slimak-Lars-Burger-Vrchlabi.jpg 2048w\" alt=\"\" width=\"900\" height=\"675\" \/><strong>Lars B\u00fcrger (na sn\u00edmku vlevo) byl od roku 2021 vedouc\u00edm v\u00fdroby benzinov\u00fdch motor\u016f EA211,<\/strong> kter\u00e9 tvo\u0159\u00ed p\u00e1te\u0159 nab\u00eddky pohonn\u00fdch \u00fastroj\u00ed \u0160koda Auto. Svoji celou kari\u00e9ru se v\u011bnoval v\u00fdrob\u011b automobilov\u00fdch komponent\u016f. Od roku 2002 p\u016fsobil v N\u011bmecku a Polsku u firem BMW, Mahle a Bosch, do spole\u010dnosti \u0160koda Auto nastoupil v roce 2011. Zde zast\u00e1val \u0159adu pozic, v\u010detn\u011b vedouc\u00edho v\u00fdroby manu\u00e1ln\u011b \u0159azen\u00fdch p\u0159evodovek.<\/p>\n<p>V letech 2021 a\u017e 2022 byl vice prezidentem spole\u010dnosti \u0160koda Auto Volkswagen India Private Limited (\u0160AVWIPL) v Pun\u00e9<br \/>\npro oblast komponent\u016f.<\/p>\n<p>Z\u00e1vod ve Vrchlab\u00ed pro\u0161el pod veden\u00edm Ivana Slim\u00e1ka v\u00fdrazn\u00fdm rozvojem a roz\u0161\u00ed\u0159il svoji p\u016fvodn\u011b pl\u00e1novanou ro\u010dn\u00ed kapacitu z 500 000 na sou\u010dasn\u00fdch v\u00edce ne\u017e 700 000 automatick\u00fdch sedmistup\u0148ov\u00fdch p\u0159evodovek DQ 200. Z\u00e1rove\u0148 se stal i d\u00edky pokro\u010dil\u00e9mu vyu\u017eit\u00ed technologi\u00ed pr\u016fmyslu 4.0 prvn\u00edm z\u00e1vodem \u0160koda Auto, kter\u00fd v roce 2020 p\u0159e\u0161el na uhl\u00edkov\u011b neutr\u00e1ln\u00ed v\u00fdrobu. Letos v \u00fanoru zde vznikla ji\u017e 6miliont\u00e1 p\u0159evodovka DQ200. Ta se montuje jak do voz\u016f \u0160koda, tak do model\u016f dal\u0161\u00edch koncernov\u00fdch zna\u010dek.<\/p>\n<p><strong>Erich Handl, Vrchlab\u00ed<\/strong><\/p>\n<p><img loading=\"lazy\" decoding=\"async\" class=\"alignnone size-medium wp-image-995\" src=\"http:\/\/www.automakers.cz\/wp-content\/uploads\/2023\/12\/Skoda-Vrchlabi_Digitalisation-robot-900x544.jpg\" alt=\"\" width=\"900\" height=\"544\" \/><\/p>\n<div class=\"heateor_sss_sharing_container heateor_sss_vertical_sharing heateor_sss_bottom_sharing\" data-heateor-sss-href=\"https:\/\/www.automakers.cz\/?p=18059\"><\/div>\n","protected":false},"excerpt":{"rendered":"<p>Od roku 2011 \u0161\u00e9fuje z\u00e1vod \u0160kody Auto ve Vrchlab\u00ed Ivan Slim\u00e1k, zaslou\u017eil se o jeho&#8230;<\/p>\n","protected":false},"author":1,"featured_media":1378,"comment_status":"open","ping_status":"open","sticky":false,"template":"","format":"standard","meta":{"footnotes":""},"categories":[30,11],"tags":[],"class_list":["post-1377","post","type-post","status-publish","format-standard","has-post-thumbnail","hentry","category-management","category-personalie"],"_links":{"self":[{"href":"https:\/\/www.klubmn.cz\/index.php?rest_route=\/wp\/v2\/posts\/1377","targetHints":{"allow":["GET"]}}],"collection":[{"href":"https:\/\/www.klubmn.cz\/index.php?rest_route=\/wp\/v2\/posts"}],"about":[{"href":"https:\/\/www.klubmn.cz\/index.php?rest_route=\/wp\/v2\/types\/post"}],"author":[{"embeddable":true,"href":"https:\/\/www.klubmn.cz\/index.php?rest_route=\/wp\/v2\/users\/1"}],"replies":[{"embeddable":true,"href":"https:\/\/www.klubmn.cz\/index.php?rest_route=%2Fwp%2Fv2%2Fcomments&post=1377"}],"version-history":[{"count":2,"href":"https:\/\/www.klubmn.cz\/index.php?rest_route=\/wp\/v2\/posts\/1377\/revisions"}],"predecessor-version":[{"id":1380,"href":"https:\/\/www.klubmn.cz\/index.php?rest_route=\/wp\/v2\/posts\/1377\/revisions\/1380"}],"wp:featuredmedia":[{"embeddable":true,"href":"https:\/\/www.klubmn.cz\/index.php?rest_route=\/wp\/v2\/media\/1378"}],"wp:attachment":[{"href":"https:\/\/www.klubmn.cz\/index.php?rest_route=%2Fwp%2Fv2%2Fmedia&parent=1377"}],"wp:term":[{"taxonomy":"category","embeddable":true,"href":"https:\/\/www.klubmn.cz\/index.php?rest_route=%2Fwp%2Fv2%2Fcategories&post=1377"},{"taxonomy":"post_tag","embeddable":true,"href":"https:\/\/www.klubmn.cz\/index.php?rest_route=%2Fwp%2Fv2%2Ftags&post=1377"}],"curies":[{"name":"wp","href":"https:\/\/api.w.org\/{rel}","templated":true}]}}