{"id":1381,"date":"2025-12-02T07:29:26","date_gmt":"2025-12-02T07:29:26","guid":{"rendered":"https:\/\/www.klubmn.cz\/?p=1381"},"modified":"2025-12-02T07:34:41","modified_gmt":"2025-12-02T07:34:41","slug":"kmn-mel-valnou-hromadu-vyhlasil-anketu-pr-roku-2025-sda","status":"publish","type":"post","link":"https:\/\/www.klubmn.cz\/?p=1381","title":{"rendered":"KMN m\u011bl valnou hromadu, vyhl\u00e1sil anketu PR roku 2025 SDA"},"content":{"rendered":"<p><strong>Valn\u00e1 hromada Klubu motoristick\u00fdch novin\u00e1\u0159\u016f zhodnotila leto\u0161n\u00ed motonovin\u00e1\u0159sk\u00fd rok, projednala \u010dinnost na rok p\u0159\u00ed\u0161t\u00ed a vyhl\u00e1sila anketu PR roku SDA 2025.<\/strong><span id=\"more-9808\"><\/span><span id=\"more-18191\"><\/span><!--more--><\/p>\n<p>Valnou hromadu konanou v hotelu \u010certousy zah\u00e1jil p\u0159edseda klubu Michal Busta jako b\u011b\u017enou nevolebn\u00ed. (v\u00fdbor klubu se vol\u00ed ka\u017ed\u00e9 dva roky). Klub eviduje k prosinci 2025 celkem 72 \u010dlen\u016f, na valn\u00e9 hromad\u011b bylo p\u0159\u00edtomno 30 novin\u00e1\u0159\u016f, tak\u017ee prob\u011bhla jako mimo\u0159\u00e1dn\u00e1.<\/p>\n<p><strong>Slo\u017een\u00ed v\u00fdboru z\u016fst\u00e1v\u00e1<\/strong>, Michal Busta (p\u0159edseda); Roman Pol\u00e1\u010dek, Marek Tom\u00ed\u0161ek, Eva Srpov\u00e1, Erich Handl (webmaster klubov\u00e9ho port\u00e1lu).<\/p>\n<p><strong>Zhodnocen\u00ed \u010dinnosti klubu<\/strong><\/p>\n<p>Zhodnocena byla \u010dinnost za rok 2025,v\u010detn\u011b pr\u00e1v\u011b ukon\u010den\u00fdch testovac\u00edch j\u00edzd ankety Auto roku 2026 v \u010cR, kter\u00e9 ji\u017e tradi\u010dn\u011b po\u0159\u00e1dal SDA ve spolupr\u00e1ci s klubem. Up\u0159esn\u011bna byla i celkov\u00e1 \u00fa\u010detn\u00ed bilance klubu.<\/p>\n<p>Prob\u011bhlo p\u0159ijet\u00ed nov\u00fdch \u010dlen\u016f. Pro z\u00e1jemce byly p\u0159ipraveny nov\u00e9 \u010dlensk\u00e9 pr\u016fkazky.<\/p>\n<p><b>Na hromad\u011b prob\u011bhlo vyb\u00edr\u00e1n\u00ed \u010dlensk\u00fdch p\u0159\u00edsp\u011bvk\u016f za leto\u0161n\u00ed rok, p\u0159\u00edsp\u011bvky je mo\u017en\u00e9 uhradit i bezhotovostn\u011b na \u00fa\u010det KMN.<\/b><\/p>\n<p>\u201eR\u00e1d p\u0159ipomenul povinnost\u00a0<b>uhradit \u010dlensk\u00e9 p\u0159\u00edsp\u011bvky KMN za rok 2025 nejpozd\u011bji do konce roku<\/b>\u00a0ve v\u00fd\u0161i\u00a0<b>400 K\u010d.<\/b> \u00a0Webmaster klubu Erich Handl op\u011bt p\u0159ipomn\u011bl nutnost z\u00edskat do majetku klubu dom\u00e9nu kmn.cz. (nyn\u00ed web funguje na dom\u00e9n\u011b klubmn.cz)<\/p>\n<p><strong>Anketa PR roku SDA 2025<\/strong><\/p>\n<p>Valn\u00e1 hromada KMN vyhl\u00e1sila zah\u00e1jen\u00ed tradi\u010dn\u00ed ankety PR roku 2025 SDA. O nejlep\u0161\u00edho mluv\u010d\u00edho se bude hlasovat v prosinci a lednu, v\u00edt\u011bz bude vyhl\u00e1\u0161en v \u00fanoru spole\u010dn\u011b s v\u00fdsledky ankety Auto roku 2026 v \u010cR. Distribuci hlasovac\u00edch l\u00edstk\u016f zajist\u00ed Handl, Busta.<\/p>\n<p><strong>Zdroj: E. Handl, zapisovatel<\/strong><\/p>\n<p><img loading=\"lazy\" decoding=\"async\" class=\"alignnone size-medium wp-image-9811\" src=\"http:\/\/www.automakers.cz\/wp-content\/uploads\/2024\/12\/KMN-VH-Handl-Busta-Srpova-Tomisek-900x506.jpg\" sizes=\"auto, (max-width: 900px) 100vw, 900px\" srcset=\"https:\/\/www.automakers.cz\/wp-content\/uploads\/2024\/12\/KMN-VH-Handl-Busta-Srpova-Tomisek-900x506.jpg 900w, https:\/\/www.automakers.cz\/wp-content\/uploads\/2024\/12\/KMN-VH-Handl-Busta-Srpova-Tomisek-1024x576.jpg 1024w, https:\/\/www.automakers.cz\/wp-content\/uploads\/2024\/12\/KMN-VH-Handl-Busta-Srpova-Tomisek-768x432.jpg 768w, https:\/\/www.automakers.cz\/wp-content\/uploads\/2024\/12\/KMN-VH-Handl-Busta-Srpova-Tomisek-1536x864.jpg 1536w, https:\/\/www.automakers.cz\/wp-content\/uploads\/2024\/12\/KMN-VH-Handl-Busta-Srpova-Tomisek-1280x720.jpg 1280w, https:\/\/www.automakers.cz\/wp-content\/uploads\/2024\/12\/KMN-VH-Handl-Busta-Srpova-Tomisek.jpg 2040w\" alt=\"\" width=\"900\" height=\"506\" \/><\/p>\n<div class=\"heateor_sss_sharing_container heateor_sss_vertical_sharing heateor_sss_bottom_sharing\" data-heateor-sss-href=\"https:\/\/www.automakers.cz\/?p=18191\"><\/div>\n<p>&nbsp;<\/p>\n","protected":false},"excerpt":{"rendered":"<p>Valn\u00e1 hromada Klubu motoristick\u00fdch novin\u00e1\u0159\u016f zhodnotila leto\u0161n\u00ed motonovin\u00e1\u0159sk\u00fd rok, projednala \u010dinnost na rok p\u0159\u00ed\u0161t\u00ed a&#8230;<\/p>\n","protected":false},"author":1,"featured_media":1382,"comment_status":"open","ping_status":"open","sticky":false,"template":"","format":"standard","meta":{"footnotes":""},"categories":[12,13],"tags":[],"class_list":["post-1381","post","type-post","status-publish","format-standard","has-post-thumbnail","hentry","category-ankety","category-novinari"],"_links":{"self":[{"href":"https:\/\/www.klubmn.cz\/index.php?rest_route=\/wp\/v2\/posts\/1381","targetHints":{"allow":["GET"]}}],"collection":[{"href":"https:\/\/www.klubmn.cz\/index.php?rest_route=\/wp\/v2\/posts"}],"about":[{"href":"https:\/\/www.klubmn.cz\/index.php?rest_route=\/wp\/v2\/types\/post"}],"author":[{"embeddable":true,"href":"https:\/\/www.klubmn.cz\/index.php?rest_route=\/wp\/v2\/users\/1"}],"replies":[{"embeddable":true,"href":"https:\/\/www.klubmn.cz\/index.php?rest_route=%2Fwp%2Fv2%2Fcomments&post=1381"}],"version-history":[{"count":2,"href":"https:\/\/www.klubmn.cz\/index.php?rest_route=\/wp\/v2\/posts\/1381\/revisions"}],"predecessor-version":[{"id":1386,"href":"https:\/\/www.klubmn.cz\/index.php?rest_route=\/wp\/v2\/posts\/1381\/revisions\/1386"}],"wp:featuredmedia":[{"embeddable":true,"href":"https:\/\/www.klubmn.cz\/index.php?rest_route=\/wp\/v2\/media\/1382"}],"wp:attachment":[{"href":"https:\/\/www.klubmn.cz\/index.php?rest_route=%2Fwp%2Fv2%2Fmedia&parent=1381"}],"wp:term":[{"taxonomy":"category","embeddable":true,"href":"https:\/\/www.klubmn.cz\/index.php?rest_route=%2Fwp%2Fv2%2Fcategories&post=1381"},{"taxonomy":"post_tag","embeddable":true,"href":"https:\/\/www.klubmn.cz\/index.php?rest_route=%2Fwp%2Fv2%2Ftags&post=1381"}],"curies":[{"name":"wp","href":"https:\/\/api.w.org\/{rel}","templated":true}]}}