{"id":1391,"date":"2025-12-07T18:14:29","date_gmt":"2025-12-07T18:14:29","guid":{"rendered":"https:\/\/www.klubmn.cz\/?p=1391"},"modified":"2025-12-07T18:14:29","modified_gmt":"2025-12-07T18:14:29","slug":"porsche-ia-otevrelo-centrum-orech","status":"publish","type":"post","link":"https:\/\/www.klubmn.cz\/?p=1391","title":{"rendered":"Porsche IA otev\u0159elo Centrum O\u0159ech"},"content":{"rendered":"<p><strong>Dovozce automobil\u016f zna\u010dky Porsche slavnostn\u011b uvedl do provozu nov\u011b vybudovan\u00fd komplex Porsche Centrum O\u0159ech. Na akci s programem pro pozvan\u00e9 hosty, klienty, osobnosti a z\u00e1stupce m\u00e9di\u00ed byl poprv\u00e9 v \u010cesk\u00e9 republice prezentov\u00e1n model Cayenne Electric.<\/strong><span id=\"more-18328\"><\/span><!--more--><\/p>\n<p>Spole\u010dnost Porsche Inter Auto CZ, ofici\u00e1ln\u00ed dovozce automobil\u016f zna\u010dky Porsche do \u010cesk\u00e9 republiky, slavnostn\u011b otev\u0159ela Porsche Centrum O\u0159ech. Nov\u011b vybudovan\u00fd prodejn\u00ed a servisn\u00ed komplex jako druh\u00e9 Porsche Centrum v regionu kolem Prahy zlep\u0161\u00ed kontakt se z\u00e1kazn\u00edky \u2013 zejm\u00e9na s t\u011bmi ze z\u00e1padn\u00ed strany hlavn\u00edho m\u011bsta a okol\u00ed.<\/p>\n<p><strong>Slavnostn\u00ed ve\u010der, na n\u011bm\u017e bylo krom\u011b samotn\u00e9ho showroomu p\u0159edstaveno tak\u00e9 nov\u00e9 Porsche Cayenne Electric, moderoval Libor Bou\u010dek, kter\u00fd je hrd\u00fdm majitelem vozu Porsche Panamera.<\/strong><\/p>\n<p><img loading=\"lazy\" decoding=\"async\" class=\" wp-image-18314\" src=\"http:\/\/www.automakers.cz\/wp-content\/uploads\/2025\/12\/Porsche-slavnostne-otevrelo-Centrum-Orech-2-900x600.jpg\" alt=\"\" width=\"974\" height=\"649\" \/><\/p>\n<p>\u201eM\u00e1m velkou radost, \u017ee m\u016f\u017eu v nov\u00fdch prostor\u00e1ch Porsche Centra O\u0159ech p\u0159iv\u00edtat prvn\u00ed fanou\u0161ky a majitele sportovn\u00edch voz\u016f Porsche,\u201c \u0159\u00edk\u00e1<strong> Joanna Og\u00f3rek, v\u00fdkonn\u00e1 \u0159editelka v\u00fdhradn\u00edho dovozce automobil\u016f Porsche do \u010cesk\u00e9 republiky<\/strong> a dod\u00e1v\u00e1:<\/p>\n<p>\u201eStejn\u011b jako v samotn\u00fdch automobilech Porsche vyu\u017e\u00edv\u00e1me i v na\u0161em prodejn\u00edm a servisn\u00edm centru nejmodern\u011bj\u0161\u00ed technologie. V\u011b\u0159\u00edm, \u017ee se Porsche Centrum O\u0159ech stane vyhled\u00e1van\u00fdm m\u00edstem jak pro nov\u00e9, tak st\u00e1vaj\u00edc\u00ed z\u00e1kazn\u00edky. Bude tak lokalitou nejen pro prodej a servis voz\u016f Porsche, ale tak\u00e9 m\u00edstem setk\u00e1v\u00e1n\u00ed jejich majitel\u016f, \u0159idi\u010d\u016f a fanou\u0161k\u016f. Ti jsou pro n\u00e1s nejd\u016fle\u017eit\u011bj\u0161\u00ed.\u201c<\/p>\n<p><strong>Porsche Centrum O\u0159ech pozvan\u00fdm host\u016fm osobn\u011b p\u0159edstavila Joanna Og\u00f3rek s Vlastimilem Fricem, \u0159editelem Porsche Centra O\u0159ech a Michaelem Kirschem, vedouc\u00edm Porsche Central and Eastern Europe (PCEE).<\/strong> P\u0159ekvapen\u00edm a z\u00e1rove\u0148 highlightem ve\u010dera se stalo uveden\u00ed nov\u00e9ho modelu Porsche Cayenne Electric \u2013 \u010ce\u0161i ho mohli na\u017eivo vid\u011bt a prozkoumat jako v\u016fbec jedni z prvn\u00edch.<\/p>\n<p>Nov\u00fd model uk\u00e1zal nejen<strong> vedouc\u00ed prodeje Porsche Centra O\u0159ech Tom\u00e1\u0161 Chvojka<\/strong>, ale tak\u00e9<strong> Gabriela J\u00edlkov\u00e1<\/strong>, \u010dlenka tov\u00e1rn\u00edho t\u00fdmu Porsche Formule E. Ta se mimo jin\u00e9 pod\u00edlela na testov\u00e1n\u00ed p\u0159eds\u00e9riov\u00fdch model\u016f a tak\u00e9 s Cayennem Electric zajela rekord.<\/p>\n<p><img loading=\"lazy\" decoding=\"async\" class=\" wp-image-18315\" src=\"http:\/\/www.automakers.cz\/wp-content\/uploads\/2025\/12\/Porsche-slavnostne-otevrelo-Centrum-Orech-3-900x600.jpg\" alt=\"\" width=\"953\" height=\"635\" \/><\/p>\n<p>Porsche Cayenne Electric bylo p\u0159edstaveno \u010desk\u00fdm z\u00e1kazn\u00edk\u016fm pouh\u00e9 dva t\u00fddny po sv\u011btov\u00e9 premi\u00e9\u0159e. Pln\u011b elektrick\u00e9 SUV kombinuje DNA zna\u010dky Porsche s pr\u016fkopnickou technikou. V\u00fdsledkem je nejv\u00fdkonn\u011bj\u0161\u00ed s\u00e9riov\u011b vyr\u00e1b\u011bn\u00e9 Porsche v\u0161ech dob s v\u00fdkonem a\u017e 850 kW (1156 k) a zrychlen\u00edm z 0 na 100 km\/h za 2,5 sekundy.<\/p>\n<p>V\u0161estrann\u00e1 konstrukce ve spojen\u00ed s nab\u00edjec\u00edm v\u00fdkonem a\u017e 400 kW a dojezdem na jedno nabit\u00ed a\u017e 642 kilometr\u016f umo\u017e\u0148uje ka\u017edodenn\u00ed provoz bez starost\u00ed na silnic\u00edch i dobrodru\u017en\u00e9 v\u00fdpravy po nezpevn\u011bn\u00fdch cest\u00e1ch.<\/p>\n<p>Porsche Centrum O\u0159ech stoj\u00ed na pozemku o v\u00fdm\u011b\u0159e zhruba 19 tis\u00edc metr\u016f \u010dtvere\u010dn\u00edch a ve v\u0161ech ohledech spl\u0148uje po\u017eadavky nejmodern\u011bj\u0161\u00edho konceptu Destination Porsche. V showroomu s podlahovou plochou cca 720 metr\u016f \u010dtvere\u010dn\u00edch jsou vystaveny nejnov\u011bj\u0161\u00ed modely, kter\u00e9 dopl\u0148uj\u00ed prezentace.<\/p>\n<p>Klientsk\u00e9 z\u00f3ny s designov\u00fdm n\u00e1bytkem jsou koncipov\u00e1ny pro p\u0159\u00edjemn\u011b str\u00e1ven\u00fd \u010das p\u0159i v\u00fdb\u011bru automobilu sn\u016f. Maxim\u00e1ln\u00ed z\u00e1kaznickou vst\u0159\u00edcnost Porsche Centra O\u0159ech dokl\u00e1d\u00e1 tak\u00e9 rozhlehl\u00e9 parkovi\u0161t\u011b, kter\u00e9 je ned\u00edlnou sou\u010d\u00e1st\u00ed are\u00e1lu \u2013 na st\u0159e\u0161e i v okol\u00ed showroomu. Pro \u0159idi\u010de elektromobil\u016f a plug-in hybridn\u00edch voz\u016f je p\u0159ipraveno n\u011bkolik AC i DC nab\u00edje\u010dek v\u010detn\u011b rychlonab\u00edje\u010dek s v\u00fdkonem v\u00edce ne\u017e 250 kW.<\/p>\n<figure id=\"attachment_18316\" class=\"wp-caption alignnone\" aria-describedby=\"caption-attachment-18316\"><img loading=\"lazy\" decoding=\"async\" class=\" wp-image-18316\" src=\"http:\/\/www.automakers.cz\/wp-content\/uploads\/2025\/12\/Porsche-slavnostne-otevrelo-Centrum-Orech-4-900x600.jpg\" alt=\"\" width=\"990\" height=\"660\" \/><figcaption id=\"caption-attachment-18316\" class=\"wp-caption-text\"><strong>Vlastimil Fric, \u0159editel Porsche Centra O\u0159ech<\/strong><\/figcaption><\/figure>\n<div class=\"heateor_sss_sharing_container heateor_sss_vertical_sharing heateor_sss_bottom_sharing\" data-heateor-sss-href=\"https:\/\/www.automakers.cz\/?p=18328\">\n<div class=\"heateor_sss_sharing_ul\"><\/div>\n<\/div>\n","protected":false},"excerpt":{"rendered":"<p>Dovozce automobil\u016f zna\u010dky Porsche slavnostn\u011b uvedl do provozu nov\u011b vybudovan\u00fd komplex Porsche Centrum O\u0159ech. Na&#8230;<\/p>\n","protected":false},"author":1,"featured_media":1392,"comment_status":"open","ping_status":"open","sticky":false,"template":"","format":"standard","meta":{"footnotes":""},"categories":[31,54],"tags":[],"class_list":["post-1391","post","type-post","status-publish","format-standard","has-post-thumbnail","hentry","category-dealeri","category-opening"],"_links":{"self":[{"href":"https:\/\/www.klubmn.cz\/index.php?rest_route=\/wp\/v2\/posts\/1391","targetHints":{"allow":["GET"]}}],"collection":[{"href":"https:\/\/www.klubmn.cz\/index.php?rest_route=\/wp\/v2\/posts"}],"about":[{"href":"https:\/\/www.klubmn.cz\/index.php?rest_route=\/wp\/v2\/types\/post"}],"author":[{"embeddable":true,"href":"https:\/\/www.klubmn.cz\/index.php?rest_route=\/wp\/v2\/users\/1"}],"replies":[{"embeddable":true,"href":"https:\/\/www.klubmn.cz\/index.php?rest_route=%2Fwp%2Fv2%2Fcomments&post=1391"}],"version-history":[{"count":2,"href":"https:\/\/www.klubmn.cz\/index.php?rest_route=\/wp\/v2\/posts\/1391\/revisions"}],"predecessor-version":[{"id":1394,"href":"https:\/\/www.klubmn.cz\/index.php?rest_route=\/wp\/v2\/posts\/1391\/revisions\/1394"}],"wp:featuredmedia":[{"embeddable":true,"href":"https:\/\/www.klubmn.cz\/index.php?rest_route=\/wp\/v2\/media\/1392"}],"wp:attachment":[{"href":"https:\/\/www.klubmn.cz\/index.php?rest_route=%2Fwp%2Fv2%2Fmedia&parent=1391"}],"wp:term":[{"taxonomy":"category","embeddable":true,"href":"https:\/\/www.klubmn.cz\/index.php?rest_route=%2Fwp%2Fv2%2Fcategories&post=1391"},{"taxonomy":"post_tag","embeddable":true,"href":"https:\/\/www.klubmn.cz\/index.php?rest_route=%2Fwp%2Fv2%2Ftags&post=1391"}],"curies":[{"name":"wp","href":"https:\/\/api.w.org\/{rel}","templated":true}]}}