{"id":1428,"date":"2025-12-22T09:56:51","date_gmt":"2025-12-22T09:56:51","guid":{"rendered":"https:\/\/www.klubmn.cz\/?p=1428"},"modified":"2025-12-22T09:57:47","modified_gmt":"2025-12-22T09:57:47","slug":"zemrel-majitel-cartecu-karel-kadlec","status":"publish","type":"post","link":"https:\/\/www.klubmn.cz\/?p=1428","title":{"rendered":"Zem\u0159el majitel CarTecu Karel Kadlec"},"content":{"rendered":"<p><strong>Ve v\u011bku 65 let zem\u0159el po kr\u00e1tk\u00e9 nemoci zakladatel a majitel spole\u010dnosti CarTec Group Karel Kadlec. Firmu zalo\u017eil v roce 2003 jako zastoupen\u00ed automobilov\u00e9 zna\u010dky BMW v Ostrav\u011b. V sou\u010dasnosti je firma nejv\u011bt\u0161\u00edm dealerem aut BMW a Mini v \u010cesku.<\/strong><span id=\"more-18629\"><\/span><!--more--><\/p>\n<p>Veden\u00ed spole\u010dnosti p\u0159evezme jeho dcera Karin Kadlecov\u00e1, kter\u00e1 dosud p\u016fsobila ve veden\u00ed ostravsk\u00e9 pobo\u010dky firmy. Spole\u010dnost to ozn\u00e1mila v tiskov\u00e9 zpr\u00e1v\u011b.<\/p>\n<p>P\u016fvodn\u011b mal\u00e1 rodinn\u00e1 firma CarTec se za v\u00edce ne\u017e 20 let stala jedn\u00edm z nejv\u00fdznamn\u011bj\u0161\u00edch prodejc\u016f automobil\u016f a motocykl\u016f v \u010cesk\u00e9 republice. M\u00e1 pobo\u010dky v Ostrav\u011b, Liberci, Praze, Olomouci a Brn\u011b. V roce 2016 spole\u010dnost otev\u0159ela ofici\u00e1ln\u00ed zastoupen\u00ed zna\u010dky Rolls-Royce Motor Cars v Praze a v z\u00e1\u0159\u00ed 2024 roz\u0161\u00ed\u0159ila sv\u00e9 portfolio o ofici\u00e1ln\u00ed zastoupen\u00ed dal\u0161\u00ed britsk\u00e9 zna\u010dky Aston Martin.<\/p>\n<p><img loading=\"lazy\" decoding=\"async\" class=\"alignnone size-medium wp-image-7465\" src=\"http:\/\/www.automakers.cz\/wp-content\/uploads\/2024\/09\/Rolls-Kadlec-showroom-900x600.jpeg\" alt=\"\" width=\"900\" height=\"600\" \/><strong>S Karlem Kadlecem ned\u00e1vno p\u0159inesl rozhovor na t\u00e9ma p\u0159ed\u00e1n\u00ed CarTecu n\u00e1sledovn\u00edk\u016fm t\u00fdden\u00edk Euro. (viz dal\u0161\u00ed p\u0159\u00edsp\u011bvek)<\/strong><\/p>\n<p><img loading=\"lazy\" decoding=\"async\" class=\"alignnone size-medium wp-image-14605\" src=\"http:\/\/www.automakers.cz\/wp-content\/uploads\/2025\/07\/Euro-_titul-Kadlec-675x900.jpg\" sizes=\"auto, (max-width: 675px) 100vw, 675px\" srcset=\"https:\/\/www.automakers.cz\/wp-content\/uploads\/2025\/07\/Euro-_titul-Kadlec-675x900.jpg 675w, https:\/\/www.automakers.cz\/wp-content\/uploads\/2025\/07\/Euro-_titul-Kadlec-768x1024.jpg 768w, https:\/\/www.automakers.cz\/wp-content\/uploads\/2025\/07\/Euro-_titul-Kadlec-1152x1536.jpg 1152w, https:\/\/www.automakers.cz\/wp-content\/uploads\/2025\/07\/Euro-_titul-Kadlec-1024x1366.jpg 1024w, https:\/\/www.automakers.cz\/wp-content\/uploads\/2025\/07\/Euro-_titul-Kadlec.jpg 1240w\" alt=\"\" width=\"675\" height=\"900\" \/><\/p>\n","protected":false},"excerpt":{"rendered":"<p>Ve v\u011bku 65 let zem\u0159el po kr\u00e1tk\u00e9 nemoci zakladatel a majitel spole\u010dnosti CarTec Group Karel&#8230;<\/p>\n","protected":false},"author":1,"featured_media":1429,"comment_status":"open","ping_status":"open","sticky":false,"template":"","format":"standard","meta":{"footnotes":""},"categories":[31,53,51],"tags":[],"class_list":["post-1428","post","type-post","status-publish","format-standard","has-post-thumbnail","hentry","category-dealeri","category-nekrolog","category-rozhovor"],"_links":{"self":[{"href":"https:\/\/www.klubmn.cz\/index.php?rest_route=\/wp\/v2\/posts\/1428","targetHints":{"allow":["GET"]}}],"collection":[{"href":"https:\/\/www.klubmn.cz\/index.php?rest_route=\/wp\/v2\/posts"}],"about":[{"href":"https:\/\/www.klubmn.cz\/index.php?rest_route=\/wp\/v2\/types\/post"}],"author":[{"embeddable":true,"href":"https:\/\/www.klubmn.cz\/index.php?rest_route=\/wp\/v2\/users\/1"}],"replies":[{"embeddable":true,"href":"https:\/\/www.klubmn.cz\/index.php?rest_route=%2Fwp%2Fv2%2Fcomments&post=1428"}],"version-history":[{"count":3,"href":"https:\/\/www.klubmn.cz\/index.php?rest_route=\/wp\/v2\/posts\/1428\/revisions"}],"predecessor-version":[{"id":1431,"href":"https:\/\/www.klubmn.cz\/index.php?rest_route=\/wp\/v2\/posts\/1428\/revisions\/1431"}],"wp:featuredmedia":[{"embeddable":true,"href":"https:\/\/www.klubmn.cz\/index.php?rest_route=\/wp\/v2\/media\/1429"}],"wp:attachment":[{"href":"https:\/\/www.klubmn.cz\/index.php?rest_route=%2Fwp%2Fv2%2Fmedia&parent=1428"}],"wp:term":[{"taxonomy":"category","embeddable":true,"href":"https:\/\/www.klubmn.cz\/index.php?rest_route=%2Fwp%2Fv2%2Fcategories&post=1428"},{"taxonomy":"post_tag","embeddable":true,"href":"https:\/\/www.klubmn.cz\/index.php?rest_route=%2Fwp%2Fv2%2Ftags&post=1428"}],"curies":[{"name":"wp","href":"https:\/\/api.w.org\/{rel}","templated":true}]}}