{"id":144,"date":"2024-01-02T08:42:44","date_gmt":"2024-01-02T08:42:44","guid":{"rendered":"https:\/\/www.klubmn.cz\/?p=144"},"modified":"2024-01-02T08:42:44","modified_gmt":"2024-01-02T08:42:44","slug":"marc-hedrich-prezidentem-kia-europe","status":"publish","type":"post","link":"https:\/\/www.klubmn.cz\/?p=144","title":{"rendered":"Marc Hedrich prezidentem Kia Europe"},"content":{"rendered":"<div class=\"perex\">\n<p><strong>Kia jmenovala Marca Hedricha do pozice prezidenta a CEO, kter\u00fd bude od 1. ledna 2024 p\u016fsobit v evropsk\u00e9 centr\u00e1le spole\u010dnosti. Navazuje t\u00edm na p\u0159edchoz\u00ed kari\u00e9ru u zna\u010dky, kde v pr\u016fb\u011bhu posledn\u00edch 9 let zast\u00e1val vy\u0161\u0161\u00ed mana\u017eersk\u00e9 pozice \u2013 naposledy jako \u0161\u00e9f Kia France. Funkci p\u0159eb\u00edr\u00e1 po Wonu Jeongu Jeongovi, kter\u00fd uvedenou roli zast\u00e1val posledn\u00ed \u010dty\u0159i roky.<\/strong><\/p>\n<\/div>\n<p><!--more--><\/p>\n<p>Marc Hedrich p\u0159in\u00e1\u0161\u00ed \u0159adu cenn\u00fdch zku\u0161enost\u00ed, kter\u00e9 na\u010derpal v r\u00e1mci vy\u0161\u0161\u00edch mana\u017eersk\u00fdch pozic na n\u00e1rodn\u00ed i mezin\u00e1rodn\u00ed \u00farovni b\u011bhem v\u00edce ne\u017e 30let\u00e9ho p\u016fsoben\u00ed v automobilov\u00e9m pr\u016fmyslu. Vedle posledn\u00ed role prezidenta Kia France zast\u00e1val \u0159adu seniorn\u00edch pozic v p\u0159edn\u00edch automobilov\u00fdch spole\u010dnostech. Po dobu sv\u00e9ho p\u016fsoben\u00ed u zna\u010dky Kia napomohl posunout v\u0161echny strategick\u00e9 i provozn\u00ed oblasti \u2013 od prodeje p\u0159es marketing a produkty a\u017e po z\u00e1kaznick\u00e9 slu\u017eby a maloobchod.<\/p>\n<div class=\"text\">\n<p>Komentuje Marc Hedrich: \u201eEvropsk\u00fd trh hraje d\u016fle\u017eitou roli v celosv\u011btov\u00e9m \u00fasil\u00ed zna\u010dky dos\u00e1hnout postaven\u00ed leadera elektromobility \u2013 uveden\u00edm 15 elektromobil\u016f do roku 2027 a zv\u00fd\u0161en\u00edm zastoupen\u00ed elektrifikovan\u00fdch vozidel v prodej\u00edch zna\u010dky na 55\u00a0% do roku 2030. Evropsk\u00fd t\u00fdm chce pokra\u010dovat v odv\u00e1\u017en\u00e9 prom\u011bn\u011b zna\u010dky v\u00a0poskytovatele \u0159e\u0161en\u00ed trvale udr\u017eiteln\u00e9 mobility se zam\u011b\u0159en\u00edm na lidstvo, planetu i ziskovost. M\u00e1m velkou radost, \u017ee na napl\u0148ov\u00e1n\u00ed tohoto c\u00edle budu spolupracovat se siln\u00fdm evropsk\u00fdm t\u00fdmem.\u201c<\/p>\n<p>Pan Jeong se od sv\u00e9ho n\u00e1stupu do Kia Europe v roce 2020 pod\u00edlel na \u00fasp\u011b\u0161n\u00e9 transformaci t\u00e9to spole\u010dnosti v region\u00e1ln\u00ed centr\u00e1lu. Pod jeho veden\u00edm pokra\u010dovala prom\u011bna zna\u010dky v poskytovatele \u0159e\u0161en\u00ed trvale udr\u017eiteln\u00e9 mobility s v\u011bt\u0161\u00edm zam\u011b\u0159en\u00edm na management zna\u010dky a elektrifikovan\u00e1 \u0159e\u0161en\u00ed. V\u00fdrazn\u00e9ho posunu doznala i firemn\u00ed kultura, kdy Kia Europe d\u00edky sv\u00fdm spokojen\u00fdm zam\u011bstnanc\u016fm z\u00edskala ocen\u011bn\u00ed \u201eGreat Place to Work\u201c za rok 2023, \u010d\u00edm\u017e se za\u0159adila mezi top 20\u00a0% zam\u011bstnavatel\u016f v celosv\u011btov\u00e9m m\u011b\u0159\u00edtku.<\/p>\n<p>Komentuje Jeong: \u201eKia v Evrop\u011b pr\u00e1v\u011b dosp\u011bla do elektrizuj\u00edc\u00edho okam\u017eiku, nejen se sv\u00fdmi revolu\u010dn\u00edmi elektromobily, ale i pokrokov\u00fdmi on-line slu\u017ebami, kter\u00e9 vylep\u0161uj\u00ed z\u00e1kaznick\u00e9 zku\u0161enosti a dl\u00e1\u017ed\u00ed cestu k dal\u0161\u00edm \u0159e\u0161en\u00edm trvale udr\u017eiteln\u00e9 mobility. Dobr\u00e9 prodejn\u00ed v\u00fdsledky v posledn\u00edch letech neodr\u00e1\u017eej\u00ed pouze \u00fasil\u00ed evropsk\u00e9ho t\u00fdmu Kia, ale t\u00e9\u017e kvalitu a v\u0161estrannost produkt\u016f i zna\u010dky Kia, resp. jej\u00ed oblibu v Evrop\u011b. D\u011bkuji t\u00fdmu Kia za skv\u011blou spolupr\u00e1ci vedouc\u00ed k na\u0161emu \u00fasp\u011bchu.\u201c<\/p>\n<p><strong>Kari\u00e9ra u Fordu a Toyoty<\/strong><\/p>\n<p>Marc Hedrich je absolventem European Business School; svoji kari\u00e9ru zah\u00e1jil v 90. letech ve spole\u010dnosti Ford France. Pot\u00e9 nastoupil do pozice marketingov\u00e9ho \u0159editele automobilky \u0160koda France a tut\u00e9\u017e pozici zast\u00e1val ve firm\u011b Seat France. V roce 2003 byl jmenov\u00e1n marketingov\u00fdm \u0159editelem spole\u010dnosti Toyota France. V\u00a0n\u00e1vaznosti na sv\u00e9 zku\u0161enosti z\u00edskan\u00e9 u p\u0159edn\u00edch automobilov\u00fdch import\u00e9r\u016f Marc bezm\u00e1la 12 let zast\u00e1val strategick\u00e9 pozice u firem Toyota France a Toyota Europe.<\/p>\n<p>Od roku 2015 zast\u00e1val pozici Managing Director ve spole\u010dnosti Kia France. Od 1.\u00a0ledna 2021 pak p\u016fsobil v roli prezidenta spole\u010dnosti Kia France.<\/p>\n<\/div>\n","protected":false},"excerpt":{"rendered":"<p>Kia jmenovala Marca Hedricha do pozice prezidenta a CEO, kter\u00fd bude od 1. ledna 2024&#8230;<\/p>\n","protected":false},"author":1,"featured_media":145,"comment_status":"open","ping_status":"open","sticky":false,"template":"","format":"standard","meta":{"footnotes":""},"categories":[11],"tags":[],"class_list":["post-144","post","type-post","status-publish","format-standard","has-post-thumbnail","hentry","category-personalie"],"_links":{"self":[{"href":"https:\/\/www.klubmn.cz\/index.php?rest_route=\/wp\/v2\/posts\/144","targetHints":{"allow":["GET"]}}],"collection":[{"href":"https:\/\/www.klubmn.cz\/index.php?rest_route=\/wp\/v2\/posts"}],"about":[{"href":"https:\/\/www.klubmn.cz\/index.php?rest_route=\/wp\/v2\/types\/post"}],"author":[{"embeddable":true,"href":"https:\/\/www.klubmn.cz\/index.php?rest_route=\/wp\/v2\/users\/1"}],"replies":[{"embeddable":true,"href":"https:\/\/www.klubmn.cz\/index.php?rest_route=%2Fwp%2Fv2%2Fcomments&post=144"}],"version-history":[{"count":2,"href":"https:\/\/www.klubmn.cz\/index.php?rest_route=\/wp\/v2\/posts\/144\/revisions"}],"predecessor-version":[{"id":147,"href":"https:\/\/www.klubmn.cz\/index.php?rest_route=\/wp\/v2\/posts\/144\/revisions\/147"}],"wp:featuredmedia":[{"embeddable":true,"href":"https:\/\/www.klubmn.cz\/index.php?rest_route=\/wp\/v2\/media\/145"}],"wp:attachment":[{"href":"https:\/\/www.klubmn.cz\/index.php?rest_route=%2Fwp%2Fv2%2Fmedia&parent=144"}],"wp:term":[{"taxonomy":"category","embeddable":true,"href":"https:\/\/www.klubmn.cz\/index.php?rest_route=%2Fwp%2Fv2%2Fcategories&post=144"},{"taxonomy":"post_tag","embeddable":true,"href":"https:\/\/www.klubmn.cz\/index.php?rest_route=%2Fwp%2Fv2%2Ftags&post=144"}],"curies":[{"name":"wp","href":"https:\/\/api.w.org\/{rel}","templated":true}]}}