{"id":1460,"date":"2026-01-08T12:34:19","date_gmt":"2026-01-08T12:34:19","guid":{"rendered":"https:\/\/www.klubmn.cz\/?p=1460"},"modified":"2026-01-08T12:45:59","modified_gmt":"2026-01-08T12:45:59","slug":"auto-roku-2026-v-cr-jelo-finalove-jizdy","status":"publish","type":"post","link":"https:\/\/www.klubmn.cz\/?p=1460","title":{"rendered":"Auto roku 2026 v \u010cR jelo fin\u00e1lov\u00e9 j\u00edzdy"},"content":{"rendered":"<p><strong>Porota ankety Auto roku 2026 v \u010cR poslala v prosinci do fin\u00e1le p\u011btici voz\u016f s minim\u00e1ln\u00edmi rozestupy v po\u010dtu hlas\u016f. Ve \u010dtvrtek 8. ledna odjeli porotci fin\u00e1lov\u00e9 j\u00edzdy v \u010certousech. <\/strong><!--more--><\/p>\n<p>Leto\u0161n\u00ed ro\u010dn\u00edk odstartoval 26. listopadu, porota slo\u017een\u00e1 z 19 p\u0159edn\u00edch \u010desk\u00fdch odborn\u00fdch motoristick\u00fdch novin\u00e1\u0159\u016f zah\u00e1jila v\u00fdb\u011br z celkem 26 nominovan\u00fdch novinekp\u0159i prvn\u00edm kole sout\u011b\u017ee.<\/p>\n<p><iframe loading=\"lazy\" id=\"_ytid_42961\" class=\"__youtube_prefs__ epyt-is-override no-lazyload\" title=\"Porota Auto roku 2026 v kr\u00e1tk\u00e9m klipu\" src=\"https:\/\/www.youtube.com\/embed\/ln1SXYnkKxM?enablejsapi=1&amp;autoplay=0&amp;cc_load_policy=0&amp;cc_lang_pref=&amp;iv_load_policy=1&amp;loop=0&amp;modestbranding=0&amp;rel=1&amp;fs=1&amp;playsinline=0&amp;autohide=2&amp;theme=dark&amp;color=red&amp;controls=1&amp;\" width=\"640\" height=\"360\" allowfullscreen=\"allowfullscreen\" data-origwidth=\"640\" data-origheight=\"360\" data-no-lazy=\"1\" data-skipgform_ajax_framebjll=\"\" data-mce-fragment=\"1\"><\/iframe><\/p>\n<p><strong>V listopadov\u00fdch j\u00edz\u00e1ch m\u011bli k dispozici K dispozici m\u011bli celkem 39 automobil\u016f.\u00a0<\/strong><\/p>\n<p><strong>Osm\u00e9ho ledna bylo na place k testov\u00e1n\u00ed celkem 15 aut, p\u011bt Elroq\u016f, \u010dty\u0159i mercedesy CLA, t\u0159i Audi A6, dv\u011b Dacie Bigster a jedno BMW iX3.<\/strong><span id=\"more-18444\"><\/span><\/p>\n<p><img loading=\"lazy\" decoding=\"async\" class=\"alignnone size-medium wp-image-18842\" src=\"http:\/\/www.automakers.cz\/wp-content\/uploads\/2026\/01\/Auto-roku-2026-Certousy-Elroq-orez-900x506.jpg\" sizes=\"auto, (max-width: 900px) 100vw, 900px\" srcset=\"https:\/\/www.automakers.cz\/wp-content\/uploads\/2026\/01\/Auto-roku-2026-Certousy-Elroq-orez-900x506.jpg 900w, https:\/\/www.automakers.cz\/wp-content\/uploads\/2026\/01\/Auto-roku-2026-Certousy-Elroq-orez-1024x576.jpg 1024w, https:\/\/www.automakers.cz\/wp-content\/uploads\/2026\/01\/Auto-roku-2026-Certousy-Elroq-orez-768x432.jpg 768w, https:\/\/www.automakers.cz\/wp-content\/uploads\/2026\/01\/Auto-roku-2026-Certousy-Elroq-orez-1536x864.jpg 1536w, https:\/\/www.automakers.cz\/wp-content\/uploads\/2026\/01\/Auto-roku-2026-Certousy-Elroq-orez-1280x720.jpg 1280w, https:\/\/www.automakers.cz\/wp-content\/uploads\/2026\/01\/Auto-roku-2026-Certousy-Elroq-orez.jpg 2048w\" alt=\"\" width=\"900\" height=\"506\" \/><strong>V\u00edt\u011bz bude zn\u00e1m v \u00fanoru<\/strong><\/p>\n<p>V\u00edt\u011bz bude slavnostn\u011b vyhl\u00e1\u0161en 10. \u00fanora 2026.<\/p>\n<p><strong> Finalist\u00e9 ankety Auto roku 2026 v \u010cesk\u00e9 republice (v abecedn\u00edm po\u0159ad\u00ed): <\/strong><br \/>\nAudi A6, BMW iX3, Dacia Bigster, Mercedes-Benz CLA, \u0160koda Elroq<\/p>\n<p><strong>Zdroj: Erich Handl, \u010certousy, Video: Lud\u011bk Kortus<\/strong><\/p>\n","protected":false},"excerpt":{"rendered":"<p>Porota ankety Auto roku 2026 v \u010cR poslala v prosinci do fin\u00e1le p\u011btici voz\u016f s&#8230;<\/p>\n","protected":false},"author":1,"featured_media":1461,"comment_status":"open","ping_status":"open","sticky":false,"template":"","format":"standard","meta":{"footnotes":""},"categories":[12,13,9,28],"tags":[],"class_list":["post-1460","post","type-post","status-publish","format-standard","has-post-thumbnail","hentry","category-ankety","category-novinari","category-testy","category-video"],"_links":{"self":[{"href":"https:\/\/www.klubmn.cz\/index.php?rest_route=\/wp\/v2\/posts\/1460","targetHints":{"allow":["GET"]}}],"collection":[{"href":"https:\/\/www.klubmn.cz\/index.php?rest_route=\/wp\/v2\/posts"}],"about":[{"href":"https:\/\/www.klubmn.cz\/index.php?rest_route=\/wp\/v2\/types\/post"}],"author":[{"embeddable":true,"href":"https:\/\/www.klubmn.cz\/index.php?rest_route=\/wp\/v2\/users\/1"}],"replies":[{"embeddable":true,"href":"https:\/\/www.klubmn.cz\/index.php?rest_route=%2Fwp%2Fv2%2Fcomments&post=1460"}],"version-history":[{"count":2,"href":"https:\/\/www.klubmn.cz\/index.php?rest_route=\/wp\/v2\/posts\/1460\/revisions"}],"predecessor-version":[{"id":1463,"href":"https:\/\/www.klubmn.cz\/index.php?rest_route=\/wp\/v2\/posts\/1460\/revisions\/1463"}],"wp:featuredmedia":[{"embeddable":true,"href":"https:\/\/www.klubmn.cz\/index.php?rest_route=\/wp\/v2\/media\/1461"}],"wp:attachment":[{"href":"https:\/\/www.klubmn.cz\/index.php?rest_route=%2Fwp%2Fv2%2Fmedia&parent=1460"}],"wp:term":[{"taxonomy":"category","embeddable":true,"href":"https:\/\/www.klubmn.cz\/index.php?rest_route=%2Fwp%2Fv2%2Fcategories&post=1460"},{"taxonomy":"post_tag","embeddable":true,"href":"https:\/\/www.klubmn.cz\/index.php?rest_route=%2Fwp%2Fv2%2Ftags&post=1460"}],"curies":[{"name":"wp","href":"https:\/\/api.w.org\/{rel}","templated":true}]}}