{"id":1485,"date":"2026-01-21T13:59:59","date_gmt":"2026-01-21T13:59:59","guid":{"rendered":"https:\/\/www.klubmn.cz\/?p=1485"},"modified":"2026-01-21T13:59:59","modified_gmt":"2026-01-21T13:59:59","slug":"audi-letos-cili-na-4500-registraci-novinari-testovali-nove-q3-ve-spindlu","status":"publish","type":"post","link":"https:\/\/www.klubmn.cz\/?p=1485","title":{"rendered":"Audi letos c\u00edl\u00ed na 4500 registrac\u00ed, novin\u00e1\u0159i testovali nov\u00e9 Q3 ve \u0160pindlu"},"content":{"rendered":"<p class=\"xmprfx_MsoNormal\"><b>Hotel Savoy ve \u0160pindlerov\u011b Ml\u00fdn\u011b hostil n\u00e1rodn\u00ed prezentaci t\u0159et\u00ed generace modelu Q3, <\/b><b>\u0161\u00e9f zna\u010dky Marcel Archleb hodnotil v konferen\u010dn\u00edm centru\u00a0 v\u00fdkony minul\u00e9ho roku a nast\u00ednil pl\u00e1ny pro leto\u0161ek.<\/b><span id=\"more-19096\"><\/span><!--more--><\/p>\n<p>Zna\u010dka Audi se u\u017e n\u011bkolik let dr\u017e\u00ed v \u010cesku t\u011bsn\u011b nad hranic\u00ed <strong>4000 kus\u016f ro\u010dn\u011b<\/strong>. Nyn\u00ed se j\u00ed za\u010dalo da\u0159it navy\u0161ovat prodeje i tr\u017en\u00ed pod\u00edl.<\/p>\n<p>\u201eLoni se n\u00e1m poda\u0159ilo meziro\u010dn\u011b zv\u00fd\u0161it prodeje na 4350 aut. Letos proto c\u00edl\u00edme nad hranici 4500 kus\u016f, chceme r\u016fst rychleji ne\u017e trh,\u201c \u0159ekl <strong>Marcel Archleb<\/strong> s t\u00edm, \u017ee pod\u00edl elektrifikovan\u00fdch aut by m\u011bl p\u0159ekonat deset procent.<\/p>\n<p><strong>Nejprod\u00e1van\u011bj\u0161\u00edmi modely byly podle jeho slov loni Q3, Q7, Q8 a \u0159ada A6\/A7.<\/strong><\/p>\n<p><img loading=\"lazy\" decoding=\"async\" class=\"alignnone size-medium wp-image-19112\" src=\"http:\/\/www.automakers.cz\/wp-content\/uploads\/2026\/01\/Audi-nejprodavanejsi-modely-2025-orez-900x547.jpg\" sizes=\"auto, (max-width: 900px) 100vw, 900px\" srcset=\"https:\/\/www.automakers.cz\/wp-content\/uploads\/2026\/01\/Audi-nejprodavanejsi-modely-2025-orez-900x547.jpg 900w, https:\/\/www.automakers.cz\/wp-content\/uploads\/2026\/01\/Audi-nejprodavanejsi-modely-2025-orez-1024x622.jpg 1024w, https:\/\/www.automakers.cz\/wp-content\/uploads\/2026\/01\/Audi-nejprodavanejsi-modely-2025-orez-768x467.jpg 768w, https:\/\/www.automakers.cz\/wp-content\/uploads\/2026\/01\/Audi-nejprodavanejsi-modely-2025-orez-1536x933.jpg 1536w, https:\/\/www.automakers.cz\/wp-content\/uploads\/2026\/01\/Audi-nejprodavanejsi-modely-2025-orez.jpg 1817w\" alt=\"\" width=\"900\" height=\"547\" \/><\/p>\n<p>\u0160\u00e9f zna\u010dky chce tak\u00e9 pokra\u010dovat v prom\u011bn\u011b zna\u010dky z hlediska celkov\u00e9 nab\u00eddky.\u00a0 U\u017e p\u0159edloni Audi zah\u00e1jilo nejv\u011bt\u0161\u00ed modelovou ofenz\u00edvu ve sv\u00e9 historii, nasadilo <strong>Q<span class=\"highlight-query\">6<\/span> e-tron, <span class=\"highlight-query\">A<\/span><span class=\"highlight-query\">6<\/span>-e-tron, <span class=\"highlight-query\">A<\/span>5 <span class=\"highlight-query\">a<\/span> Q5.<\/strong><\/p>\n<p><img loading=\"lazy\" decoding=\"async\" class=\"alignnone size-medium wp-image-19114\" src=\"http:\/\/www.automakers.cz\/wp-content\/uploads\/2026\/01\/Audi-modelova-ofenziva-orez-900x560.jpg\" sizes=\"auto, (max-width: 900px) 100vw, 900px\" srcset=\"https:\/\/www.automakers.cz\/wp-content\/uploads\/2026\/01\/Audi-modelova-ofenziva-orez-900x560.jpg 900w, https:\/\/www.automakers.cz\/wp-content\/uploads\/2026\/01\/Audi-modelova-ofenziva-orez-1024x637.jpg 1024w, https:\/\/www.automakers.cz\/wp-content\/uploads\/2026\/01\/Audi-modelova-ofenziva-orez-768x478.jpg 768w, https:\/\/www.automakers.cz\/wp-content\/uploads\/2026\/01\/Audi-modelova-ofenziva-orez-1536x956.jpg 1536w, https:\/\/www.automakers.cz\/wp-content\/uploads\/2026\/01\/Audi-modelova-ofenziva-orez.jpg 1751w\" alt=\"\" width=\"900\" height=\"560\" \/><strong>Loni <\/strong>p\u0159i\u0161la\u00a0 k dealer\u016fm nov\u00e1 generace dvou karos\u00e1\u0159sk\u00fdch verz\u00ed vozu <strong><span class=\"highlight-query\">A<\/span><span class=\"highlight-query\">6.<\/span><\/strong> \u201eNaopak n\u00e1m z v\u00fdroby vyb\u011bhl prodejn\u00ed bestseller posledn\u00edch deseti let, model Q7,\u201c p\u0159ipomenul \u0161\u00e9f divize.<\/p>\n<p><img loading=\"lazy\" decoding=\"async\" class=\"alignnone size-medium wp-image-19108\" src=\"http:\/\/www.automakers.cz\/wp-content\/uploads\/2026\/01\/Audi-TK-Q3-Savoy-Spindl-900x600.jpg\" alt=\"\" width=\"900\" height=\"600\" \/><strong>Prvn\u00ed testy nov\u00e9 Q3<\/strong><\/p>\n<p>Prvn\u00ed novinkou leto\u0161n\u00edho roku <strong>je t\u0159et\u00ed generace SUV Q3,<\/strong> kter\u00e9 nahrazuje p\u0159edchoz\u00ed verzi <b>a novin\u00e1\u0159i ho ve \u0160pindlu mohli otestovat <\/b><b>v r\u016fzn\u00fdch motorizac\u00edch. <\/b>Celkem jich je p\u011bt, ceny startuj\u00ed na<strong> 1 078 900 K\u010d<\/strong> za klasick\u00e9 SUV s mild-hybridn\u00edm benzinov\u00fdm motorem 1,5 TFSI se 110 kW.<\/p>\n<p><img loading=\"lazy\" decoding=\"async\" class=\"alignnone size-medium wp-image-19106\" src=\"http:\/\/www.automakers.cz\/wp-content\/uploads\/2026\/01\/Audi-Q3-Spindl-Savoy-900x600.jpg\" alt=\"\" width=\"900\" height=\"600\" \/><strong>Varianta\u00a0 Sportback<\/strong> ve stejn\u00e9 motorizaci startuje na minim\u00e1ln\u011b 1 116 900 K\u010d. Naftov\u00e1 varianta TDI se stejn\u00fdm v\u00fdkonem za\u010d\u00edn\u00e1 na 1 117 900 K\u010d. Za verzi s pohonem v\u0161ech kol quattro s dvoulitrem TSI se 150 kW zaplat\u00ed\u00a0 z\u00e1jemce od 1,29 milionu korun.<\/p>\n<p><img loading=\"lazy\" decoding=\"async\" class=\"alignnone size-medium wp-image-19107\" src=\"http:\/\/www.automakers.cz\/wp-content\/uploads\/2026\/01\/Audi-Q3-Savoy-Spindl-2026-900x600.jpg\" alt=\"\" width=\"900\" height=\"600\" \/><strong>Kolik letos dostane import qtrojek z tov\u00e1rny pro \u010desk\u00e9 dealery?\u00a0<\/strong>\u201e\u017d\u00e1dnou kv\u00f3tu z tov\u00e1rny pro \u010cesko nem\u00e1me, kolik voz\u016f si z v\u00fdroby objedn\u00e1me, tolik jich m\u016f\u017eeme dostat,\u201c \u0159ek na\u0161emu \u010dasopisu Archleb.<\/p>\n<p><strong>Erich Handl, \u0160pindler\u016fv Ml\u00fdn, Foto: Audi a autor<\/strong><\/p>\n<p><img loading=\"lazy\" decoding=\"async\" class=\"alignnone size-medium wp-image-19040\" src=\"http:\/\/www.automakers.cz\/wp-content\/uploads\/2026\/01\/Audi-Q3-Handl-Spindlerovka-900x506.jpg\" sizes=\"auto, (max-width: 900px) 100vw, 900px\" srcset=\"https:\/\/www.automakers.cz\/wp-content\/uploads\/2026\/01\/Audi-Q3-Handl-Spindlerovka-900x506.jpg 900w, https:\/\/www.automakers.cz\/wp-content\/uploads\/2026\/01\/Audi-Q3-Handl-Spindlerovka-1024x576.jpg 1024w, https:\/\/www.automakers.cz\/wp-content\/uploads\/2026\/01\/Audi-Q3-Handl-Spindlerovka-768x432.jpg 768w, https:\/\/www.automakers.cz\/wp-content\/uploads\/2026\/01\/Audi-Q3-Handl-Spindlerovka-1536x864.jpg 1536w, https:\/\/www.automakers.cz\/wp-content\/uploads\/2026\/01\/Audi-Q3-Handl-Spindlerovka-1280x720.jpg 1280w, https:\/\/www.automakers.cz\/wp-content\/uploads\/2026\/01\/Audi-Q3-Handl-Spindlerovka.jpg 2048w\" alt=\"\" width=\"900\" height=\"506\" \/><\/p>\n","protected":false},"excerpt":{"rendered":"<p>Hotel Savoy ve \u0160pindlerov\u011b Ml\u00fdn\u011b hostil n\u00e1rodn\u00ed prezentaci t\u0159et\u00ed generace modelu Q3, \u0161\u00e9f zna\u010dky Marcel&#8230;<\/p>\n","protected":false},"author":1,"featured_media":1486,"comment_status":"open","ping_status":"open","sticky":false,"template":"","format":"standard","meta":{"footnotes":""},"categories":[9,2],"tags":[],"class_list":["post-1485","post","type-post","status-publish","format-standard","has-post-thumbnail","hentry","category-testy","category-tiskovky"],"_links":{"self":[{"href":"https:\/\/www.klubmn.cz\/index.php?rest_route=\/wp\/v2\/posts\/1485","targetHints":{"allow":["GET"]}}],"collection":[{"href":"https:\/\/www.klubmn.cz\/index.php?rest_route=\/wp\/v2\/posts"}],"about":[{"href":"https:\/\/www.klubmn.cz\/index.php?rest_route=\/wp\/v2\/types\/post"}],"author":[{"embeddable":true,"href":"https:\/\/www.klubmn.cz\/index.php?rest_route=\/wp\/v2\/users\/1"}],"replies":[{"embeddable":true,"href":"https:\/\/www.klubmn.cz\/index.php?rest_route=%2Fwp%2Fv2%2Fcomments&post=1485"}],"version-history":[{"count":1,"href":"https:\/\/www.klubmn.cz\/index.php?rest_route=\/wp\/v2\/posts\/1485\/revisions"}],"predecessor-version":[{"id":1487,"href":"https:\/\/www.klubmn.cz\/index.php?rest_route=\/wp\/v2\/posts\/1485\/revisions\/1487"}],"wp:featuredmedia":[{"embeddable":true,"href":"https:\/\/www.klubmn.cz\/index.php?rest_route=\/wp\/v2\/media\/1486"}],"wp:attachment":[{"href":"https:\/\/www.klubmn.cz\/index.php?rest_route=%2Fwp%2Fv2%2Fmedia&parent=1485"}],"wp:term":[{"taxonomy":"category","embeddable":true,"href":"https:\/\/www.klubmn.cz\/index.php?rest_route=%2Fwp%2Fv2%2Fcategories&post=1485"},{"taxonomy":"post_tag","embeddable":true,"href":"https:\/\/www.klubmn.cz\/index.php?rest_route=%2Fwp%2Fv2%2Ftags&post=1485"}],"curies":[{"name":"wp","href":"https:\/\/api.w.org\/{rel}","templated":true}]}}