{"id":1502,"date":"2026-01-30T08:40:35","date_gmt":"2026-01-30T08:40:35","guid":{"rendered":"https:\/\/www.klubmn.cz\/?p=1502"},"modified":"2026-01-30T08:40:35","modified_gmt":"2026-01-30T08:40:35","slug":"v-ankete-pr-roku-2025-volilo-32-novinaru","status":"publish","type":"post","link":"https:\/\/www.klubmn.cz\/?p=1502","title":{"rendered":"V anket\u011b PR roku 2025 volilo 32 novin\u00e1\u0159\u016f"},"content":{"rendered":"<p><strong>Valn\u00e1 hromada KMN v prosinci vyhl\u00e1sila tradi\u010dn\u00ed anketu PR roku 2025 SDA, sout\u011b\u017e uzav\u00edr\u00e1 lednov\u00e9 hlasov\u00e1n\u00ed.\u00a0 Nejlep\u0161\u00edho mluv\u010d\u00edho volilo celkem 32 motoristick\u00fdch novin\u00e1\u0159\u016f. V\u00edt\u011bz bude vyhl\u00e1\u0161en 10. \u00fanora spole\u010dn\u011b s v\u00fdsledky ankety Auto roku 2026 v \u010cR.<\/strong><span id=\"more-19133\"><\/span><!--more--><\/p>\n<p><strong>Sout\u011b\u017e letos op\u011bt organizuje klub ve spolupr\u00e1ci s AUTOmakers. <\/strong>Novin\u00e1\u0159i mohli d\u00e1vat sv\u00e9 hlasy v\u0161em ofici\u00e1ln\u00edm mluv\u010d\u00edm spole\u010dnost\u00ed sdru\u017een\u00fdch v SDA, kte\u0159\u00ed poskytovali PR servis v pr\u016fb\u011bhu roku 2025. P\u0159edloni hlasovalo 29 novin\u00e1\u0159\u016f, loni se akce z\u00fa\u010dastnilo rekordn\u00edch 34 respondent\u016f.<\/p>\n<p><strong>Jak to vypad\u00e1 letos?<\/strong> Ankety se do p\u00e1tku 30. ledna z\u00fa\u010dastnilo celkem 32 motoristick\u00fdch novin\u00e1\u0159\u016f ,\u201c uvedl k pr\u016fb\u011bhu hlasov\u00e1n\u00ed jeho <strong>organiz\u00e1tor Erich Handl.<\/strong><\/p>\n<p><strong>\u010clenov\u00e9 leto\u0161n\u00ed poroty<\/strong> (dle p\u0159\u00edjm\u011bn\u00ed uveden\u00e9ho na hlasovac\u00edm l\u00edstku):<\/p>\n<p>Bedn\u00e1\u0159<\/p>\n<p>B\u011bhal Bart<\/p>\n<p>B\u011bhal Robin<\/p>\n<p>Ber\u00e1nek<\/p>\n<p>Busta<\/p>\n<p>Ducho\u0148<\/p>\n<p>Felix<\/p>\n<p>Fiala<\/p>\n<p>H\u00e1jek Ji\u0159\u00ed<\/p>\n<p>H\u00e1jek Petr<\/p>\n<p>Handl<\/p>\n<p>Hrn\u010d\u00ed\u0159<\/p>\n<p>Kortus<\/p>\n<p>Kostoln\u00edk<\/p>\n<p>Krenar<\/p>\n<p>Kv\u00e1\u0161ov\u00e1<\/p>\n<p>Majurn\u00edk<\/p>\n<p>Markovi\u010d<\/p>\n<p>Proch\u00e1zkov\u00e1<\/p>\n<p>Rube\u0161ov\u00e1<\/p>\n<p>Rychtera<\/p>\n<p>Rybeck\u00fd<\/p>\n<p>\u0160idl\u00e1k<\/p>\n<p>\u0160princl<\/p>\n<p>\u0160tajf<\/p>\n<p>\u0160t\u011brba Martin<\/p>\n<p>\u0160t\u011brba Roman<\/p>\n<p>\u0160vandrl\u00edk<\/p>\n<p>Tom\u00ed\u0161ek<\/p>\n<p>Vahala<\/p>\n<p>Z\u00edta<\/p>\n<p>nepodepsan\u00fd l\u00edstek 1X<\/p>\n<figure id=\"attachment_18091\" class=\"wp-caption alignnone\" aria-describedby=\"caption-attachment-18091\"><img loading=\"lazy\" decoding=\"async\" class=\"size-medium wp-image-18091\" src=\"http:\/\/www.automakers.cz\/wp-content\/uploads\/2025\/11\/Auto-roku-FB-8-900x584.jpeg\" alt=\"\" width=\"900\" height=\"584\" \/><figcaption id=\"caption-attachment-18091\" class=\"wp-caption-text\">V \u010certousech se op\u011bt se\u0161li na testech porotci ankety s PR mana\u017eery kandid\u00e1tsk\u00fdch zna\u010dek; Foto: SDA<\/figcaption><\/figure>\n<p><strong>Organiz\u00e1to\u0159i ankety p\u0159edpokl\u00e1daj\u00ed za\u010d\u00e1tek postupn\u00e9ho s\u010d\u00edt\u00e1n\u00ed hlas\u016f po 1. \u00fanoru, vyhl\u00e1\u0161en\u00ed v\u00edt\u011bz\u016f pak prob\u011bhne 10. \u00fanora na fin\u00e1le Auata roku 2026!<\/strong><\/p>\n","protected":false},"excerpt":{"rendered":"<p>Valn\u00e1 hromada KMN v prosinci vyhl\u00e1sila tradi\u010dn\u00ed anketu PR roku 2025 SDA, sout\u011b\u017e uzav\u00edr\u00e1 lednov\u00e9&#8230;<\/p>\n","protected":false},"author":1,"featured_media":1503,"comment_status":"open","ping_status":"open","sticky":false,"template":"","format":"standard","meta":{"footnotes":""},"categories":[12,13],"tags":[],"class_list":["post-1502","post","type-post","status-publish","format-standard","has-post-thumbnail","hentry","category-ankety","category-novinari"],"_links":{"self":[{"href":"https:\/\/www.klubmn.cz\/index.php?rest_route=\/wp\/v2\/posts\/1502","targetHints":{"allow":["GET"]}}],"collection":[{"href":"https:\/\/www.klubmn.cz\/index.php?rest_route=\/wp\/v2\/posts"}],"about":[{"href":"https:\/\/www.klubmn.cz\/index.php?rest_route=\/wp\/v2\/types\/post"}],"author":[{"embeddable":true,"href":"https:\/\/www.klubmn.cz\/index.php?rest_route=\/wp\/v2\/users\/1"}],"replies":[{"embeddable":true,"href":"https:\/\/www.klubmn.cz\/index.php?rest_route=%2Fwp%2Fv2%2Fcomments&post=1502"}],"version-history":[{"count":2,"href":"https:\/\/www.klubmn.cz\/index.php?rest_route=\/wp\/v2\/posts\/1502\/revisions"}],"predecessor-version":[{"id":1505,"href":"https:\/\/www.klubmn.cz\/index.php?rest_route=\/wp\/v2\/posts\/1502\/revisions\/1505"}],"wp:featuredmedia":[{"embeddable":true,"href":"https:\/\/www.klubmn.cz\/index.php?rest_route=\/wp\/v2\/media\/1503"}],"wp:attachment":[{"href":"https:\/\/www.klubmn.cz\/index.php?rest_route=%2Fwp%2Fv2%2Fmedia&parent=1502"}],"wp:term":[{"taxonomy":"category","embeddable":true,"href":"https:\/\/www.klubmn.cz\/index.php?rest_route=%2Fwp%2Fv2%2Fcategories&post=1502"},{"taxonomy":"post_tag","embeddable":true,"href":"https:\/\/www.klubmn.cz\/index.php?rest_route=%2Fwp%2Fv2%2Ftags&post=1502"}],"curies":[{"name":"wp","href":"https:\/\/api.w.org\/{rel}","templated":true}]}}