{"id":1506,"date":"2026-02-03T10:14:58","date_gmt":"2026-02-03T10:14:58","guid":{"rendered":"https:\/\/www.klubmn.cz\/?p=1506"},"modified":"2026-02-03T10:14:58","modified_gmt":"2026-02-03T10:14:58","slug":"anketa-pr-2025-sda-tiskovka-roku-nominovano-13-medialnich-eventu","status":"publish","type":"post","link":"https:\/\/www.klubmn.cz\/?p=1506","title":{"rendered":"Anketa PR 2025 SDA \u201eTiskovka roku\u201c: nominov\u00e1no 13 medi\u00e1ln\u00edch event\u016f"},"content":{"rendered":"<p><strong>KMN v prosinci vyhl\u00e1sil tradi\u010dn\u00ed anketu PR roku 2025 SDA, sout\u011b\u017e v ned\u011bli uzav\u0159ela lednov\u00e9 hlasov\u00e1n\u00ed. T\u0159i novin\u00e1\u0159i dohlasovali b\u011bhem v\u00edkendu, tak\u017ee porota m\u00e1 letos rekordn\u00edch 35 motoristick\u00fdch novin\u00e1\u0159\u016f. A u\u017e jsou tu nominace a n\u00e1sledn\u00e9 s\u010d\u00edt\u00e1n\u00ed<\/strong><strong>. Do vedlej\u0161\u00ed kategorie \u201eTiskovka roku\u201c je nasazeno 13 lo\u0148sk\u00fdch akc\u00ed! <\/strong><span id=\"more-19133\"><\/span><span id=\"more-19335\"><\/span><!--more--><\/p>\n<p><strong>Sout\u011b\u017e letos op\u011bt organizuje klub ve spolupr\u00e1ci s AUTOmakers. <\/strong>Novin\u00e1\u0159i mohli d\u00e1vat sv\u00e9 hlasy v\u0161em ofici\u00e1ln\u00edm mluv\u010d\u00edm spole\u010dnost\u00ed sdru\u017een\u00fdch v SDA, kte\u0159\u00ed poskytovali PR servis v pr\u016fb\u011bhu roku 2025. P\u0159edloni hlasovalo 29 novin\u00e1\u0159\u016f, loni se akce z\u00fa\u010dastnilo 34 respondent\u016f, letos je to uveden\u00fdch 35 report\u00e9r\u016f.<\/p>\n<p>Hlasovalo se tak\u00e9 ve vedlej\u0161\u00edch kategori\u00edch <strong>\u201eTiskovka roku\u201c<\/strong>, <strong>\u201eTestovac\u00ed vozy\u201c<\/strong> a m\u00e1lo obl\u00edben\u00e1 <strong>\u201eHo\u0159k\u00e1 malina\u201c.<\/strong><\/p>\n<p><strong>Nominace v kategorii \u201eTiskovka roku\u201c (dom\u00e1c\u00ed medi\u00e1ln\u00ed prezentace, premi\u00e9ry, konference v r\u00e1mci SDA)<\/strong><\/p>\n<p><strong>CUPRA plovouc\u00ed Terramar na Vltav\u011b<\/strong><\/p>\n<p><img loading=\"lazy\" decoding=\"async\" class=\"alignnone size-medium wp-image-12790\" src=\"http:\/\/www.automakers.cz\/wp-content\/uploads\/2025\/04\/cupra-day-2-141-900x600.jpg\" alt=\"\" width=\"900\" height=\"600\" \/><\/p>\n<p><strong>DS 8 Premi\u00e9ra modelu v Pragovce<\/strong><\/p>\n<p><img loading=\"lazy\" decoding=\"async\" class=\"alignnone size-medium wp-image-17045\" src=\"http:\/\/www.automakers.cz\/wp-content\/uploads\/2025\/10\/DS-TK-Pragovka-Bedrnova-orez-900x513.jpg\" sizes=\"auto, (max-width: 900px) 100vw, 900px\" srcset=\"https:\/\/www.automakers.cz\/wp-content\/uploads\/2025\/10\/DS-TK-Pragovka-Bedrnova-orez-900x513.jpg 900w, https:\/\/www.automakers.cz\/wp-content\/uploads\/2025\/10\/DS-TK-Pragovka-Bedrnova-orez-1024x583.jpg 1024w, https:\/\/www.automakers.cz\/wp-content\/uploads\/2025\/10\/DS-TK-Pragovka-Bedrnova-orez-768x437.jpg 768w, https:\/\/www.automakers.cz\/wp-content\/uploads\/2025\/10\/DS-TK-Pragovka-Bedrnova-orez-1536x875.jpg 1536w, https:\/\/www.automakers.cz\/wp-content\/uploads\/2025\/10\/DS-TK-Pragovka-Bedrnova-orez.jpg 1740w\" alt=\"\" width=\"900\" height=\"513\" \/><\/p>\n<p><strong>Dacia Bigster \u0160umava Ann\u00edn<\/strong><\/p>\n<figure id=\"attachment_12336\" class=\"wp-caption alignnone\" aria-describedby=\"caption-attachment-12336\"><img loading=\"lazy\" decoding=\"async\" class=\"size-medium wp-image-12336\" src=\"http:\/\/www.automakers.cz\/wp-content\/uploads\/2025\/04\/Dacia-Bigster-Annin-900x506.jpg\" sizes=\"auto, (max-width: 900px) 100vw, 900px\" srcset=\"https:\/\/www.automakers.cz\/wp-content\/uploads\/2025\/04\/Dacia-Bigster-Annin-900x506.jpg 900w, https:\/\/www.automakers.cz\/wp-content\/uploads\/2025\/04\/Dacia-Bigster-Annin-1024x576.jpg 1024w, https:\/\/www.automakers.cz\/wp-content\/uploads\/2025\/04\/Dacia-Bigster-Annin-768x432.jpg 768w, https:\/\/www.automakers.cz\/wp-content\/uploads\/2025\/04\/Dacia-Bigster-Annin-1536x864.jpg 1536w, https:\/\/www.automakers.cz\/wp-content\/uploads\/2025\/04\/Dacia-Bigster-Annin-1280x720.jpg 1280w, https:\/\/www.automakers.cz\/wp-content\/uploads\/2025\/04\/Dacia-Bigster-Annin.jpg 2040w\" alt=\"\" width=\"900\" height=\"506\" \/><figcaption id=\"caption-attachment-12336\" class=\"wp-caption-text\">FOTO: Erich Handl<\/figcaption><\/figure>\n<p><strong>\u0160koda premi\u00e9ra Enyaqu Lipno<\/strong><\/p>\n<figure id=\"attachment_12201\" class=\"wp-caption alignnone\" aria-describedby=\"caption-attachment-12201\"><img loading=\"lazy\" decoding=\"async\" class=\"size-medium wp-image-12201\" src=\"http:\/\/www.automakers.cz\/wp-content\/uploads\/2025\/04\/Skoda-Enyaq-Lipno-big-900x522.jpg\" alt=\"\" width=\"900\" height=\"522\" \/><figcaption id=\"caption-attachment-12201\" class=\"wp-caption-text\">FOTO: \u0160koda Auto<\/figcaption><\/figure>\n<p><strong>VW 4\u00d74 Drive B\u011bl\u00e1, poho\u0161t\u011bn\u00ed Kersko<\/strong><\/p>\n<figure id=\"attachment_17782\" class=\"wp-caption alignnone\" aria-describedby=\"caption-attachment-17782\"><img loading=\"lazy\" decoding=\"async\" class=\"size-medium wp-image-17782\" src=\"http:\/\/www.automakers.cz\/wp-content\/uploads\/2025\/11\/VW-Touareg-Bela-brod-900x600.jpg\" alt=\"\" width=\"900\" height=\"600\" \/><figcaption id=\"caption-attachment-17782\" class=\"wp-caption-text\">Adventure Land nab\u00edz\u00ed i mo\u017enost hlubok\u00e9ho brod\u011bn\u00ed; Foto: VW<\/figcaption><\/figure>\n<p><strong>Opel Fronetra To\u010dn\u00e1, prohl\u00eddka hang\u00e1ru<\/strong><\/p>\n<p><img loading=\"lazy\" decoding=\"async\" class=\"alignnone size-medium wp-image-13642\" src=\"http:\/\/www.automakers.cz\/wp-content\/uploads\/2025\/06\/Opel-Frontera-Tocna-900x506.jpeg\" sizes=\"auto, (max-width: 900px) 100vw, 900px\" srcset=\"https:\/\/www.automakers.cz\/wp-content\/uploads\/2025\/06\/Opel-Frontera-Tocna-900x506.jpeg 900w, https:\/\/www.automakers.cz\/wp-content\/uploads\/2025\/06\/Opel-Frontera-Tocna-1024x576.jpeg 1024w, https:\/\/www.automakers.cz\/wp-content\/uploads\/2025\/06\/Opel-Frontera-Tocna-768x432.jpeg 768w, https:\/\/www.automakers.cz\/wp-content\/uploads\/2025\/06\/Opel-Frontera-Tocna-1536x864.jpeg 1536w, https:\/\/www.automakers.cz\/wp-content\/uploads\/2025\/06\/Opel-Frontera-Tocna-1280x720.jpeg 1280w, https:\/\/www.automakers.cz\/wp-content\/uploads\/2025\/06\/Opel-Frontera-Tocna.jpeg 2048w\" alt=\"\" width=\"900\" height=\"506\" \/><\/p>\n<p><strong>Kia v\u00e1no\u010dn\u00ed prezentace model\u016f<\/strong><\/p>\n<p><img loading=\"lazy\" decoding=\"async\" class=\"alignnone size-medium wp-image-18290\" src=\"http:\/\/www.automakers.cz\/wp-content\/uploads\/2025\/12\/Kia-SOHO-Vanoce-2025-orez-900x543.jpg\" sizes=\"auto, (max-width: 900px) 100vw, 900px\" srcset=\"https:\/\/www.automakers.cz\/wp-content\/uploads\/2025\/12\/Kia-SOHO-Vanoce-2025-orez-900x543.jpg 900w, https:\/\/www.automakers.cz\/wp-content\/uploads\/2025\/12\/Kia-SOHO-Vanoce-2025-orez-1024x618.jpg 1024w, https:\/\/www.automakers.cz\/wp-content\/uploads\/2025\/12\/Kia-SOHO-Vanoce-2025-orez-768x463.jpg 768w, https:\/\/www.automakers.cz\/wp-content\/uploads\/2025\/12\/Kia-SOHO-Vanoce-2025-orez-1536x926.jpg 1536w, https:\/\/www.automakers.cz\/wp-content\/uploads\/2025\/12\/Kia-SOHO-Vanoce-2025-orez.jpg 1761w\" alt=\"\" width=\"900\" height=\"543\" \/><\/p>\n<p><strong>Ford, p\u0159edstaven\u00ed nov\u00fdch voz\u016f s curlingov\u00fdm turnajem<\/strong><\/p>\n<p><img loading=\"lazy\" decoding=\"async\" class=\"alignnone size-medium wp-image-10294\" src=\"http:\/\/www.automakers.cz\/wp-content\/uploads\/2025\/01\/Ford_curling-Handl-900x600.jpg\" alt=\"\" width=\"900\" height=\"600\" \/><\/p>\n<p><strong>Scania, testy n\u00e1kladn\u00edch vozidel<\/strong><\/p>\n<p><img loading=\"lazy\" decoding=\"async\" class=\"alignnone size-medium wp-image-16756\" src=\"http:\/\/www.automakers.cz\/wp-content\/uploads\/2025\/10\/GreenWayScania-web-114-900x599.jpg\" alt=\"\" width=\"900\" height=\"599\" \/><\/p>\n<p><strong>Volvo Trucks, prezentace<\/strong><\/p>\n<p><img loading=\"lazy\" decoding=\"async\" class=\"alignnone size-medium wp-image-2083\" src=\"http:\/\/www.automakers.cz\/wp-content\/uploads\/2024\/02\/Volvo_2-Zumtobel-900x555.jpg\" alt=\"\" width=\"900\" height=\"555\" \/><\/p>\n<p><strong>Audi p\u0159edstaven\u00ed model\u016f ve vina\u0159stv\u00ed Gurdau, degustace<\/strong><\/p>\n<p><img loading=\"lazy\" decoding=\"async\" class=\"alignnone size-medium wp-image-12287\" src=\"http:\/\/www.automakers.cz\/wp-content\/uploads\/2025\/04\/Audi-vinarstvi-Gurdau-budova-900x600.jpg\" alt=\"\" width=\"900\" height=\"600\" \/><\/p>\n<p><strong>Toyota Aygo X Hybrid<\/strong><\/p>\n<figure id=\"attachment_17609\" class=\"wp-caption alignnone\" aria-describedby=\"caption-attachment-17609\"><img loading=\"lazy\" decoding=\"async\" class=\"size-medium wp-image-17609\" src=\"http:\/\/www.automakers.cz\/wp-content\/uploads\/2025\/11\/2025_Aygo_X_High_Grade_Hybrid_Lavandula_Dynamic_0001-900x600.jpg\" alt=\"\" width=\"900\" height=\"600\" \/><figcaption id=\"caption-attachment-17609\" class=\"wp-caption-text\">Foto: Toyota<\/figcaption><\/figure>\n<p><strong>Toyota Corolla<\/strong><\/p>\n<p><img loading=\"lazy\" decoding=\"async\" class=\"alignnone size-full wp-image-6695\" src=\"http:\/\/www.automakers.cz\/wp-content\/uploads\/2024\/08\/TOYOTA_COROLLA_SEDAN_0013-fit-599x399-1.jpg\" alt=\"\" width=\"599\" height=\"399\" \/><\/p>\n<p><strong>\u010clenov\u00e9 leto\u0161n\u00ed poroty<\/strong> (dle p\u0159\u00edjmen\u00ed uveden\u00e9ho na hlasovac\u00edm l\u00edstku):<\/p>\n<p>Bedn\u00e1\u0159<\/p>\n<p>B\u011bhal Bart<\/p>\n<p>B\u011bhal Ond\u0159ej<\/p>\n<p>B\u011bhal Robin<\/p>\n<p>Ber\u00e1nek<\/p>\n<p>Busta<\/p>\n<p>Ducho\u0148<\/p>\n<p>Felix<\/p>\n<p>Fiala<\/p>\n<p>H\u00e1jek Ji\u0159\u00ed<\/p>\n<p>H\u00e1jek Petr<\/p>\n<p>Handl<\/p>\n<p>Hrn\u010d\u00ed\u0159<\/p>\n<p>Jirou\u0161<\/p>\n<p>Kortus<\/p>\n<p>Kostoln\u00edk<\/p>\n<p>Krenar<\/p>\n<p>Kv\u00e1\u0161ov\u00e1<\/p>\n<p>Majurn\u00edk<\/p>\n<p>Markovi\u010d<\/p>\n<p>Proch\u00e1zkov\u00e1<\/p>\n<p>Rejlek<\/p>\n<p>Rube\u0161ov\u00e1<\/p>\n<p>Rychtera<\/p>\n<p>Rybeck\u00fd<\/p>\n<p>\u0160idl\u00e1k<\/p>\n<p>\u0160princl<\/p>\n<p>\u0160tajf<\/p>\n<p>\u0160t\u011brba Martin<\/p>\n<p>\u0160t\u011brba Roman<\/p>\n<p>\u0160vandrl\u00edk<\/p>\n<p>Tom\u00ed\u0161ek<\/p>\n<p>Vahala<\/p>\n<p>Z\u00edta<\/p>\n<p>nepodepsan\u00fd l\u00edstek 1X<\/p>\n<p><strong>Vyhl\u00e1\u0161en\u00ed v\u00edt\u011bz\u016f:<\/strong><\/p>\n<p><strong>Organiz\u00e1to\u0159i ankety p\u0159edpokl\u00e1daj\u00ed za\u010d\u00e1tek postupn\u00e9ho s\u010d\u00edt\u00e1n\u00ed hlas\u016f po 1. \u00fanoru, vyhl\u00e1\u0161en\u00ed v\u00edt\u011bz\u016f pak prob\u011bhne 10. \u00fanora na fin\u00e1le Auta roku 2026!<\/strong><\/p>\n<div class=\"heateor_sss_sharing_container heateor_sss_vertical_sharing heateor_sss_bottom_sharing\" data-heateor-sss-href=\"https:\/\/www.automakers.cz\/?p=19335\">\n<div class=\"heateor_sss_sharing_ul\"><\/div>\n<div class=\"heateorSssClear\"><\/div>\n<div class=\"heateorSssSharingArrow heateorSssPullOut\" title=\"Hide\"><\/div>\n<\/div>\n<p><span class=\"edit-link\"><i class=\"fas fa-edit\"><\/i><a class=\"post-edit-link\" href=\"https:\/\/www.automakers.cz\/wp-admin\/post.php?post=19335&amp;action=edit\">Edit <\/a><\/span><\/p>\n","protected":false},"excerpt":{"rendered":"<p>KMN v prosinci vyhl\u00e1sil tradi\u010dn\u00ed anketu PR roku 2025 SDA, sout\u011b\u017e v ned\u011bli uzav\u0159ela lednov\u00e9&#8230;<\/p>\n","protected":false},"author":1,"featured_media":200,"comment_status":"open","ping_status":"open","sticky":false,"template":"","format":"standard","meta":{"footnotes":""},"categories":[12,13,19],"tags":[],"class_list":["post-1506","post","type-post","status-publish","format-standard","has-post-thumbnail","hentry","category-ankety","category-novinari","category-pr"],"_links":{"self":[{"href":"https:\/\/www.klubmn.cz\/index.php?rest_route=\/wp\/v2\/posts\/1506","targetHints":{"allow":["GET"]}}],"collection":[{"href":"https:\/\/www.klubmn.cz\/index.php?rest_route=\/wp\/v2\/posts"}],"about":[{"href":"https:\/\/www.klubmn.cz\/index.php?rest_route=\/wp\/v2\/types\/post"}],"author":[{"embeddable":true,"href":"https:\/\/www.klubmn.cz\/index.php?rest_route=\/wp\/v2\/users\/1"}],"replies":[{"embeddable":true,"href":"https:\/\/www.klubmn.cz\/index.php?rest_route=%2Fwp%2Fv2%2Fcomments&post=1506"}],"version-history":[{"count":2,"href":"https:\/\/www.klubmn.cz\/index.php?rest_route=\/wp\/v2\/posts\/1506\/revisions"}],"predecessor-version":[{"id":1508,"href":"https:\/\/www.klubmn.cz\/index.php?rest_route=\/wp\/v2\/posts\/1506\/revisions\/1508"}],"wp:featuredmedia":[{"embeddable":true,"href":"https:\/\/www.klubmn.cz\/index.php?rest_route=\/wp\/v2\/media\/200"}],"wp:attachment":[{"href":"https:\/\/www.klubmn.cz\/index.php?rest_route=%2Fwp%2Fv2%2Fmedia&parent=1506"}],"wp:term":[{"taxonomy":"category","embeddable":true,"href":"https:\/\/www.klubmn.cz\/index.php?rest_route=%2Fwp%2Fv2%2Fcategories&post=1506"},{"taxonomy":"post_tag","embeddable":true,"href":"https:\/\/www.klubmn.cz\/index.php?rest_route=%2Fwp%2Fv2%2Ftags&post=1506"}],"curies":[{"name":"wp","href":"https:\/\/api.w.org\/{rel}","templated":true}]}}