{"id":1530,"date":"2026-02-10T15:44:43","date_gmt":"2026-02-10T15:44:43","guid":{"rendered":"https:\/\/www.klubmn.cz\/?p=1530"},"modified":"2026-02-10T15:44:43","modified_gmt":"2026-02-10T15:44:43","slug":"autem-roku-2026-v-cr-je-skoda-elroq","status":"publish","type":"post","link":"https:\/\/www.klubmn.cz\/?p=1530","title":{"rendered":"Autem roku 2026 v \u010cR je \u0160koda Elroq"},"content":{"rendered":"<p><strong>Anketa Auto roku 2026 v \u010cR se uzav\u0159ela 10. \u00fanora slavnostn\u00edm vyhl\u00e1\u0161en\u00edm v\u00fdsledk\u016f v pra\u017esk\u00e9m Grand Hotelu International. Porota letos p\u0159id\u011blila nejv\u011bt\u0161\u00ed po\u010det bod\u016f \u010dist\u011b elektrick\u00e9mu modelu Elroq. Cenu pro v\u00edt\u011bze z rukou p\u0159edsedy poroty Toma Hyana p\u0159evzal vedouc\u00ed \u010desk\u00e9ho zastoupen\u00ed \u0160kody Auto Ji\u0159\u00ed Mal\u00e1\u010dek.<\/strong><span id=\"more-19531\"><\/span><!--more--><\/p>\n<p><strong>Pestr\u00fd kvintet finalist\u016f<\/strong> \u2013 Audi A6, BMW iX3, Dacia Bigster, Mercedes-Benzl CLA a \u0160koda Elroq \u2013 se utkal o presti\u017en\u00ed ocen\u011bn\u00ed Auto roku v \u010cesk\u00e9 republice. Odborn\u00e1 porota slo\u017een\u00e1 z 19 p\u0159edn\u00edch \u010desk\u00fdch motoristick\u00fdch novin\u00e1\u0159\u016f nem\u011bla jednoduchou pr\u00e1ci, musela posoudit vlastnosti jednotliv\u00fdch finalist\u016f a zohlednit jejich relevanci k \u010desk\u00e9mu trhu, co\u017e bylo jedno z d\u016fle\u017eit\u00fdch krit\u00e9ri\u00ed volby.<\/p>\n<p><iframe loading=\"lazy\" id=\"_ytid_33524\" class=\"__youtube_prefs__  epyt-is-override  no-lazyload\" title=\"Auto roku 2026 v \u010cR Vyhl\u00e1\u0161en\u00ed v\u00fdsledk\u016f\" src=\"https:\/\/www.youtube.com\/embed\/d5MOmQI9PYw?enablejsapi=1&amp;autoplay=0&amp;cc_load_policy=0&amp;cc_lang_pref=&amp;iv_load_policy=1&amp;loop=0&amp;modestbranding=0&amp;rel=1&amp;fs=1&amp;playsinline=0&amp;autohide=2&amp;theme=dark&amp;color=red&amp;controls=1&amp;\" width=\"640\" height=\"360\" allowfullscreen=\"allowfullscreen\" data-origwidth=\"640\" data-origheight=\"360\" data-no-lazy=\"1\" data-skipgform_ajax_framebjll=\"\" data-mce-fragment=\"1\"><\/iframe><\/p>\n<p>Sou\u010d\u00e1st\u00ed slavnostn\u00edho vyhl\u00e1\u0161en\u00ed byl tak\u00e9 odborn\u00fd semin\u00e1\u0159 na t\u00e9ma<strong> V\u00fdvoj ve\u0159ejn\u00e9 dob\u00edjec\u00ed infrastruktury<\/strong> v \u010cesk\u00e9 republice v evropsk\u00e9m kontextu, kter\u00fd vedl Luk\u00e1\u0161 Kadula z Centra dopravn\u00edho v\u00fdzkumu.<\/p>\n<p><strong>Do S\u00edn\u011b sl\u00e1vy SDA byl nov\u011b uveden Anton\u00edn \u0160\u00edpek<\/strong>, kter\u00fd se v\u00fdznamn\u011b pod\u00edlel na rozvoji automobilov\u00e9ho trhu v \u010cesk\u00e9 republice. A vyhl\u00e1\u0161eny byly tak\u00e9 v\u00fdsledky ankety PR roku po\u0159\u00e1dan\u00e9 Klubem motoristick\u00fdch novin\u00e1\u0159\u016f. V t\u00e9 prvn\u00ed t\u0159i m\u00edsta obsadili Filip Stoulil (SEAT &amp; Cupra), Jitka Skali\u010dkov\u00e1 (Renault, Alpine &amp; Dacia) a Martin Hejral (Opel &amp; LeapMotor).<\/p>\n<p>Premi\u00e9rov\u011b bylo slavnostn\u00ed vyhl\u00e1\u0161en\u00ed \u017eiv\u011b p\u0159en\u00e1\u0161eno na<strong> YouTube kan\u00e1lu SDA<\/strong> a na facebookov\u00e9m profilu Auto roku.<\/p>\n<p><img loading=\"lazy\" decoding=\"async\" class=\"alignnone size-medium wp-image-19537\" src=\"http:\/\/www.automakers.cz\/wp-content\/uploads\/2026\/02\/Auto-roku-2026-finaliste-Dejvice-orez-900x424.jpg\" sizes=\"auto, (max-width: 900px) 100vw, 900px\" srcset=\"https:\/\/www.automakers.cz\/wp-content\/uploads\/2026\/02\/Auto-roku-2026-finaliste-Dejvice-orez-900x424.jpg 900w, https:\/\/www.automakers.cz\/wp-content\/uploads\/2026\/02\/Auto-roku-2026-finaliste-Dejvice-orez-1024x482.jpg 1024w, https:\/\/www.automakers.cz\/wp-content\/uploads\/2026\/02\/Auto-roku-2026-finaliste-Dejvice-orez-768x362.jpg 768w, https:\/\/www.automakers.cz\/wp-content\/uploads\/2026\/02\/Auto-roku-2026-finaliste-Dejvice-orez-1536x723.jpg 1536w, https:\/\/www.automakers.cz\/wp-content\/uploads\/2026\/02\/Auto-roku-2026-finaliste-Dejvice-orez.jpg 2048w\" alt=\"\" width=\"900\" height=\"424\" \/><strong>Auto roku 2026 v \u010cesk\u00e9 republice \u2013 v\u00fdsledky<\/strong><\/p>\n<p>1. \u0160koda Elroq<br \/>\n2. Mercedes-Benz CLA<br \/>\n3. BMW iX3<br \/>\n4. Audi A6<br \/>\n5. Dacia Bigster<br \/>\n111 bod\u016f<\/p>\n<p><strong>Partne\u0159i ankety<\/strong><\/p>\n<p><strong>AMPER e-mobilita 2026<\/strong><br \/>\nMezin\u00e1rodn\u00ed elektrotechnick\u00fd veletrh AMPER, nejv\u011bt\u0161\u00ed ud\u00e1lost sv\u00e9ho druhu v \u010cesku a na Slovensku, prob\u011bhne ve dnech 17.\u201319. b\u0159ezna 2026 na brn\u011bnsk\u00e9m v\u00fdstavi\u0161ti. Sou\u010d\u00e1st\u00ed t\u00e9to presti\u017en\u00ed akce je tradi\u010dn\u00ed expozice elektrick\u00e9 a hybridn\u00ed mobility AMPER e-mobility, kter\u00e1 se p\u0159edstav\u00ed v \u0161ir\u0161\u00ed a atraktivn\u011bj\u0161\u00ed podob\u011b. Sou\u010d\u00e1st\u00ed veletrhu budou konference zam\u011b\u0159en\u00e9 na modern\u00ed energetiku a udr\u017eiteln\u00e9 technologie.<\/p>\n<p><strong>Bosch Group<\/strong><br \/>\nBosch v \u010cesk\u00e9 republice se skl\u00e1d\u00e1 ze \u0161esti leg\u00e1ln\u00edch entit a v roce 2024 zam\u011bstn\u00e1val zhruba 8 200 pracovn\u00edk\u016f (k 31. 12. 2024). Konsolidovan\u00fd obrat na trz\u00edch v \u010cesk\u00e9 republice dos\u00e1hl v roce 2024 v\u00fd\u0161e 20,6 miliardy korun (zhruba 820 milion\u016f eur) a celkov\u00fd obrat \u010desk\u00fdch spole\u010dnost\u00ed skupiny Bosch v\u010detn\u011b obratu nekonsolidovan\u00fdch spole\u010dnost\u00ed a intern\u00edch dod\u00e1vek sestersk\u00fdm spole\u010dnostem mimo \u010cR dos\u00e1hly \u010d\u00e1stky 55,5 miliardy korun (2,2 miliardy eur). Bosch je v zemi zastoupen v\u0161emi sv\u00fdmi \u010dty\u0159mi obchodn\u00edmi oblastmi: Mobility, Pr\u016fmyslov\u00e1 technika, Spot\u0159ebn\u00ed zbo\u017e\u00ed a Energetika a technika budov.<\/p>\n<p><strong>Zdroj: SDA a Erich Handl, Grand Iternational Praha, Video: Lud\u011bk Kortus<\/strong><\/p>\n","protected":false},"excerpt":{"rendered":"<p>Anketa Auto roku 2026 v \u010cR se uzav\u0159ela 10. \u00fanora slavnostn\u00edm vyhl\u00e1\u0161en\u00edm v\u00fdsledk\u016f v pra\u017esk\u00e9m&#8230;<\/p>\n","protected":false},"author":1,"featured_media":1531,"comment_status":"open","ping_status":"open","sticky":false,"template":"","format":"standard","meta":{"footnotes":""},"categories":[12,25,13],"tags":[],"class_list":["post-1530","post","type-post","status-publish","format-standard","has-post-thumbnail","hentry","category-ankety","category-importeri","category-novinari"],"_links":{"self":[{"href":"https:\/\/www.klubmn.cz\/index.php?rest_route=\/wp\/v2\/posts\/1530","targetHints":{"allow":["GET"]}}],"collection":[{"href":"https:\/\/www.klubmn.cz\/index.php?rest_route=\/wp\/v2\/posts"}],"about":[{"href":"https:\/\/www.klubmn.cz\/index.php?rest_route=\/wp\/v2\/types\/post"}],"author":[{"embeddable":true,"href":"https:\/\/www.klubmn.cz\/index.php?rest_route=\/wp\/v2\/users\/1"}],"replies":[{"embeddable":true,"href":"https:\/\/www.klubmn.cz\/index.php?rest_route=%2Fwp%2Fv2%2Fcomments&post=1530"}],"version-history":[{"count":1,"href":"https:\/\/www.klubmn.cz\/index.php?rest_route=\/wp\/v2\/posts\/1530\/revisions"}],"predecessor-version":[{"id":1532,"href":"https:\/\/www.klubmn.cz\/index.php?rest_route=\/wp\/v2\/posts\/1530\/revisions\/1532"}],"wp:featuredmedia":[{"embeddable":true,"href":"https:\/\/www.klubmn.cz\/index.php?rest_route=\/wp\/v2\/media\/1531"}],"wp:attachment":[{"href":"https:\/\/www.klubmn.cz\/index.php?rest_route=%2Fwp%2Fv2%2Fmedia&parent=1530"}],"wp:term":[{"taxonomy":"category","embeddable":true,"href":"https:\/\/www.klubmn.cz\/index.php?rest_route=%2Fwp%2Fv2%2Fcategories&post=1530"},{"taxonomy":"post_tag","embeddable":true,"href":"https:\/\/www.klubmn.cz\/index.php?rest_route=%2Fwp%2Fv2%2Ftags&post=1530"}],"curies":[{"name":"wp","href":"https:\/\/api.w.org\/{rel}","templated":true}]}}