{"id":1545,"date":"2026-02-16T13:23:17","date_gmt":"2026-02-16T13:23:17","guid":{"rendered":"https:\/\/www.klubmn.cz\/?p=1545"},"modified":"2026-02-16T13:23:17","modified_gmt":"2026-02-16T13:23:17","slug":"komunikaci-cez-doplnil-ondrej-svoboda","status":"publish","type":"post","link":"https:\/\/www.klubmn.cz\/?p=1545","title":{"rendered":"Komunikaci \u010cEZ doplnil Ond\u0159ej Svoboda"},"content":{"rendered":"<p><strong>Do t\u00fdmu mluv\u010d\u00edch energetick\u00e9 Skupiny \u010cEZ, provozovatele nejv\u011bt\u0161\u00ed s\u00edt\u011b dob\u00edje\u010dek pro elektromobily, nastoupil od \u00fanora dosavadn\u00ed novin\u00e1\u0159 Ond\u0159ej Svoboda. Na pozici mluv\u010d\u00edho nahradil Alici Hor\u00e1kovou, kter\u00e1 se za\u010d\u00e1tkem roku stala mluv\u010d\u00ed Elektr\u00e1rny Dukovany II.<\/strong><span id=\"more-4001\"><\/span><span id=\"more-19661\"><\/span><!--more--><\/p>\n<p>Ond\u0159ej Svoboda do komunika\u010dn\u00edho t\u00fdmu \u010cEZ p\u0159ich\u00e1z\u00ed ze <strong>CNN Prima NEWS<\/strong>, kde p\u0159es p\u011bt let p\u016fsobil jako redaktor dom\u00e1c\u00ed redakce zam\u011b\u0159en\u00edm na ekonomiku a jako moder\u00e1tor rann\u00edho zpravodajstv\u00ed a diskusn\u00edch po\u0159ad\u016f. P\u0159edt\u00edm str\u00e1vil dva roky v ekonomick\u00e9 redakci port\u00e1lu<strong> iDNES.cz a v MF DNES.<\/strong><\/p>\n<p>\u201e<em>P\u0159esun do t\u00fdmu komunikace nejv\u011bt\u0161\u00ed energetick\u00e9 spole\u010dnosti v tuzemsku je velk\u00e1 v\u00fdzva, na kterou se t\u011b\u0161\u00edm. Energetika je velmi zaj\u00edmav\u00fdm a perspektivn\u00edm sektorem, kter\u00e9mu jsem se pracovn\u011b r\u00e1d v\u011bnoval i b\u011bhem sv\u00e9 dosavadn\u00ed novin\u00e1\u0159sk\u00e9 kari\u00e9ry,<\/em>\u201c uvedl Svoboda.<\/p>\n<p>Na postu mluv\u010d\u00edho Svoboda vyst\u0159\u00eddal Alici Hor\u00e1kovou, kter\u00e1 v komunikaci \u010cEZ pracovala od roku 2017. Ta se v lednu leto\u0161n\u00edho roku p\u0159esunula na pozici mluv\u010d\u00ed spole\u010dnosti Elektr\u00e1rna Dukovany II.<\/p>\n<p><strong>Ond\u0159eje Svobodu p\u0159edstavil novin\u00e1\u0159\u016fm na \u00fanorov\u00e9m setk\u00e1n\u00ed s mana\u017eery \u010cEZ mluv\u010d\u00ed firmy Roman Gazd\u00edk (na sn\u00edmku vpravo)<\/strong><\/p>\n<figure id=\"attachment_19672\" class=\"wp-caption alignnone\" aria-describedby=\"caption-attachment-19672\"><img loading=\"lazy\" decoding=\"async\" class=\"size-medium wp-image-19672\" src=\"http:\/\/www.automakers.cz\/wp-content\/uploads\/2026\/02\/CEZ-Svoboda-Gazdik-orez-900x532.jpg\" sizes=\"auto, (max-width: 900px) 100vw, 900px\" srcset=\"https:\/\/www.automakers.cz\/wp-content\/uploads\/2026\/02\/CEZ-Svoboda-Gazdik-orez-900x532.jpg 900w, https:\/\/www.automakers.cz\/wp-content\/uploads\/2026\/02\/CEZ-Svoboda-Gazdik-orez-1024x605.jpg 1024w, https:\/\/www.automakers.cz\/wp-content\/uploads\/2026\/02\/CEZ-Svoboda-Gazdik-orez-768x454.jpg 768w, https:\/\/www.automakers.cz\/wp-content\/uploads\/2026\/02\/CEZ-Svoboda-Gazdik-orez-1536x908.jpg 1536w, https:\/\/www.automakers.cz\/wp-content\/uploads\/2026\/02\/CEZ-Svoboda-Gazdik-orez.jpg 1949w\" alt=\"\" width=\"900\" height=\"532\" \/><figcaption id=\"caption-attachment-19672\" class=\"wp-caption-text\">Foto: Erich Handl<\/figcaption><\/figure>\n","protected":false},"excerpt":{"rendered":"<p>Do t\u00fdmu mluv\u010d\u00edch energetick\u00e9 Skupiny \u010cEZ, provozovatele nejv\u011bt\u0161\u00ed s\u00edt\u011b dob\u00edje\u010dek pro elektromobily, nastoupil od \u00fanora&#8230;<\/p>\n","protected":false},"author":1,"featured_media":1546,"comment_status":"open","ping_status":"open","sticky":false,"template":"","format":"standard","meta":{"footnotes":""},"categories":[13,19],"tags":[],"class_list":["post-1545","post","type-post","status-publish","format-standard","has-post-thumbnail","hentry","category-novinari","category-pr"],"_links":{"self":[{"href":"https:\/\/www.klubmn.cz\/index.php?rest_route=\/wp\/v2\/posts\/1545","targetHints":{"allow":["GET"]}}],"collection":[{"href":"https:\/\/www.klubmn.cz\/index.php?rest_route=\/wp\/v2\/posts"}],"about":[{"href":"https:\/\/www.klubmn.cz\/index.php?rest_route=\/wp\/v2\/types\/post"}],"author":[{"embeddable":true,"href":"https:\/\/www.klubmn.cz\/index.php?rest_route=\/wp\/v2\/users\/1"}],"replies":[{"embeddable":true,"href":"https:\/\/www.klubmn.cz\/index.php?rest_route=%2Fwp%2Fv2%2Fcomments&post=1545"}],"version-history":[{"count":1,"href":"https:\/\/www.klubmn.cz\/index.php?rest_route=\/wp\/v2\/posts\/1545\/revisions"}],"predecessor-version":[{"id":1547,"href":"https:\/\/www.klubmn.cz\/index.php?rest_route=\/wp\/v2\/posts\/1545\/revisions\/1547"}],"wp:featuredmedia":[{"embeddable":true,"href":"https:\/\/www.klubmn.cz\/index.php?rest_route=\/wp\/v2\/media\/1546"}],"wp:attachment":[{"href":"https:\/\/www.klubmn.cz\/index.php?rest_route=%2Fwp%2Fv2%2Fmedia&parent=1545"}],"wp:term":[{"taxonomy":"category","embeddable":true,"href":"https:\/\/www.klubmn.cz\/index.php?rest_route=%2Fwp%2Fv2%2Fcategories&post=1545"},{"taxonomy":"post_tag","embeddable":true,"href":"https:\/\/www.klubmn.cz\/index.php?rest_route=%2Fwp%2Fv2%2Ftags&post=1545"}],"curies":[{"name":"wp","href":"https:\/\/api.w.org\/{rel}","templated":true}]}}