{"id":1556,"date":"2026-02-18T09:52:08","date_gmt":"2026-02-18T09:52:08","guid":{"rendered":"https:\/\/www.klubmn.cz\/?p=1556"},"modified":"2026-02-18T09:52:08","modified_gmt":"2026-02-18T09:52:08","slug":"fiat-chce-letos-zvysit-prodeje-o-115-procent","status":"publish","type":"post","link":"https:\/\/www.klubmn.cz\/?p=1556","title":{"rendered":"Fiat chce letos zv\u00fd\u0161it prodeje o 115 procent"},"content":{"rendered":"<p><b>B\u0159eznov\u00fd import\u00e9rsk\u00fd speci\u00e1l AUTOmakers chyst\u00e1 rozhovory s mana\u017eery zna\u010dek FIAT, JEEP a ALFA ROMEO, kte\u0159\u00ed ned\u00e1vno bilancovali rok 2025 v r\u00e1mci novin\u00e1\u0159sk\u00e9ho setk\u00e1n\u00ed ve sm\u00edchovsk\u00e9m Wine Foodu. Alf\u011b Romeo se loni podle zve\u0159ejn\u011bn\u00fdch \u010d\u00edsel loni da\u0159ilo, zna\u010dky Fiat a Jeep ale evidovaly pokles prodej\u016f. Letos se to m\u00e1 ale razantn\u011b zm\u011bnit!<\/b><span id=\"more-19726\"><\/span><!--more--><\/p>\n<p>Lo\u0148sk\u00e9 v\u00fdkony zna\u010dek osobn\u00edch voz\u016f FCA komentoval \u0159editel<strong> F Automobil Importu Jarom\u00edr He\u0159mansk\u00fd<\/strong>. Podle jeho statistik zaznamenala zna\u010dka<strong> Fiat<\/strong> meziro\u010dn\u00ed pokles o 26 procent na 477 registrac\u00ed, prodeje t\u00e1hl model 600, kter\u00fd zajistil t\u00e9m\u011b\u0159 t\u0159etinu uveden\u00fdch \u010d\u00edsel.<\/p>\n<p>Ani<strong> Jeepu<\/strong> se neda\u0159ilo, prodeje klesly o 17 procent na 355 kus\u016f, prodeje t\u00e1hl Avenger.<\/p>\n<p>Jen <strong>Alfa Romeo l<\/strong>oni prodejn\u011b vyrostla o 9 procent. Registrovala 241 aut, neprod\u00e1van\u011bj\u0161\u00ed bylo Stelvio. \u201eByl to nejlep\u0161\u00ed v\u00fdkon Alfy za posledn\u00edch 14 let,\u201c zvedl He\u0159mansk\u00fd.<\/p>\n<p>Podle jeho slov mohl za prodejn\u00ed propady Fiatu a Jeepu hlavn\u011b nedostatek nov\u00fdch model\u016f. Neda\u0159ilo se r\u016fst ani u\u017eitkov\u00fdm Fiat\u016fm!<\/p>\n<p><img loading=\"lazy\" decoding=\"async\" class=\"alignnone size-medium wp-image-19729\" src=\"http:\/\/www.automakers.cz\/wp-content\/uploads\/2026\/02\/Fiat-pokles-2025-orez-900x601.jpg\" sizes=\"auto, (max-width: 900px) 100vw, 900px\" srcset=\"https:\/\/www.automakers.cz\/wp-content\/uploads\/2026\/02\/Fiat-pokles-2025-orez-900x601.jpg 900w, https:\/\/www.automakers.cz\/wp-content\/uploads\/2026\/02\/Fiat-pokles-2025-orez-1024x684.jpg 1024w, https:\/\/www.automakers.cz\/wp-content\/uploads\/2026\/02\/Fiat-pokles-2025-orez-768x513.jpg 768w, https:\/\/www.automakers.cz\/wp-content\/uploads\/2026\/02\/Fiat-pokles-2025-orez.jpg 1399w\" alt=\"\" width=\"900\" height=\"601\" \/><strong>Na jak\u00e1 \u010d\u00edsla chce v oblasti osobn\u00edch aut c\u00edlit F Automobil Import letos?<\/strong> V showromech se m\u00e1 objevit \u0159ada novinek a tak He\u0159mansk\u00fd pl\u00e1nuje procentu\u00e1ln\u011b vysok\u00e9 n\u00e1r\u016fsty.<\/p>\n<p>Pro Fiat je v pl\u00e1nu<strong> 950 kus\u016f, co\u017e by znamenalo vysok\u00fd 115% r\u016fst<\/strong>! Pomoci by m\u011bly nov\u00e9 modely Ulysse, F2X a F2U. K tomu se maj\u00ed objevit na trhu nov\u00e9 motorizace a nov\u00e1 dealertstv\u00ed v Jihlav\u011b a Liberci.<\/p>\n<p>Prodejn\u00ed r\u016fst pl\u00e1nuje pro p\u0159\u00ed\u0161t\u00ed rok i zna\u010dka Jeep!<\/p>\n<p><strong>Erich Handl, Wine Food<\/strong><\/p>\n<p><img loading=\"lazy\" decoding=\"async\" class=\"alignnone size-medium wp-image-19731\" src=\"http:\/\/www.automakers.cz\/wp-content\/uploads\/2026\/02\/Fiat-cile-2026-orez-900x589.jpg\" sizes=\"auto, (max-width: 900px) 100vw, 900px\" srcset=\"https:\/\/www.automakers.cz\/wp-content\/uploads\/2026\/02\/Fiat-cile-2026-orez-900x589.jpg 900w, https:\/\/www.automakers.cz\/wp-content\/uploads\/2026\/02\/Fiat-cile-2026-orez-1024x670.jpg 1024w, https:\/\/www.automakers.cz\/wp-content\/uploads\/2026\/02\/Fiat-cile-2026-orez-768x503.jpg 768w, https:\/\/www.automakers.cz\/wp-content\/uploads\/2026\/02\/Fiat-cile-2026-orez.jpg 1346w\" alt=\"\" width=\"900\" height=\"589\" \/><\/p>\n<div class=\"heateor_sss_sharing_container heateor_sss_vertical_sharing heateor_sss_bottom_sharing\" data-heateor-sss-href=\"https:\/\/www.automakers.cz\/?p=19726\">\n<div class=\"heateor_sss_sharing_ul\"><\/div>\n<\/div>\n","protected":false},"excerpt":{"rendered":"<p>B\u0159eznov\u00fd import\u00e9rsk\u00fd speci\u00e1l AUTOmakers chyst\u00e1 rozhovory s mana\u017eery zna\u010dek FIAT, JEEP a ALFA ROMEO, kte\u0159\u00ed&#8230;<\/p>\n","protected":false},"author":1,"featured_media":1557,"comment_status":"open","ping_status":"open","sticky":false,"template":"","format":"standard","meta":{"footnotes":""},"categories":[25,7,2],"tags":[],"class_list":["post-1556","post","type-post","status-publish","format-standard","has-post-thumbnail","hentry","category-importeri","category-statistika","category-tiskovky"],"_links":{"self":[{"href":"https:\/\/www.klubmn.cz\/index.php?rest_route=\/wp\/v2\/posts\/1556","targetHints":{"allow":["GET"]}}],"collection":[{"href":"https:\/\/www.klubmn.cz\/index.php?rest_route=\/wp\/v2\/posts"}],"about":[{"href":"https:\/\/www.klubmn.cz\/index.php?rest_route=\/wp\/v2\/types\/post"}],"author":[{"embeddable":true,"href":"https:\/\/www.klubmn.cz\/index.php?rest_route=\/wp\/v2\/users\/1"}],"replies":[{"embeddable":true,"href":"https:\/\/www.klubmn.cz\/index.php?rest_route=%2Fwp%2Fv2%2Fcomments&post=1556"}],"version-history":[{"count":2,"href":"https:\/\/www.klubmn.cz\/index.php?rest_route=\/wp\/v2\/posts\/1556\/revisions"}],"predecessor-version":[{"id":1559,"href":"https:\/\/www.klubmn.cz\/index.php?rest_route=\/wp\/v2\/posts\/1556\/revisions\/1559"}],"wp:featuredmedia":[{"embeddable":true,"href":"https:\/\/www.klubmn.cz\/index.php?rest_route=\/wp\/v2\/media\/1557"}],"wp:attachment":[{"href":"https:\/\/www.klubmn.cz\/index.php?rest_route=%2Fwp%2Fv2%2Fmedia&parent=1556"}],"wp:term":[{"taxonomy":"category","embeddable":true,"href":"https:\/\/www.klubmn.cz\/index.php?rest_route=%2Fwp%2Fv2%2Fcategories&post=1556"},{"taxonomy":"post_tag","embeddable":true,"href":"https:\/\/www.klubmn.cz\/index.php?rest_route=%2Fwp%2Fv2%2Ftags&post=1556"}],"curies":[{"name":"wp","href":"https:\/\/api.w.org\/{rel}","templated":true}]}}