{"id":1579,"date":"2026-03-25T09:39:11","date_gmt":"2026-03-25T09:39:11","guid":{"rendered":"https:\/\/www.klubmn.cz\/?p=1579"},"modified":"2026-03-25T09:40:09","modified_gmt":"2026-03-25T09:40:09","slug":"volvo-ex60-se-ukazalo-v-manesu-a-vyrazi-na-roadshow","status":"publish","type":"post","link":"https:\/\/www.klubmn.cz\/?p=1579","title":{"rendered":"Volvo EX60 se uk\u00e1zalo v M\u00e1nesu a vyr\u00e1\u017e\u00ed na roadshow"},"content":{"rendered":"<p><strong>Gener\u00e1ln\u00ed \u0159editelka Volvo Car Czech \u0160\u00e1rka Heyna Fuchsov\u00e1 p\u0159edstavila 17. b\u0159ezna v pra\u017esk\u00e9 Galerii M\u00e1nes nov\u00e9 Volvo EX60. V\u016fz vyrazil 18. b\u0159ezna na roadshow po \u010cesku v r\u00e1mci kter\u00e9 se postupn\u011b objev\u00ed u autorizovan\u00fdch partner\u016f zna\u010dky. Prvn\u00ed z\u00e1kaznick\u00e9 vozy doraz\u00ed k dealer\u016fm b\u011bhem podzimu.<\/strong><span id=\"more-20386\"><\/span><!--more--><\/p>\n<p>Pln\u011b elektrick\u00e9 st\u0159edn\u011b velk\u00e9 SUV se podle v\u00fdrobce chlub\u00ed dojezdem a\u017e 810 kilometr\u016f, schopnost\u00ed nab\u00edt z 10 na 80 procent p\u0159ibli\u017en\u011b za 19 minut a cenou na \u00farovni plug-in hybrid\u016f.<\/p>\n<p>\u201e\u010cesk\u00e9 uveden\u00ed modelu za\u010dalo v<strong> Galerii M\u00e1nes,<\/strong> prostoru, kde se p\u0159irozen\u011b potk\u00e1vaj\u00ed architektura, sv\u011btlo a otev\u0159enost. Volba tohoto m\u00edsta nen\u00ed n\u00e1hodn\u00e1. Charakter vozu toti\u017e nestoj\u00ed jen na vysok\u00e9m v\u00fdkonu a technick\u00e9 vysp\u011blosti, ale tak\u00e9 na schopnosti vytvo\u0159it kultivovan\u00e9 prost\u0159ed\u00ed, kter\u00e9 omezuje ru\u0161iv\u00e9 podn\u011bty a podporuje plynulej\u0161\u00ed a klidn\u011bj\u0161\u00ed pohyb ka\u017edodenn\u00edm sv\u011btem,\u201c uvedla zna\u010dka.<\/p>\n<p><img loading=\"lazy\" decoding=\"async\" class=\"alignnone size-medium wp-image-20396\" src=\"http:\/\/www.automakers.cz\/wp-content\/uploads\/2026\/03\/Volvo-EX60-Manes-900x600.jpg\" alt=\"\" width=\"900\" height=\"600\" \/><strong>Po pra\u017esk\u00e9 premi\u00e9\u0159e se EX60 p\u0159edstav\u00ed tak\u00e9 b\u011bhem roadshow,<\/strong> kter\u00e1 od 18. do 27. b\u0159ezna zam\u00ed\u0159\u00ed k autorizovan\u00fdm partner\u016fm zna\u010dky v dal\u0161\u00edch regionech \u010cesk\u00e9 republiky.<\/p>\n<p><strong>Volvo EX60 je prvn\u00edm vozem zna\u010dky postaven\u00fdm na platform\u011b SPA3.<\/strong> Nab\u00edz\u00ed dojezd a\u017e 810 kilometr\u016f podle metodiky WLTP a d\u00edky 800V architektu\u0159e zvl\u00e1dne nabit\u00ed z 10 na 80 procent p\u0159ibli\u017en\u011b za 19 minut. P\u0159i rychlonab\u00edjen\u00ed v\u00fdkonem 400 kW dok\u00e1\u017ee b\u011bhem deseti minut doplnit energii pro dal\u0161\u00edch a\u017e 340 kilometr\u016f j\u00edzdy. Vrcholn\u00e1 verze P12 AWD m\u00e1 podle aktu\u00e1ln\u011b zve\u0159ejn\u011bn\u00fdch \u00fadaj\u016f nab\u00eddnout v\u00fdkon a\u017e 500 kW, tedy 680 kon\u00ed.<\/p>\n<figure id=\"attachment_20147\" class=\"wp-caption alignnone\" aria-describedby=\"caption-attachment-20147\"><img loading=\"lazy\" decoding=\"async\" class=\"size-medium wp-image-20147\" src=\"http:\/\/www.automakers.cz\/wp-content\/uploads\/2026\/03\/Volvo-SUV-EX60-2-900x506.jpg\" alt=\"\" width=\"900\" height=\"506\" \/><figcaption id=\"caption-attachment-20147\" class=\"wp-caption-text\">Foto: Volvo<\/figcaption><\/figure>\n<p>Na \u010desk\u00e9m trhu je ji\u017e mo\u017en\u00e9 objedn\u00e1vat verzi jej\u00ed\u017e cena za\u010d\u00edn\u00e1 na<strong> 1 562 000 K\u010d v\u010detn\u011b DPH<\/strong>. Prvn\u00ed p\u0159ev\u00e1d\u011bc\u00ed automobily Volvo EX60 doraz\u00ed do \u010ceska b\u011bhem l\u00e9ta, prvn\u00ed z\u00e1kaznick\u00e9 vozy pak v pr\u016fb\u011bhu podzimu. P\u0159edobjednat se d\u00e1 ji\u017e i obl\u00edben\u00e1 verze modelu Volvo EX60 Cross Country, kter\u00e1 se za\u010dne vyr\u00e1b\u011bt v prvn\u00ed polovin\u011b p\u0159\u00ed\u0161t\u00edho roku.<\/p>\n<p>Siln\u00fd z\u00e1jem o model EX60 vedl Volvo kr\u00e1tce po jeho p\u0159edstaven\u00ed tak\u00e9 k \u00faprav\u00e1m v\u00fdrobn\u00edch pl\u00e1n\u016f v domovsk\u00e9m z\u00e1vod\u011b <strong>Torslanda<\/strong> ve \u0160v\u00e9dsku.<\/p>\n<p><img loading=\"lazy\" decoding=\"async\" class=\"alignnone size-medium wp-image-20148\" src=\"http:\/\/www.automakers.cz\/wp-content\/uploads\/2026\/03\/Volvo-SUV-EX60-5-900x506.jpg\" alt=\"\" width=\"900\" height=\"506\" \/>\u201eModel XC60 byl po l\u00e9ta jedn\u00edm z nejprod\u00e1van\u011bj\u0161\u00edch voz\u016f zna\u010dky Volvo. EX60 na n\u011bj navazuje \u2013 ale z\u00e1rove\u0148 p\u0159edstavuje novou generaci automobil\u016f. Od sam\u00e9ho za\u010d\u00e1tku je navr\u017een jako pln\u011b elektrick\u00fd v\u016fz. To znamen\u00e1 jinou architekturu, jinou technologii a jin\u00fd zp\u016fsob p\u0159em\u00fd\u0161len\u00ed o tom, jak m\u00e1 modern\u00ed automobil fungovat,\u201c \u0159\u00edk\u00e1<strong> \u0160\u00e1rka Heyna Fuchsov\u00e1<\/strong>, \u0161\u00e9fka Volvo Car Czech Republic.<\/p>\n<p><img loading=\"lazy\" decoding=\"async\" class=\"alignnone size-medium wp-image-20150\" src=\"http:\/\/www.automakers.cz\/wp-content\/uploads\/2026\/03\/Volvo-SUV-EX60-3-900x506.jpg\" alt=\"\" width=\"900\" height=\"506\" \/><strong>Srdcem vozu je centr\u00e1ln\u00ed v\u00fdpo\u010detn\u00ed syst\u00e9m HuginCore<\/strong>, kter\u00fd zvl\u00e1dne a\u017e 250 bilion\u016f operac\u00ed za sekundu a vyhodnocuje data ze v\u0161ech senzor\u016f v re\u00e1ln\u00e9m \u010dase. Novinka rovn\u011b\u017e vyu\u017e\u00edv\u00e1 technologii cell-to-body, megacasting a vzd\u00e1len\u00e9 aktualizace over-the-air. Sou\u010d\u00e1st\u00ed nov\u00e9 generace technologi\u00ed je i integrovan\u00fd asistent Google Gemini s um\u011blou inteligenc\u00ed, kter\u00fd p\u0159in\u00e1\u0161\u00ed p\u0159irozen\u011bj\u0161\u00ed hlasov\u00e9 ovl\u00e1d\u00e1n\u00ed a jednodu\u0161\u0161\u00ed pr\u00e1ci s funkcemi vozu.<\/p>\n<p><img loading=\"lazy\" decoding=\"async\" class=\"alignnone size-medium wp-image-20149\" src=\"http:\/\/www.automakers.cz\/wp-content\/uploads\/2026\/03\/Volvo-SUV-EX60-1-900x506.jpg\" alt=\"\" width=\"900\" height=\"506\" \/><strong>Z\u00e1sadn\u00ed roli u modelu EX60 tradi\u010dn\u011b hraje bezpe\u010dnost,<\/strong> kterou Volvo rozv\u00edj\u00ed u\u017e t\u00e9m\u011b\u0159 sto let. Pr\u00e1v\u011b ona je z\u00e1kladem pocitu klidu a d\u016fv\u011bry, kter\u00fd v\u016fz nab\u00edz\u00ed. Pokro\u010dil\u00e9 asisten\u010dn\u00ed syst\u00e9my pr\u016fb\u011b\u017en\u011b sleduj\u00ed okol\u00ed vozu a pom\u00e1haj\u00ed sni\u017eovat kognitivn\u00ed z\u00e1t\u011b\u017e \u0159idi\u010de. Novinkou jsou multiadaptivn\u00ed bezpe\u010dnostn\u00ed p\u00e1sy, kter\u00e9 dok\u00e1\u017eou v re\u00e1ln\u00e9m \u010dase p\u0159izp\u016fsobit\u00a0\u00a0\u00farove\u0148 ochrany konkr\u00e9tn\u00ed situaci i fyzick\u00fdm parametr\u016fm cestuj\u00edc\u00edho. Magaz\u00edn TIME za\u0159adil multiadaptivn\u00ed bezpe\u010dnostn\u00ed p\u00e1s, kter\u00fd ve Volvu EX60 slav\u00ed svoji premi\u00e9ru, mezi nejlep\u0161\u00ed vyn\u00e1lezy roku 2025.<\/p>\n<p><strong>Erich Handl, M\u00e1nes, s vyu\u017eit\u00edm TZ Volvo Cars<\/strong><\/p>\n<p><img loading=\"lazy\" decoding=\"async\" class=\"alignnone size-medium wp-image-20377\" src=\"http:\/\/www.automakers.cz\/wp-content\/uploads\/2026\/03\/Volvo-EX60-Manes-2026-900x506.jpg\" sizes=\"auto, (max-width: 900px) 100vw, 900px\" srcset=\"https:\/\/www.automakers.cz\/wp-content\/uploads\/2026\/03\/Volvo-EX60-Manes-2026-900x506.jpg 900w, https:\/\/www.automakers.cz\/wp-content\/uploads\/2026\/03\/Volvo-EX60-Manes-2026-1024x576.jpg 1024w, https:\/\/www.automakers.cz\/wp-content\/uploads\/2026\/03\/Volvo-EX60-Manes-2026-768x432.jpg 768w, https:\/\/www.automakers.cz\/wp-content\/uploads\/2026\/03\/Volvo-EX60-Manes-2026-1536x864.jpg 1536w, https:\/\/www.automakers.cz\/wp-content\/uploads\/2026\/03\/Volvo-EX60-Manes-2026-1280x720.jpg 1280w, https:\/\/www.automakers.cz\/wp-content\/uploads\/2026\/03\/Volvo-EX60-Manes-2026.jpg 2048w\" alt=\"\" width=\"900\" height=\"506\" \/><\/p>\n<div class=\"heateor_sss_sharing_container heateor_sss_vertical_sharing heateor_sss_bottom_sharing\" data-heateor-sss-href=\"https:\/\/www.automakers.cz\/?p=20386\"><\/div>\n","protected":false},"excerpt":{"rendered":"<p>Gener\u00e1ln\u00ed \u0159editelka Volvo Car Czech \u0160\u00e1rka Heyna Fuchsov\u00e1 p\u0159edstavila 17. b\u0159ezna v pra\u017esk\u00e9 Galerii M\u00e1nes&#8230;<\/p>\n","protected":false},"author":1,"featured_media":1580,"comment_status":"open","ping_status":"open","sticky":false,"template":"","format":"standard","meta":{"footnotes":""},"categories":[14,29,2],"tags":[],"class_list":["post-1579","post","type-post","status-publish","format-standard","has-post-thumbnail","hentry","category-eventy","category-premiery","category-tiskovky"],"_links":{"self":[{"href":"https:\/\/www.klubmn.cz\/index.php?rest_route=\/wp\/v2\/posts\/1579","targetHints":{"allow":["GET"]}}],"collection":[{"href":"https:\/\/www.klubmn.cz\/index.php?rest_route=\/wp\/v2\/posts"}],"about":[{"href":"https:\/\/www.klubmn.cz\/index.php?rest_route=\/wp\/v2\/types\/post"}],"author":[{"embeddable":true,"href":"https:\/\/www.klubmn.cz\/index.php?rest_route=\/wp\/v2\/users\/1"}],"replies":[{"embeddable":true,"href":"https:\/\/www.klubmn.cz\/index.php?rest_route=%2Fwp%2Fv2%2Fcomments&post=1579"}],"version-history":[{"count":3,"href":"https:\/\/www.klubmn.cz\/index.php?rest_route=\/wp\/v2\/posts\/1579\/revisions"}],"predecessor-version":[{"id":1583,"href":"https:\/\/www.klubmn.cz\/index.php?rest_route=\/wp\/v2\/posts\/1579\/revisions\/1583"}],"wp:featuredmedia":[{"embeddable":true,"href":"https:\/\/www.klubmn.cz\/index.php?rest_route=\/wp\/v2\/media\/1580"}],"wp:attachment":[{"href":"https:\/\/www.klubmn.cz\/index.php?rest_route=%2Fwp%2Fv2%2Fmedia&parent=1579"}],"wp:term":[{"taxonomy":"category","embeddable":true,"href":"https:\/\/www.klubmn.cz\/index.php?rest_route=%2Fwp%2Fv2%2Fcategories&post=1579"},{"taxonomy":"post_tag","embeddable":true,"href":"https:\/\/www.klubmn.cz\/index.php?rest_route=%2Fwp%2Fv2%2Ftags&post=1579"}],"curies":[{"name":"wp","href":"https:\/\/api.w.org\/{rel}","templated":true}]}}