{"id":1584,"date":"2026-03-25T10:09:49","date_gmt":"2026-03-25T10:09:49","guid":{"rendered":"https:\/\/www.klubmn.cz\/?p=1584"},"modified":"2026-03-25T10:09:49","modified_gmt":"2026-03-25T10:09:49","slug":"anketa-pr-manazer-sda-nekonvencni-srdcarka-jitka-skalickova","status":"publish","type":"post","link":"https:\/\/www.klubmn.cz\/?p=1584","title":{"rendered":"Anketa PR mana\u017eer SDA: nekonven\u010dn\u00ed srdca\u0159ka Jitka Skali\u010dkov\u00e1"},"content":{"rendered":"<p><strong>Anketa PR roku 2025 SDA zn\u00e1 sv\u00e9 v\u00edt\u011bze v hlavn\u00ed kategorii, v\u00fdsledky sout\u011b\u017ee byly vyhl\u00e1\u0161eny v r\u00e1mci Auta roku v \u010cR. Za v\u00edt\u011bzn\u00fdm Filipem Stoulilem se jako st\u0159\u00edbrn\u00e1 um\u00edstila s celkem 12 novin\u00e1\u0159k\u00fdmi hlasy mluv\u010d\u00ed Renaultu a Dacie Jitka Skali\u010dkov\u00e1. \u010c\u00edm bodovala u poroty?<\/strong><span id=\"more-19525\"><\/span><span id=\"more-19823\"><\/span><span id=\"more-19872\"><\/span><!--more--><\/p>\n<p><strong>Sout\u011b\u017e letos op\u011bt organizuje klub ve spolupr\u00e1ci s AUTOmakers. <\/strong>Novin\u00e1\u0159i mohli d\u00e1vat sv\u00e9 hlasy v\u0161em ofici\u00e1ln\u00edm mluv\u010d\u00edm spole\u010dnost\u00ed sdru\u017een\u00fdch v SDA, kte\u0159\u00ed poskytovali PR servis v pr\u016fb\u011bhu roku 2025.<\/p>\n<p><strong>Do hlavn\u00ed kategorie \u201eMluv\u010d\u00ed roku\u201c bylo nominov\u00e1no 21 mana\u017eer\u016f, hlasovalo pro n\u011b celkem <\/strong><strong>35<\/strong> report\u00e9r\u016f.<\/p>\n<p><strong>Jak\u00e9 vlastnosti PR mana\u017eer\u016f letos motivovaly novin\u00e1\u0159e k ud\u011blen\u00ed hlasu?<\/strong><\/p>\n<p>Obecn\u011b lze \u0159\u00edci, \u017ee v\u00edt\u011bzov\u00e9 v tomto ro\u010dn\u00edku bodovali rychlou reakc\u00ed na dotazy, dok\u00e1zali redakc\u00edm zdv\u00edhat mobily i reagovat na zme\u0161kan\u00e9 hovory. Report\u00e9\u0159i ocenili zaj\u00edmav\u00e9 akce i p\u0159\u00edstup k testovac\u00edm voz\u016fm. Hodn\u011b se letos objevuje v hodnocen\u00ed slovo \u201eochota\u201c.<\/p>\n<hr \/>\n<p><strong>2. M\u00cdSTO \u2013 Jitka Skali\u010dkov\u00e1 (DACIA, RENAULT), 12 hlas\u016f<\/strong><\/p>\n<p><strong>Pro mluv\u010d\u00ed Renaultu \u010cR Jitku Skali\u010dkovou hovo\u0159ily<\/strong> zaj\u00edmav\u00e9 prezentace, zna\u010dka Dacia jako jedna z m\u00e1la je\u0161t\u011b po\u0159\u00e1d\u00e1 dvoudenn\u00ed akce s propracovan\u00fdm doprovodn\u00fdm programem. Loni to byly mimo jin\u00e9 dvoudenn\u00ed <strong>novin\u00e1\u0159sk\u00e9 j\u00edzdy s Bigsterem na \u0160umav\u011b (na sn\u00edmku)<\/strong>.<\/p>\n<p><img loading=\"lazy\" decoding=\"async\" class=\"alignnone size-medium wp-image-12296\" src=\"http:\/\/www.automakers.cz\/wp-content\/uploads\/2025\/04\/Dacia-Bigster-Ani-penzion-prapor-900x506.jpg\" sizes=\"auto, (max-width: 900px) 100vw, 900px\" srcset=\"https:\/\/www.automakers.cz\/wp-content\/uploads\/2025\/04\/Dacia-Bigster-Ani-penzion-prapor-900x506.jpg 900w, https:\/\/www.automakers.cz\/wp-content\/uploads\/2025\/04\/Dacia-Bigster-Ani-penzion-prapor-1024x576.jpg 1024w, https:\/\/www.automakers.cz\/wp-content\/uploads\/2025\/04\/Dacia-Bigster-Ani-penzion-prapor-768x432.jpg 768w, https:\/\/www.automakers.cz\/wp-content\/uploads\/2025\/04\/Dacia-Bigster-Ani-penzion-prapor-1536x864.jpg 1536w, https:\/\/www.automakers.cz\/wp-content\/uploads\/2025\/04\/Dacia-Bigster-Ani-penzion-prapor-1280x720.jpg 1280w, https:\/\/www.automakers.cz\/wp-content\/uploads\/2025\/04\/Dacia-Bigster-Ani-penzion-prapor.jpg 2040w\" alt=\"\" width=\"900\" height=\"506\" \/>Porotci d\u00e1le ocenili lidsk\u00e9 a korektn\u00ed\u00a0 jedn\u00e1n\u00ed, v kategorii \u201eTestovac\u00ed vozy\u201c bodovala velk\u00e1 novin\u00e1\u0159sk\u00e1 flotila Dacie a Renaultu organizovan\u00e1<strong> Tom\u00e1\u0161em Deverou.<\/strong><\/p>\n<p><strong>V ohl\u00e9dnut\u00ed za anketou postupn\u011b p\u0159in\u00e1\u0161\u00edme koment\u00e1\u0159e z hlasovac\u00edch l\u00edstk\u016f porotc\u016f:<\/strong><\/p>\n<p><strong>Co novin\u00e1\u0159i psali o st\u0159\u00edbrn\u00e9 medailistce Jitce Skali\u010dkov\u00e9 (DACIA, RENAULT)? <\/strong><\/p>\n<ul>\n<li>Srdca\u0159ka, nekonven\u010dn\u00ed, ale m\u00e1m ji r\u00e1d.<\/li>\n<li>Mil\u00e1, ochotn\u00e1,usm\u011bvav\u00e1, profesion\u00e1ln\u00ed,up\u0159\u00edmn\u00e1<\/li>\n<li>V\u017edy vst\u0159\u00edcn\u00e1 pomoci, p\u011bkn\u00e1 akce s prezentac\u00ed Bigster<\/li>\n<li>Po\u0159\u00e1d\u00e1 p\u011bkn\u00e9 akce<\/li>\n<li>Solidn\u00ed slu\u017eby<\/li>\n<li>Korektn\u00ed jedn\u00e1n\u00ed, v\u011bcn\u00e9 odpov\u011bdi na dotazy a docela promtn\u00ed reakce<\/li>\n<li>Vst\u0159\u00edcn\u00e1, profesion\u00e1ln\u00ed \u2013 i kdy\u017e h\u016f\u0159e dostupn\u00e1<\/li>\n<\/ul>\n<p><strong>Motonovin\u00e1\u0159i v anket\u011b vzpomn\u011bli na lo\u0148sk\u00e9 testy Bigsteru na \u0160umav\u011b i p\u0159edlo\u0148sk\u00fd Duster v Jizersk\u00fdch hor\u00e1ch (na sn\u00edmku)<\/strong><\/p>\n<p><img loading=\"lazy\" decoding=\"async\" class=\"alignnone size-medium wp-image-4694\" src=\"http:\/\/www.automakers.cz\/wp-content\/uploads\/2024\/06\/Dacia-Duster-Jizerky-Skalickova-Devera-900x675.jpg\" alt=\"\" width=\"900\" height=\"675\" \/><\/p>\n<hr \/>\n<ol>\n<li><strong>M\u00cdSTO \u2013 16 hlas\u016f \u2013 Filip Stoulil (CUPRA, SEAT)<\/strong><\/li>\n<\/ol>\n<p><strong>Co novin\u00e1\u0159i psali o v\u00edt\u011bzn\u00e9m Filipu Stoulilovi (CUPRA, SEAT)?<\/strong><\/p>\n<ul>\n<li>\u00a0Ochotn\u00fd, profesion\u00e1ln\u00ed p\u0159\u00edstup, poveden\u00e9 akce<\/li>\n<li>Svi\u017en\u00e1 reakce na dotazy a odborn\u00e1 kompetentnost<\/li>\n<li>Vych\u00e1z\u00ed vst\u0159\u00edc, p\u011bkn\u00e1 prezenta\u010dn\u00ed akce na Vltav\u011b<\/li>\n<li>Nejlep\u0161\u00ed novin\u00e1\u0159sk\u00e1 akce roku \u2013 Terramar na Vltav\u011b, jinak v\u017edy profesion\u00e1ln\u00ed servis!<\/li>\n<li>V\u00fdborn\u00e1 komunikace a kvalitn\u00ed informa\u010dn\u00ed servis<\/li>\n<li>Ochotn\u00fd, snadno dostupn\u00fd, reaguje na zme\u0161kan\u00e9 hovory.V\u017edy vst\u0159\u00edcn\u00fd, lidsk\u00fd, spolehliv\u00fd<\/li>\n<li>P\u0159\u00edjemn\u00e9 jedn\u00e1n\u00ed, rychl\u00e1 reakce na po\u017eadavky, detailn\u00ed poskytov\u00e1n\u00ed informac\u00ed<\/li>\n<li>M\u00e1m ho r\u00e1d pro jeho proaktivn\u00ed p\u0159\u00edstup, kamar\u00e1dskou povahu a na nic si nehraje<\/li>\n<li>Bezprobl\u00e9mov\u00e9 pl\u00e1nov\u00e1n\u00ed testovac\u00edch aut.<\/li>\n<li>Dobr\u00e1 komunikace<\/li>\n<li>Ochotn\u00fd, profesion\u00e1ln\u00ed p\u0159\u00edstup, \u00a0zaj\u00edmav\u00e9 akce<\/li>\n<li>Profesion\u00e1ln\u00ed p\u0159\u00edstup. Ochotn\u00fd, p\u0159\u00edmo\u010dar\u00fd<img loading=\"lazy\" decoding=\"async\" class=\"alignnone size-medium wp-image-12815\" src=\"http:\/\/www.automakers.cz\/wp-content\/uploads\/2025\/04\/cupra-4-Day-Stoulil-900x600.jpg\" alt=\"\" width=\"900\" height=\"600\" \/><\/li>\n<\/ul>\n<hr \/>\n<p><strong>\u010clenov\u00e9 leto\u0161n\u00ed poroty<\/strong> (dle p\u0159\u00edjmen\u00ed uveden\u00e9ho na hlasovac\u00edm l\u00edstku):<\/p>\n<p>Bedn\u00e1\u0159<\/p>\n<p>B\u011bhal Bart<\/p>\n<p>B\u011bhal Ond\u0159ej<\/p>\n<p>B\u011bhal Robin<\/p>\n<p>Ber\u00e1nek<\/p>\n<p>Busta<\/p>\n<p>Ducho\u0148<\/p>\n<p>Felix<\/p>\n<p>Fiala<\/p>\n<p>H\u00e1jek Ji\u0159\u00ed<\/p>\n<p>H\u00e1jek Petr<\/p>\n<p>Handl<\/p>\n<p>Hrn\u010d\u00ed\u0159<\/p>\n<p>Jirou\u0161<\/p>\n<p>Kortus<\/p>\n<p>Kostoln\u00edk<\/p>\n<p>Krenar<\/p>\n<p>Kv\u00e1\u0161ov\u00e1<\/p>\n<p>Majurn\u00edk<\/p>\n<p>Markovi\u010d<\/p>\n<p>Proch\u00e1zkov\u00e1<\/p>\n<p>Rejlek<\/p>\n<p>Rube\u0161ov\u00e1<\/p>\n<p>Rychtera<\/p>\n<p>Rybeck\u00fd<\/p>\n<p>\u0160idl\u00e1k<\/p>\n<p>\u0160princl<\/p>\n<p>\u0160tajf<\/p>\n<p>\u0160t\u011brba Martin<\/p>\n<p>\u0160t\u011brba Roman<\/p>\n<p>\u0160vandrl\u00edk<\/p>\n<p>Tom\u00ed\u0161ek<\/p>\n<p>Vahala<\/p>\n<p>Vysko\u010dil<\/p>\n<p>Z\u00edta<\/p>\n","protected":false},"excerpt":{"rendered":"<p>Anketa PR roku 2025 SDA zn\u00e1 sv\u00e9 v\u00edt\u011bze v hlavn\u00ed kategorii, v\u00fdsledky sout\u011b\u017ee byly vyhl\u00e1\u0161eny&#8230;<\/p>\n","protected":false},"author":1,"featured_media":1511,"comment_status":"open","ping_status":"open","sticky":false,"template":"","format":"standard","meta":{"footnotes":""},"categories":[12,19],"tags":[],"class_list":["post-1584","post","type-post","status-publish","format-standard","has-post-thumbnail","hentry","category-ankety","category-pr"],"_links":{"self":[{"href":"https:\/\/www.klubmn.cz\/index.php?rest_route=\/wp\/v2\/posts\/1584","targetHints":{"allow":["GET"]}}],"collection":[{"href":"https:\/\/www.klubmn.cz\/index.php?rest_route=\/wp\/v2\/posts"}],"about":[{"href":"https:\/\/www.klubmn.cz\/index.php?rest_route=\/wp\/v2\/types\/post"}],"author":[{"embeddable":true,"href":"https:\/\/www.klubmn.cz\/index.php?rest_route=\/wp\/v2\/users\/1"}],"replies":[{"embeddable":true,"href":"https:\/\/www.klubmn.cz\/index.php?rest_route=%2Fwp%2Fv2%2Fcomments&post=1584"}],"version-history":[{"count":2,"href":"https:\/\/www.klubmn.cz\/index.php?rest_route=\/wp\/v2\/posts\/1584\/revisions"}],"predecessor-version":[{"id":1586,"href":"https:\/\/www.klubmn.cz\/index.php?rest_route=\/wp\/v2\/posts\/1584\/revisions\/1586"}],"wp:featuredmedia":[{"embeddable":true,"href":"https:\/\/www.klubmn.cz\/index.php?rest_route=\/wp\/v2\/media\/1511"}],"wp:attachment":[{"href":"https:\/\/www.klubmn.cz\/index.php?rest_route=%2Fwp%2Fv2%2Fmedia&parent=1584"}],"wp:term":[{"taxonomy":"category","embeddable":true,"href":"https:\/\/www.klubmn.cz\/index.php?rest_route=%2Fwp%2Fv2%2Fcategories&post=1584"},{"taxonomy":"post_tag","embeddable":true,"href":"https:\/\/www.klubmn.cz\/index.php?rest_route=%2Fwp%2Fv2%2Ftags&post=1584"}],"curies":[{"name":"wp","href":"https:\/\/api.w.org\/{rel}","templated":true}]}}