{"id":1593,"date":"2026-03-27T10:21:26","date_gmt":"2026-03-27T10:21:26","guid":{"rendered":"https:\/\/www.klubmn.cz\/?p=1593"},"modified":"2026-03-27T10:21:26","modified_gmt":"2026-03-27T10:21:26","slug":"martin-jezek-tiskovym-mluvcim-skody-cr","status":"publish","type":"post","link":"https:\/\/www.klubmn.cz\/?p=1593","title":{"rendered":"Martin Je\u017eek tiskov\u00fdm mluv\u010d\u00edm \u0160kody \u010cR"},"content":{"rendered":"<div id=\"model-response-message-contentr_fe8681e3d307911b\" class=\"markdown markdown-main-panel stronger enable-updated-hr-color\" dir=\"ltr\" aria-live=\"polite\">\n<p data-path-to-node=\"1\"><b data-path-to-node=\"1\" data-index-in-node=\"0\">Komunika\u010dn\u00ed t\u00fdm \u0160kody \u010cR \u010dek\u00e1 od dubna person\u00e1ln\u00ed zm\u011bna. Pozici tiskov\u00e9ho mluv\u010d\u00edho pro \u010desk\u00fd trh p\u0159eb\u00edr\u00e1 zku\u0161en\u00fd profesion\u00e1l Martin Je\u017eek. Na sv\u00e9m dosavadn\u00edm postu st\u0159\u00edd\u00e1 Michaelu Sklen\u00e1\u0159ovou, kter\u00e1 se v r\u00e1mci struktur \u0160koda Auto posouv\u00e1 do glob\u00e1ln\u00ed produktov\u00e9 komunikace.<\/b><\/p>\n<figure id=\"attachment_20561\" class=\"wp-caption alignnone\" aria-describedby=\"caption-attachment-20561\"><img loading=\"lazy\" decoding=\"async\" class=\"size-medium wp-image-20561\" src=\"http:\/\/www.automakers.cz\/wp-content\/uploads\/2026\/03\/Michaela-Sklenarova-900x600.jpg\" sizes=\"auto, (max-width: 900px) 100vw, 900px\" srcset=\"https:\/\/www.automakers.cz\/wp-content\/uploads\/2026\/03\/Michaela-Sklenarova-900x600.jpg 900w, https:\/\/www.automakers.cz\/wp-content\/uploads\/2026\/03\/Michaela-Sklenarova-1024x683.jpg 1024w, https:\/\/www.automakers.cz\/wp-content\/uploads\/2026\/03\/Michaela-Sklenarova-768x512.jpg 768w, https:\/\/www.automakers.cz\/wp-content\/uploads\/2026\/03\/Michaela-Sklenarova-1536x1024.jpg 1536w, https:\/\/www.automakers.cz\/wp-content\/uploads\/2026\/03\/Michaela-Sklenarova-2048x1365.jpg 2048w\" alt=\"Michaela Sklen\u00e1\u0159ov\u00e1 se st\u00e1v\u00e1 tiskovoumluv\u010d\u00ed glob\u00e1ln\u00ed produktov\u00e9 komunikace V odd\u011blen\u00ed glob\u00e1ln\u00ed produktov\u00e9 komunikace bude m\u00edt na starosti model Karoq, softwarov\u00e1 \u0159e\u0161en\u00ed, asisten\u010dn\u00ed syst\u00e9my, digitalizaci a dal\u0161\u00ed technologie, v\u010detn\u011b komunity \u0160koda EV Lounge. \" width=\"900\" height=\"600\" \/><figcaption id=\"caption-attachment-20561\" class=\"wp-caption-text\">Michaela Sklen\u00e1\u0159ov\u00e1<\/figcaption><\/figure>\n<h3 data-path-to-node=\"2\">Zm\u011bna v \u010dele komunikace pro \u010desk\u00fd trh<\/h3>\n<p data-path-to-node=\"3\">Od 1. dubna 2026 se Martin Je\u017eek st\u00e1v\u00e1 nov\u00fdm mluv\u010d\u00edm spole\u010dnosti \u0160koda Auto pro \u010ceskou republiku. Ve sv\u00e9 nov\u00e9 roli bude m\u00edt na starosti kompletn\u00ed extern\u00ed komunikaci zna\u010dky na dom\u00e1c\u00edm trhu. Je\u017eek nen\u00ed ve firm\u011b \u017e\u00e1dn\u00fdm nov\u00e1\u010dkem \u2013 do automobilky nastoupil v roce 2018 a doposud p\u016fsobil jako tiskov\u00fd mluv\u010d\u00ed pro t\u00e9mata softwaru a digitalizace. P\u0159ed p\u0159\u00edchodem do \u0160kody Auto sb\u00edral zku\u0161enosti jako novin\u00e1\u0159 a PR specialista, za co\u017e z\u00edskal i n\u011bkolik oborov\u00fdch ocen\u011bn\u00ed.<\/p>\n<h3 data-path-to-node=\"4\">Michaela Sklen\u00e1\u0159ov\u00e1 m\u00ed\u0159\u00ed ke glob\u00e1ln\u00edm t\u00e9mat\u016fm<\/h3>\n<p data-path-to-node=\"5\">Dosavadn\u00ed mluv\u010d\u00ed \u010desk\u00e9ho trhu, Michaela Sklen\u00e1\u0159ov\u00e1, se po t\u0159ech letech v t\u00e9to roli p\u0159esouv\u00e1 do odd\u011blen\u00ed glob\u00e1ln\u00ed produktov\u00e9 komunikace v s\u00eddle spole\u010dnosti. Nov\u011b bude zodpov\u00eddat za komunikaci modelu Karoq, softwarov\u00fdch \u0159e\u0161en\u00ed, asisten\u010dn\u00edch syst\u00e9m\u016f a digitalizace. Pod jej\u00ed k\u0159\u00eddla bude spadat tak\u00e9 ofici\u00e1ln\u00ed komunita pro u\u017eivatele elektromobil\u016f \u0160koda EV Lounge. Sklen\u00e1\u0159ov\u00e1 p\u016fsob\u00ed v automobilce od roku 2017 a d\u0159\u00edve se v\u011bnovala model\u016fm Fabia, Kamiq a Scala.<\/p>\n<h3 data-path-to-node=\"6\">Uzn\u00e1n\u00ed za dosavadn\u00ed \u00fasp\u011bchy<\/h3>\n<p data-path-to-node=\"7\">Ji\u0159\u00ed Mal\u00e1\u010dek, vedouc\u00ed \u0160koda Auto pro \u010desk\u00fd trh, k person\u00e1ln\u00ed v\u00fdm\u011bn\u011b uvedl:<\/p>\n<blockquote data-path-to-node=\"8\">\n<p data-path-to-node=\"8,0\">\u201eM\u00e1m velkou radost, \u017ee n\u00e1\u0161 t\u00fdm posiluje Martin Je\u017eek, kter\u00fd m\u00e1 dlouholet\u00e9 zku\u0161enosti z oblasti komunikace a vztah\u016f s ve\u0159ejnost\u00ed. Nav\u00e1\u017ee tak na kvalitn\u011b odvedenou pr\u00e1ci Michaely Sklen\u00e1\u0159ov\u00e9, kter\u00e1 v\u00fdznamn\u011b p\u0159isp\u011bla k rozvoji komunikace zna\u010dky nap\u0159\u00ed\u010d produktov\u00fdmi t\u00e9maty, slu\u017ebami i oblast\u00ed digitalizace a pod\u00edlela se na dosa\u017een\u00ed kl\u00ed\u010dov\u00fdch miln\u00edk\u016f, v\u010detn\u011b v\u00edt\u011bzstv\u00ed modelu Elroq v anket\u011b Auto roku 2026 v \u010cesk\u00e9 republice. Na nov\u00e9m p\u016fsobi\u0161ti v s\u00eddle automobilky j\u00ed p\u0159eji mnoho \u00fasp\u011bch\u016f.\u201c<\/p>\n<\/blockquote>\n<\/div>\n<p>&nbsp;<\/p>\n<figure id=\"attachment_20565\" class=\"wp-caption alignleft\" aria-describedby=\"caption-attachment-20565\"><img loading=\"lazy\" decoding=\"async\" class=\"wp-image-20565 size-large\" src=\"http:\/\/www.automakers.cz\/wp-content\/uploads\/2026\/03\/Auto-roku-2024-1024x682.jpg\" sizes=\"auto, (max-width: 640px) 100vw, 640px\" srcset=\"https:\/\/www.automakers.cz\/wp-content\/uploads\/2026\/03\/Auto-roku-2024-1024x682.jpg 1024w, https:\/\/www.automakers.cz\/wp-content\/uploads\/2026\/03\/Auto-roku-2024-900x600.jpg 900w, https:\/\/www.automakers.cz\/wp-content\/uploads\/2026\/03\/Auto-roku-2024-768x512.jpg 768w, https:\/\/www.automakers.cz\/wp-content\/uploads\/2026\/03\/Auto-roku-2024-1536x1023.jpg 1536w, https:\/\/www.automakers.cz\/wp-content\/uploads\/2026\/03\/Auto-roku-2024.jpg 1651w\" alt=\"Michaela Sklen\u00e1\u0159ov\u00e1 s v\u00edtezn\u00fdm vozem Auto roku 2026 \u0160koda Elroq\" width=\"640\" height=\"426\" \/><figcaption id=\"caption-attachment-20565\" class=\"wp-caption-text\">Michaela Sklen\u00e1\u0159ov\u00e1 s trofej\u00ed pro Auto roku 2026 v \u010cR \u0160kodu Elroq, Ji\u0159\u00ed Mal\u00e1\u010dek (vlevo) dr\u017e\u00ed putovn\u00ed poh\u00e1r Svazu dovozc\u016f automobil\u016f Auto roku v \u010cR a Tom\u00e1\u0161 Jungwirth p\u0159edstavuje ocen\u011bn\u00e9 dodavatele pro Auto roku 2026 v \u010cR za Sdru\u017een\u00ed automobilov\u00e9ho pr\u016fmyslu.<\/figcaption><\/figure>\n","protected":false},"excerpt":{"rendered":"<p>Komunika\u010dn\u00ed t\u00fdm \u0160kody \u010cR \u010dek\u00e1 od dubna person\u00e1ln\u00ed zm\u011bna. Pozici tiskov\u00e9ho mluv\u010d\u00edho pro \u010desk\u00fd trh&#8230;<\/p>\n","protected":false},"author":1,"featured_media":1594,"comment_status":"open","ping_status":"open","sticky":false,"template":"","format":"standard","meta":{"footnotes":""},"categories":[11,19],"tags":[],"class_list":["post-1593","post","type-post","status-publish","format-standard","has-post-thumbnail","hentry","category-personalie","category-pr"],"_links":{"self":[{"href":"https:\/\/www.klubmn.cz\/index.php?rest_route=\/wp\/v2\/posts\/1593","targetHints":{"allow":["GET"]}}],"collection":[{"href":"https:\/\/www.klubmn.cz\/index.php?rest_route=\/wp\/v2\/posts"}],"about":[{"href":"https:\/\/www.klubmn.cz\/index.php?rest_route=\/wp\/v2\/types\/post"}],"author":[{"embeddable":true,"href":"https:\/\/www.klubmn.cz\/index.php?rest_route=\/wp\/v2\/users\/1"}],"replies":[{"embeddable":true,"href":"https:\/\/www.klubmn.cz\/index.php?rest_route=%2Fwp%2Fv2%2Fcomments&post=1593"}],"version-history":[{"count":2,"href":"https:\/\/www.klubmn.cz\/index.php?rest_route=\/wp\/v2\/posts\/1593\/revisions"}],"predecessor-version":[{"id":1596,"href":"https:\/\/www.klubmn.cz\/index.php?rest_route=\/wp\/v2\/posts\/1593\/revisions\/1596"}],"wp:featuredmedia":[{"embeddable":true,"href":"https:\/\/www.klubmn.cz\/index.php?rest_route=\/wp\/v2\/media\/1594"}],"wp:attachment":[{"href":"https:\/\/www.klubmn.cz\/index.php?rest_route=%2Fwp%2Fv2%2Fmedia&parent=1593"}],"wp:term":[{"taxonomy":"category","embeddable":true,"href":"https:\/\/www.klubmn.cz\/index.php?rest_route=%2Fwp%2Fv2%2Fcategories&post=1593"},{"taxonomy":"post_tag","embeddable":true,"href":"https:\/\/www.klubmn.cz\/index.php?rest_route=%2Fwp%2Fv2%2Ftags&post=1593"}],"curies":[{"name":"wp","href":"https:\/\/api.w.org\/{rel}","templated":true}]}}