{"id":1597,"date":"2026-03-30T09:49:45","date_gmt":"2026-03-30T09:49:45","guid":{"rendered":"https:\/\/www.klubmn.cz\/?p=1597"},"modified":"2026-03-30T09:49:45","modified_gmt":"2026-03-30T09:49:45","slug":"ceska-dhl-supply-chain-meni-sefa","status":"publish","type":"post","link":"https:\/\/www.klubmn.cz\/?p=1597","title":{"rendered":"\u010cesk\u00e1 DHL Supply Chain m\u011bn\u00ed \u0161\u00e9fa"},"content":{"rendered":"<p><strong>Nov\u00fdm gener\u00e1ln\u00edm \u0159editelem DHL Supply Chain v \u010cesku byl jmenov\u00e1n Petr K\u00e1\u0148a. Na pozici vyst\u0159\u00eddal Filipa Bud\u00edka, kter\u00fd po sedmn\u00e1cti letech veden\u00ed \u010desk\u00e9 pobo\u010dky zast\u00e1v\u00e1 roli \u0159editele pro st\u0159edn\u00ed a v\u00fdchodn\u00ed Evropu.<\/strong><span id=\"more-20714\"><\/span><!--more--><\/p>\n<p>\u201ePod veden\u00edm Filipa Bud\u00edka dos\u00e1hla \u010cesk\u00e1 republika dlouhodob\u011b \u0161pi\u010dkov\u00fdch obchodn\u00edch v\u00fdsledk\u016f a upevnila pozici l\u00eddra na trhu kontraktn\u00ed logistiky. Z\u00e1rove\u0148 Filip vytvo\u0159il kulturu zalo\u017eenou na respektu a business partnerstv\u00ed, kter\u00e1 ur\u010duje zp\u016fsob, jak\u00fdm podporujeme na\u0161e z\u00e1kazn\u00edky v\u00a0realizaci jejich obchodn\u00edch z\u00e1m\u011br\u016f. Jsem r\u00e1d, \u017ee mohu nav\u00e1zat na tyto v\u00fdjime\u010dn\u00e9 v\u00fdsledky a pokra\u010dovat v\u00a0dal\u0161\u00edm rozvoji,\u201c \u0159\u00edk\u00e1 Petr K\u00e1\u0148a.<\/p>\n<p>\u201eLogistika dnes proch\u00e1z\u00ed dynamick\u00fdm v\u00fdvojem, kter\u00fd p\u0159in\u00e1\u0161\u00ed nov\u00e9 v\u00fdzvy a z\u00e1rove\u0148 tak\u00e9 s\u00a0t\u00edm spojen\u00e9 nov\u00e9 p\u0159\u00edle\u017eitost\u00ed. Mou prioritou je p\u0159in\u00e1\u0161et na\u0161im z\u00e1kazn\u00edk\u016fm modern\u00ed a efektivn\u00ed \u0159e\u0161en\u00ed, kter\u00e1 jsou v\u017edy o krok nap\u0159ed a podporuj\u00ed r\u016fst jejich business\u016f. Stejn\u011b d\u016fle\u017eit\u00e9 je pro m\u011b rozv\u00edjet uvnit\u0159 spole\u010dnosti prost\u0159ed\u00ed vz\u00e1jemn\u00e9ho respektu, ve kter\u00e9m se na\u0161i lid\u00e9 mohou pln\u011b realizovat a t\u00edm aktivn\u011b p\u0159isp\u00edvat k na\u0161emu spole\u010dn\u00e9mu \u00fasp\u011bchu,\u201c dopl\u0148uje Petr K\u00e1\u0148a.<\/p>\n<p>Petr K\u00e1\u0148a p\u016fsob\u00ed ve spole\u010dnosti DHL Supply Chain od roku 2008, kdy nastoupil jako mana\u017eer distribu\u010dn\u00edho centra v\u00a0Poho\u0159elic\u00edch. Postupn\u011b p\u0159evzal roli mana\u017eera cel\u00e9ho kampusu v Poho\u0159elic\u00edch, pot\u00e9 region\u00e1ln\u00edho provozn\u00edho \u0159editele pro Moravu a pozd\u011bji pro celou \u010ceskou republiku. V posledn\u00edch t\u0159ech letech zast\u00e1val pozici gener\u00e1ln\u00edho \u0159editele spole\u010dnosti DHL Supply Chain v Polsku.<\/p>\n<p><img loading=\"lazy\" decoding=\"async\" class=\"alignnone size-medium wp-image-19722\" src=\"http:\/\/www.automakers.cz\/wp-content\/uploads\/2026\/02\/DHL-sklad-Slovensko-Ilustracni-foto_2-900x675.jpeg\" alt=\"\" width=\"900\" height=\"675\" \/><\/p>\n<div class=\"heateor_sss_sharing_container heateor_sss_vertical_sharing heateor_sss_bottom_sharing\" data-heateor-sss-href=\"https:\/\/www.automakers.cz\/?p=20714\">\n<div class=\"heateor_sss_sharing_ul\"><\/div>\n<\/div>\n","protected":false},"excerpt":{"rendered":"<p>Nov\u00fdm gener\u00e1ln\u00edm \u0159editelem DHL Supply Chain v \u010cesku byl jmenov\u00e1n Petr K\u00e1\u0148a. Na pozici vyst\u0159\u00eddal&#8230;<\/p>\n","protected":false},"author":1,"featured_media":1598,"comment_status":"open","ping_status":"open","sticky":false,"template":"","format":"standard","meta":{"footnotes":""},"categories":[22,30,11],"tags":[],"class_list":["post-1597","post","type-post","status-publish","format-standard","has-post-thumbnail","hentry","category-logistika","category-management","category-personalie"],"_links":{"self":[{"href":"https:\/\/www.klubmn.cz\/index.php?rest_route=\/wp\/v2\/posts\/1597","targetHints":{"allow":["GET"]}}],"collection":[{"href":"https:\/\/www.klubmn.cz\/index.php?rest_route=\/wp\/v2\/posts"}],"about":[{"href":"https:\/\/www.klubmn.cz\/index.php?rest_route=\/wp\/v2\/types\/post"}],"author":[{"embeddable":true,"href":"https:\/\/www.klubmn.cz\/index.php?rest_route=\/wp\/v2\/users\/1"}],"replies":[{"embeddable":true,"href":"https:\/\/www.klubmn.cz\/index.php?rest_route=%2Fwp%2Fv2%2Fcomments&post=1597"}],"version-history":[{"count":2,"href":"https:\/\/www.klubmn.cz\/index.php?rest_route=\/wp\/v2\/posts\/1597\/revisions"}],"predecessor-version":[{"id":1600,"href":"https:\/\/www.klubmn.cz\/index.php?rest_route=\/wp\/v2\/posts\/1597\/revisions\/1600"}],"wp:featuredmedia":[{"embeddable":true,"href":"https:\/\/www.klubmn.cz\/index.php?rest_route=\/wp\/v2\/media\/1598"}],"wp:attachment":[{"href":"https:\/\/www.klubmn.cz\/index.php?rest_route=%2Fwp%2Fv2%2Fmedia&parent=1597"}],"wp:term":[{"taxonomy":"category","embeddable":true,"href":"https:\/\/www.klubmn.cz\/index.php?rest_route=%2Fwp%2Fv2%2Fcategories&post=1597"},{"taxonomy":"post_tag","embeddable":true,"href":"https:\/\/www.klubmn.cz\/index.php?rest_route=%2Fwp%2Fv2%2Ftags&post=1597"}],"curies":[{"name":"wp","href":"https:\/\/api.w.org\/{rel}","templated":true}]}}