{"id":1608,"date":"2026-04-08T06:20:55","date_gmt":"2026-04-08T06:20:55","guid":{"rendered":"https:\/\/www.klubmn.cz\/?p=1608"},"modified":"2026-04-08T06:20:55","modified_gmt":"2026-04-08T06:20:55","slug":"daimler-truck-postavi-novy-zavod-v-chebu","status":"publish","type":"post","link":"https:\/\/www.klubmn.cz\/?p=1608","title":{"rendered":"Daimler Truck postav\u00ed nov\u00fd z\u00e1vod v Chebu"},"content":{"rendered":"<p><strong>Mercedes Benz Trucks pl\u00e1nuje v budoucnu roz\u0161\u00ed\u0159it st\u00e1vaj\u00edc\u00ed v\u00fdrobn\u00ed s\u00ed\u0165 p\u0159id\u00e1n\u00edm z\u00e1vodu pro mont\u00e1\u017e a v\u00fdrobu vozidel v Chebu v \u010cesk\u00e9 republice. <\/strong><span id=\"more-20820\"><\/span><!--more--><\/p>\n<p>Lakovan\u00e9 kabiny budou dod\u00e1v\u00e1ny z hlkavn\u00edho z\u00e1vodu ve W\u00f6rthu. V z\u00e1vislosti na v\u0161ech \u010dekaj\u00edc\u00edch schv\u00e1len\u00edch \u2013 mimo jin\u00e9 od m\u011bstsk\u00e9 rady Chebu \u2013 pl\u00e1nuje spole\u010dnost zah\u00e1jit v\u00fdstavbu v p\u0159\u00ed\u0161t\u00edm roce, p\u0159i\u010dem\u017e spu\u0161t\u011bn\u00ed nov\u00e9ho konceptu evropsk\u00e9 s\u00edt\u011b je pl\u00e1nov\u00e1no na konec desetilet\u00ed. C\u00edlem je d\u00e1le zv\u00fd\u0161it efektivitu, odolnost a flexibilitu v\u0161ech z\u00e1vod\u016f v s\u00edti s ohledem na rostouc\u00ed slo\u017eitost zp\u016fsobenou rostouc\u00ed rozmanitost\u00ed variant produkt\u016f.<\/p>\n<p><strong>Achim Puchert, gener\u00e1ln\u00ed \u0159editel spole\u010dnosti Mercedes-Benz -Trucks:<\/strong> \u201eS na\u0161\u00edm nov\u00fdm mont\u00e1\u017en\u00edm z\u00e1vodem v Chebu posilujeme konkurenceschopnost na\u0161\u00ed v\u00fdrobn\u00ed s\u00edt\u011b s jasn\u00fdm zam\u011b\u0159en\u00edm na optimalizaci n\u00e1klad\u016f a komplexity. To n\u00e1m umo\u017e\u0148uje zajistit tvorbu hodnot a zam\u011bstnanost v z\u00e1vod\u011b W\u00f6rth a v budoucnu zde investovat.\u201c<\/p>\n<p><strong>J\u00fcrgen Distl, vedouc\u00ed provozu divize Mercedes-Benz Trucks:<\/strong> \u201eP\u0159i restrukturalizaci na\u0161\u00ed evropsk\u00e9 v\u00fdrobn\u00ed s\u00edt\u011b klademe jasn\u00fd d\u016fraz na dlouhodob\u00e9 perspektivy. W\u00f6rth z\u016fst\u00e1v\u00e1 srdcem a mozkem na\u0161\u00ed v\u00fdroby n\u00e1kladn\u00edch vozidel. Z\u00e1vod d\u00e1le rozv\u00edj\u00edme, aby si zachoval ekonomickou \u017eivotaschopnost i za m\u011bn\u00edc\u00edch se tr\u017en\u00edch podm\u00ednek. Pl\u00e1novan\u00e9 roz\u0161\u00ed\u0159en\u00ed nov\u00e9ho z\u00e1vodu v Chebu n\u00e1m d\u00e1v\u00e1 ve W\u00f6rthu nal\u00e9hav\u011b pot\u0159ebn\u00fd prostor k tomu, abychom v budoucnu mohli i nad\u00e1le flexibiln\u011b vyr\u00e1b\u011bt n\u00e1kladn\u00ed vozidla s naftov\u00fdm i s bezemisn\u00edmi pohony. Uprav\u00edme tak\u00e9 program v z\u00e1vod\u011b Aksaray. Zv\u00fd\u0161\u00edme efektivitu v cel\u00e9 s\u00edti \u2013 a t\u00edm ochr\u00e1n\u00edme tvorbu hodnot a zam\u011bstnanost v cel\u00e9m N\u011bmecku.\u201c<\/p>\n<p><strong>Michael Brecht, m\u00edstop\u0159edseda dozor\u010d\u00ed rady a p\u0159edseda gener\u00e1ln\u00ed rady zam\u011bstnanc\u016f:<\/strong> \u201eMy, jako z\u00e1stupci zam\u011bstnanc\u016f, jsme d\u016fsledn\u011b zd\u016fraz\u0148ovali \u2013 jak v dozor\u010d\u00ed rad\u011b, tak i b\u011bhem jedn\u00e1n\u00ed o programu sni\u017eov\u00e1n\u00ed n\u00e1klad\u016f Cost Down Europe \u2013 \u017ee se nelze zam\u011b\u0159it pouze na efektivitu a \u00faspory n\u00e1klad\u016f. Mercedes-Benz Trucks tak\u00e9 pot\u0159ebuje strategii r\u016fstu. Mimo jin\u00e9 c\u00edl\u00edme na obnoven\u00ed tr\u017en\u00edho pod\u00edlu v N\u011bmecku a Evrop\u011b. V\u00fdrobn\u00ed z\u00e1vod W\u00f6rth je v\u0161ak kv\u016fli sv\u00e9 slo\u017eitosti omezen ve sv\u00e9m rozvoji. Z tohoto d\u016fvodu je z\u00e1vod v \u010cesk\u00e9 republice ned\u00edlnou sou\u010d\u00e1st\u00ed po\u017eadovan\u00e9 strategie r\u016fstu. To zase prosp\u011bje i n\u011bmeck\u00fdm pobo\u010dk\u00e1m spole\u010dnosti Daimler Truck a jejich zam\u011bstnanc\u016fm.\u201c<\/p>\n<p><strong>Z\u00e1vod ve W\u00f6rthu z\u016fst\u00e1v\u00e1 vedouc\u00edm s nejv\u011bt\u0161\u00edm objemem v\u00fdroby<\/strong><\/p>\n<p>Jak spole\u010dnost Daimler Truck ozn\u00e1mila v l\u00e9t\u011b 2025, c\u00edlov\u00e9 vize pro n\u011bmeck\u00e9 z\u00e1vody byly aktualizov\u00e1ny a d\u00e1le rozpracov\u00e1ny. V r\u00e1mci evropsk\u00e9 s\u00edt\u011b bude z\u00e1vod ve W\u00f6rthu i nad\u00e1le zodpov\u011bdn\u00fd za komplexn\u00ed v\u00fdrobn\u00ed programy a zav\u00e1d\u011bn\u00ed nov\u00fdch produkt\u016f.<\/p>\n<p>Z\u00e1rove\u0148 se sn\u00ed\u017e\u00ed slo\u017eitost v\u00fdroby ve W\u00f6rthu, aby byla zaji\u0161t\u011bna dlouhodob\u00e1 konkurenceschopnost a budouc\u00ed \u017eivotaschopnost z\u00e1vodu. Z tohoto d\u016fvodu budou upraveny mont\u00e1\u017en\u00ed procesy v tomto nejv\u011bt\u0161\u00edm z\u00e1vod\u011b na v\u00fdrobu n\u00e1kladn\u00edch vozidel spole\u010dnosti MercedesBenz Trucks. Z\u00e1vod z\u016fstane velkoobjemov\u00fdm z\u00e1vodem s ro\u010dn\u00ed produkc\u00ed v rozmez\u00ed st\u0159edn\u00edch a\u017e vysok\u00fdch p\u011btim\u00edstn\u00fdch \u010d\u00edsel, v z\u00e1vislosti na tr\u017en\u00edch podm\u00ednk\u00e1ch.<\/p>\n<p><strong>Thomas Zwick, p\u0159edseda podnikov\u00e9 rady z\u00e1vodu W\u00f6rth:<\/strong> \u201eProst\u0159ednictv\u00edm Smlouvy pro budoucnost uzav\u0159en\u00e9 v roce 2021 jsme zajistili, \u017ee n\u00e1kladn\u00ed vozidla se v\u0161emi pohonn\u00fdmi syst\u00e9my budou vyr\u00e1b\u011bna ve W\u00f6rthu a \u017ee budeme slou\u017eit jako vedouc\u00ed z\u00e1vod v r\u00e1mci v\u00fdrobn\u00ed s\u00edt\u011b. D\u00edky pokra\u010dov\u00e1n\u00ed Smlouvy pro budoucnost v r\u00e1mci programu Cost Down Europe jsme byli schopni pevn\u011b etablovat W\u00f6rth jako velkoobjemov\u00fd z\u00e1vod, ochr\u00e1nit v\u0161echny obchodn\u00ed jednotky \u2013 v\u010detn\u011b v\u00fdroby CKD a -speci\u00e1ln\u00edch n\u00e1kladn\u00edch vozidel Mercedes Benz \u2013 a zajistit jistotu pracovn\u00edch m\u00edst pro kl\u00ed\u010dov\u00e9 pracovn\u00edky ve v\u00fdrob\u011b do konce roku 2034. \u201c<\/p>\n<p>&nbsp;<\/p>\n","protected":false},"excerpt":{"rendered":"<p>Mercedes Benz Trucks pl\u00e1nuje v budoucnu roz\u0161\u00ed\u0159it st\u00e1vaj\u00edc\u00ed v\u00fdrobn\u00ed s\u00ed\u0165 p\u0159id\u00e1n\u00edm z\u00e1vodu pro mont\u00e1\u017e a&#8230;<\/p>\n","protected":false},"author":1,"featured_media":237,"comment_status":"open","ping_status":"open","sticky":false,"template":"","format":"standard","meta":{"footnotes":""},"categories":[23],"tags":[],"class_list":["post-1608","post","type-post","status-publish","format-standard","has-post-thumbnail","hentry","category-investice"],"_links":{"self":[{"href":"https:\/\/www.klubmn.cz\/index.php?rest_route=\/wp\/v2\/posts\/1608","targetHints":{"allow":["GET"]}}],"collection":[{"href":"https:\/\/www.klubmn.cz\/index.php?rest_route=\/wp\/v2\/posts"}],"about":[{"href":"https:\/\/www.klubmn.cz\/index.php?rest_route=\/wp\/v2\/types\/post"}],"author":[{"embeddable":true,"href":"https:\/\/www.klubmn.cz\/index.php?rest_route=\/wp\/v2\/users\/1"}],"replies":[{"embeddable":true,"href":"https:\/\/www.klubmn.cz\/index.php?rest_route=%2Fwp%2Fv2%2Fcomments&post=1608"}],"version-history":[{"count":1,"href":"https:\/\/www.klubmn.cz\/index.php?rest_route=\/wp\/v2\/posts\/1608\/revisions"}],"predecessor-version":[{"id":1609,"href":"https:\/\/www.klubmn.cz\/index.php?rest_route=\/wp\/v2\/posts\/1608\/revisions\/1609"}],"wp:featuredmedia":[{"embeddable":true,"href":"https:\/\/www.klubmn.cz\/index.php?rest_route=\/wp\/v2\/media\/237"}],"wp:attachment":[{"href":"https:\/\/www.klubmn.cz\/index.php?rest_route=%2Fwp%2Fv2%2Fmedia&parent=1608"}],"wp:term":[{"taxonomy":"category","embeddable":true,"href":"https:\/\/www.klubmn.cz\/index.php?rest_route=%2Fwp%2Fv2%2Fcategories&post=1608"},{"taxonomy":"post_tag","embeddable":true,"href":"https:\/\/www.klubmn.cz\/index.php?rest_route=%2Fwp%2Fv2%2Ftags&post=1608"}],"curies":[{"name":"wp","href":"https:\/\/api.w.org\/{rel}","templated":true}]}}