{"id":1938,"date":"2026-08-31T07:34:54","date_gmt":"2026-08-31T07:34:54","guid":{"rendered":"https:\/\/www.klubmn.cz\/?p=1938"},"modified":"2026-08-31T07:34:54","modified_gmt":"2026-08-31T07:34:54","slug":"tatra-predvadela-stabu-tv-prima-pancerovany-model-tadeas-vuz-se-polozil-na-bok","status":"publish","type":"post","link":"https:\/\/www.klubmn.cz\/?p=1938","title":{"rendered":"Tatra p\u0159edv\u00e1d\u011bla \u0161t\u00e1bu TV Prima panc\u00e9\u0159ovan\u00fd model Tadeas, v\u016fz se polo\u017eil na bok"},"content":{"rendered":"<p><strong>Tankov\u00fd den \u010desk\u00e9 arm\u00e1dy v Le\u0161anech hostil v sobotu 29. srpna akce historick\u00e9 i sou\u010dasn\u00e9 bojov\u00e9 techniky, div\u00e1ci byli tak\u00e9 sv\u011bdky kuri\u00f3zn\u00ed nehody. P\u0159i dynamick\u00e9 uk\u00e1zce pro \u0161t\u00e1b TV Prima se polo\u017eila na bok nov\u00e1 panc\u00e9\u0159ovan\u00e1\u00a0 Tatra Tadeas. Dva <span class=\"highlight-E5id2 highlight-E5M\">lid\u00e9<\/span> utrp\u011bli zran\u011bn\u00ed, uvedla st\u0159edo\u010desk\u00e1 policie s t\u00edm, \u017ee ud\u00e1lost vy\u0161et\u0159uje.<\/strong><span id=\"more-24243\"><\/span><!--more--><\/p>\n<p>Jedn\u00edm zran\u011bn\u00fdm je zam\u011bstnanec spole\u010dnosti <span class=\"highlight-query highlight-E4id1 highlight-E1id4 highlight-E4id4 highlight-E4M highlight-E1M highlight-Kid0\">Tatra<\/span> Defence, \u0159ekl <span class=\"highlight-E1id3 highlight-E4id3 highlight-E1M highlight-E4M\">\u010cTK<\/span> <span class=\"highlight-E2id2 highlight-E2M\">Andrej<\/span> <span class=\"highlight-E2id2 highlight-E2M\">\u010c\u00edrtek<\/span>, <span class=\"highlight-E5id3 highlight-E5M\">mluv\u010d\u00ed<\/span> <span class=\"highlight-E4id2 highlight-E4id1 highlight-E1id2 highlight-E4M highlight-E1M\">Czechoslovak<\/span> <span class=\"highlight-E1id2 highlight-E4id1 highlight-E4id2 highlight-E1M highlight-E4M\">Group<\/span>, kam <span class=\"highlight-query highlight-E4id4 highlight-E4id1 highlight-E1id4 highlight-E4M highlight-E1M highlight-Kid0\">Tatra<\/span> Defence spad\u00e1.<\/p>\n<p><span class=\"highlight-E1id0 highlight-E1M\">Vojensk\u00fd<\/span> <span class=\"highlight-E1id0 highlight-E1M\">historick\u00fd<\/span> <span class=\"highlight-E1id0 highlight-E1M\">\u00fastav<\/span> <span class=\"highlight-E1id0 highlight-E1M\">Praha<\/span> na <span class=\"highlight-E3id0 highlight-E3M\">facebooku<\/span> uvedl, \u017ee nehoda se stala mimo ofici\u00e1ln\u00ed program p\u0159i samostatn\u00e9m p\u0159edv\u00e1d\u011bn\u00ed nejnov\u011bj\u0161\u00ed techniky spole\u010dnosti <span class=\"highlight-query highlight-E4id4 highlight-E1id4 highlight-E4id1 highlight-E4M highlight-E1M highlight-Kid0\">Tatra<\/span> Defence pro <span class=\"highlight-E3id1 highlight-E3M\">TV<\/span> <span class=\"highlight-E3id1 highlight-E3M\">Prima<\/span>.<\/p>\n<p><img loading=\"lazy\" decoding=\"async\" class=\"alignnone size-medium wp-image-24247\" src=\"http:\/\/www.automakers.cz\/wp-content\/uploads\/2026\/08\/Tatra-Tadeas-Lesny-900x605.jpg\" sizes=\"auto, (max-width: 900px) 100vw, 900px\" srcset=\"https:\/\/www.automakers.cz\/wp-content\/uploads\/2026\/08\/Tatra-Tadeas-Lesny-900x605.jpg 900w, https:\/\/www.automakers.cz\/wp-content\/uploads\/2026\/08\/Tatra-Tadeas-Lesny-1024x689.jpg 1024w, https:\/\/www.automakers.cz\/wp-content\/uploads\/2026\/08\/Tatra-Tadeas-Lesny-768x516.jpg 768w, https:\/\/www.automakers.cz\/wp-content\/uploads\/2026\/08\/Tatra-Tadeas-Lesny.jpg 1200w\" alt=\"\" width=\"900\" height=\"605\" \/><\/p>\n<blockquote><p>\u201eVozidlo sj\u00ed\u017ed\u011blo z kopce a pod n\u00edm se p\u0159i zat\u00e1\u010den\u00ed prudk\u00e9 lev\u00e9 zat\u00e1\u010dky p\u0159evr\u00e1tilo na prav\u00fd bok. Byla to hrozn\u00e1 r\u00e1na,\u201c \u0159ekl pro \u010dasopis AUTOmakers <strong>o\u010dit\u00fd sv\u011bdek incidentu.<\/strong><\/p>\n<p>\u201eUd\u00e1lost se odehr\u00e1la mimo ofici\u00e1ln\u00ed program 22. Tankov\u00e9ho dne a net\u00fdkala se <span class=\"highlight-E5id4 highlight-E5M\">n\u00e1v\u0161t\u011bvn\u00edk\u016f<\/span> akce. Zran\u011bnou osobou je zam\u011bstnanec spole\u010dnosti <span class=\"highlight-query highlight-E4id1 highlight-E1id4 highlight-E4id4 highlight-E4M highlight-E1M highlight-Kid0\">Tatra<\/span> Defence,\u201c dodal \u00fastav.<\/p><\/blockquote>\n<p><strong>Vojensk\u00e9 technick\u00e9 muzeum v <span class=\"highlight-E0id0 highlight-E0M\">Le\u0161anech<\/span><\/strong> se otev\u0159elo v roce 1996 v b\u00fdval\u00fdch d\u011blost\u0159eleck\u00fdch kas\u00e1rn\u00e1ch. V hal\u00e1ch, pod p\u0159\u00edst\u0159e\u0161ky a na voln\u00e9m prostranstv\u00ed p\u0159edstavuje stovky historick\u00fdch tank\u016f, kanon\u016f, motocykl\u016f, obrn\u011bn\u00fdch, n\u00e1kladn\u00edch a osobn\u00edch vojensk\u00fdch vozidel. Rozsahem a slo\u017een\u00edm sb\u00edrek pat\u0159\u00ed mezi nejv\u00fdznamn\u011bj\u0161\u00ed evropsk\u00e9 instituce sv\u00e9ho druhu. Unik\u00e1tn\u00ed je zejm\u00e9na sb\u00edrka \u010deskoslovensk\u00fdch vojensk\u00fdch dopravn\u00edch prost\u0159edk\u016f z obdob\u00ed 1918 a\u017e 1939 a kolekce kanon\u016f syst\u00e9mu \u0160koda.<\/p>\n<p><strong>Erich Handl, Le\u0161any, FOTO: autor<\/strong><\/p>\n<p><img loading=\"lazy\" decoding=\"async\" class=\"alignnone size-medium wp-image-24245\" src=\"http:\/\/www.automakers.cz\/wp-content\/uploads\/2026\/08\/Lesany-kolaz-900x900.jpg\" sizes=\"auto, (max-width: 900px) 100vw, 900px\" srcset=\"https:\/\/www.automakers.cz\/wp-content\/uploads\/2026\/08\/Lesany-kolaz-900x900.jpg 900w, https:\/\/www.automakers.cz\/wp-content\/uploads\/2026\/08\/Lesany-kolaz-1024x1024.jpg 1024w, https:\/\/www.automakers.cz\/wp-content\/uploads\/2026\/08\/Lesany-kolaz-768x768.jpg 768w, https:\/\/www.automakers.cz\/wp-content\/uploads\/2026\/08\/Lesany-kolaz.jpg 1080w\" alt=\"\" width=\"900\" height=\"900\" \/><\/p>\n<div class=\"heateor_sss_sharing_container heateor_sss_vertical_sharing heateor_sss_bottom_sharing\" data-heateor-sss-href=\"https:\/\/www.automakers.cz\/?p=24243\">\n<div class=\"heateor_sss_sharing_ul\"><\/div>\n<\/div>\n<p>&nbsp;<\/p>\n","protected":false},"excerpt":{"rendered":"<p>Tankov\u00fd den \u010desk\u00e9 arm\u00e1dy v Le\u0161anech hostil v sobotu 29. srpna akce historick\u00e9 i sou\u010dasn\u00e9&#8230;<\/p>\n","protected":false},"author":1,"featured_media":1939,"comment_status":"open","ping_status":"open","sticky":false,"template":"","format":"standard","meta":{"footnotes":""},"categories":[34,13,9],"tags":[],"class_list":["post-1938","post","type-post","status-publish","format-standard","has-post-thumbnail","hentry","category-news","category-novinari","category-testy"],"_links":{"self":[{"href":"https:\/\/www.klubmn.cz\/index.php?rest_route=\/wp\/v2\/posts\/1938","targetHints":{"allow":["GET"]}}],"collection":[{"href":"https:\/\/www.klubmn.cz\/index.php?rest_route=\/wp\/v2\/posts"}],"about":[{"href":"https:\/\/www.klubmn.cz\/index.php?rest_route=\/wp\/v2\/types\/post"}],"author":[{"embeddable":true,"href":"https:\/\/www.klubmn.cz\/index.php?rest_route=\/wp\/v2\/users\/1"}],"replies":[{"embeddable":true,"href":"https:\/\/www.klubmn.cz\/index.php?rest_route=%2Fwp%2Fv2%2Fcomments&post=1938"}],"version-history":[{"count":2,"href":"https:\/\/www.klubmn.cz\/index.php?rest_route=\/wp\/v2\/posts\/1938\/revisions"}],"predecessor-version":[{"id":1941,"href":"https:\/\/www.klubmn.cz\/index.php?rest_route=\/wp\/v2\/posts\/1938\/revisions\/1941"}],"wp:featuredmedia":[{"embeddable":true,"href":"https:\/\/www.klubmn.cz\/index.php?rest_route=\/wp\/v2\/media\/1939"}],"wp:attachment":[{"href":"https:\/\/www.klubmn.cz\/index.php?rest_route=%2Fwp%2Fv2%2Fmedia&parent=1938"}],"wp:term":[{"taxonomy":"category","embeddable":true,"href":"https:\/\/www.klubmn.cz\/index.php?rest_route=%2Fwp%2Fv2%2Fcategories&post=1938"},{"taxonomy":"post_tag","embeddable":true,"href":"https:\/\/www.klubmn.cz\/index.php?rest_route=%2Fwp%2Fv2%2Ftags&post=1938"}],"curies":[{"name":"wp","href":"https:\/\/api.w.org\/{rel}","templated":true}]}}