{"id":1945,"date":"2026-09-04T10:02:19","date_gmt":"2026-09-04T10:02:19","guid":{"rendered":"https:\/\/www.klubmn.cz\/?p=1945"},"modified":"2026-09-04T10:02:19","modified_gmt":"2026-09-04T10:02:19","slug":"nove-servisni-centrum-mercedes-benz-trucks-bus-u-strancic","status":"publish","type":"post","link":"https:\/\/www.klubmn.cz\/?p=1945","title":{"rendered":"Nov\u00e9 servisn\u00ed centrum Mercedes-Benz Trucks &#038; Bus u Stran\u010dic"},"content":{"rendered":"<p><strong>Rozs\u00e1hl\u00fd are\u00e1l v bl\u00edzkosti sjezdu z d\u00e1lnice D1 byl na okraji Str\u00e1n\u010dic ve st\u0159edu 2. z\u00e1\u0159\u00ed m\u00edstem ofici\u00e1ln\u00edho otev\u0159en\u00ed nov\u00e9ho servisn\u00edho centra pro n\u00e1kladn\u00ed vozidla a autobusy zna\u010dky Mercedes-Benz.<\/strong><span id=\"more-24364\"><\/span><!--more--><\/p>\n<p>Zbrusu nov\u00e9 centrum Daimler Truck Own Retail Europe zah\u00e1jilo provoz ji\u017e od 1.\u010dervence, ale slavnostn\u00ed akt prob\u011bhl a\u017e ve st\u0159edu. Toto servisn\u00ed centrum je p\u0159ipraveno slou\u017eit z\u00e1kazn\u00edk\u016fm z jihov\u00fdchodn\u00ed \u010d\u00e1sti Prahy a d\u00edky sv\u00e9 poloze je ide\u00e1ln\u00edm servisn\u00edm m\u00edstem i pro vozidla, proj\u00ed\u017ed\u011bj\u00edc\u00ed po jedn\u00e9 z nejvyt\u00ed\u017een\u011bj\u0161\u00edch dopravn\u00edch tepen v \u010cesk\u00e9 republice.<\/p>\n<p><strong>Strategick\u00e1 expanze<\/strong><br \/>\nSpole\u010dnost Daimler Truck AG tak prost\u0159ednictv\u00edm vlastn\u00ed servisn\u00ed a prodejn\u00ed organizace Daimler Truck Own Retail Czech Republic &amp; Slovakia pokra\u010duje ve sv\u00e9 strategick\u00e9 expanzi v Evrop\u011b. Slavnostn\u00edho otev\u0159en\u00ed se z\u00fa\u010dastnili z\u00e1stupci evropsk\u00e9ho management Own Retailu a t\u00e9\u017e veden\u00ed spole\u010dnosti Daimler Truck \u010cesk\u00e1 republika.<\/p>\n<p><strong>Jak uvedl David Chleboun, \u0159editel marketingu Daimler Truck \u010cesk\u00e1 republika:<\/strong><\/p>\n<blockquote><p>\u201eOtev\u0159en\u00ed tohoto servisn\u00edho centra p\u0159edstavuje dal\u0161\u00ed krok v dlouhodob\u00e9 strategii Daimler Truck Own Retail zam\u011b\u0159en\u00e9 na roz\u0161i\u0159ov\u00e1n\u00ed servisn\u00edch kapacit pod\u00e9l kl\u00ed\u010dov\u00fdch evropsk\u00fdch logistick\u00fdch tras\u201c.<\/p>\n<p><img loading=\"lazy\" decoding=\"async\" class=\"alignnone size-medium wp-image-24370\" src=\"http:\/\/www.automakers.cz\/wp-content\/uploads\/2026\/09\/2609__DaimlerTrucks_Strancice_4-900x818.jpg\" alt=\"\" width=\"900\" height=\"818\" \/><\/p><\/blockquote>\n<p><strong>V\u00fdhodn\u00e1 poloha a snadn\u00e1 dostupnost<\/strong><br \/>\nLisa Stauder, Head of Daimler Truck Own Retail pro \u010ceskou republiku a Slovensko, p\u0159i slavnostn\u00edm p\u0159est\u0159i\u017een\u00ed p\u00e1sky zm\u00ednila, \u017ee:<\/p>\n<blockquote><p>\u201eNov\u00fd servis svou v\u00fdhodnou pozici ji\u017e b\u011bhem prvn\u00edch t\u00fddn\u016f provozu pln\u011b potvrdil, jak je d\u016fle\u017eit\u00fd a jak\u00fd m\u00e1 potenci\u00e1l\u201c. D\u00e1le uvedla, \u017ee \u201ePr\u00e1v\u011b z\u00e1kazn\u00edci tohoto servisu zaji\u0161\u0165uj\u00ed ka\u017ed\u00fdm dnem chod ekonomiky, a jeho \u00fakolem je, udr\u017eet vozidla v provozu\u201c.<\/p><\/blockquote>\n<p><strong>Josef Ma\u0159\u00edk, CEO Daimler Truck \u010cesk\u00e1 republika p\u0159i t\u00e9to p\u0159\u00edle\u017eitosti uvedl:<\/strong><\/p>\n<blockquote><p>\u201cPosilov\u00e1n\u00ed servisn\u00ed s\u00edt\u011b je pro n\u00e1s, jako vedouc\u00ed zna\u010dku na trhu, nejvy\u0161\u0161\u00ed prioritou. Servis na jihov\u00fdchodn\u00ed stran\u011b Prahy je na\u0161\u00edm nov\u00fdm op\u011brn\u00fdm bodem v hlavn\u00edm m\u011bst\u011b. Spolu s n\u011bkolika nov\u00fdmi servisy s dobrou dostupnost\u00ed z hlavn\u00edch tah\u016f, kter\u00e9 jsme v posledn\u00edch letech v na\u0161\u00ed servisn\u00ed s\u00edti v \u010cesk\u00e9 republice otev\u0159eli, p\u0159in\u00e1\u0161\u00ed dal\u0161\u00ed zv\u00fd\u0161en\u00ed dostupnosti a servisn\u00ed kapacity pro na\u0161e z\u00e1kazn\u00edky. \u201d<\/p><\/blockquote>\n<p><strong>Dal\u0161\u00ed pos\u00edlen\u00ed s\u00edt\u011b servis\u016f<\/strong><br \/>\nInvestice do provozovny Stran\u010dice p\u0159isp\u00edv\u00e1 k \u0161ir\u0161\u00ed ambici spole\u010dnosti Daimler Truck posilovat s\u00ed\u0165 Own Retail v cel\u00e9 Evrop\u011b, a to se zam\u011b\u0159en\u00edm na regiony s intenzivn\u00ed logistickou \u010dinnost\u00ed, rostouc\u00edm vozov\u00fdm parkem a vysok\u00fdmi n\u00e1roky na dostupnost, rychlost a kvalitu servisn\u00edch slu\u017eeb. Nov\u00e9 servisn\u00ed centrum reaguje na rostouc\u00ed popt\u00e1vku z\u00e1kazn\u00edk\u016f v jihov\u00fdchodn\u00ed \u010d\u00e1sti Prahy a podporuje vysok\u00fd objem tranzitn\u00ed dopravy na nejd\u016fle\u017eit\u011bj\u0161\u00ed d\u00e1lni\u010dn\u00ed ose v \u010cesk\u00e9 republice. Nach\u00e1z\u00ed se v logistick\u00e9m uzlu Stran\u010dice\/Velk\u00e9 Popovice. Bl\u00edzkost Prahy 4, d\u00e1lnice D1 a Pra\u017esk\u00e9ho okruhu, \u010d\u00edm\u017e pom\u00e1h\u00e1 zaji\u0161\u0165ovat efektivn\u00ed dostupnost pro provozovatele flotil i d\u00e1lkovou dopravu.<\/p>\n<p><img loading=\"lazy\" decoding=\"async\" class=\"alignnone size-medium wp-image-24368\" src=\"http:\/\/www.automakers.cz\/wp-content\/uploads\/2026\/09\/2609__DaimlerTrucks_Strancice_2-900x675.jpg\" alt=\"\" width=\"900\" height=\"675\" \/><\/p>\n<p><strong>Modern\u00ed pracovi\u0161t\u011b s p\u011bti pr\u016fjezdn\u00fdmi pracovn\u00edmi st\u00e1n\u00edmi<\/strong><br \/>\nStavba na plo\u0161e t\u00e9m\u011b\u0159 tis\u00edc metr\u016f \u010dtvere\u010dn\u00edch zahrnuje p\u011bt pr\u016fjezdn\u00fdch pracovi\u0161\u0165, vybaven\u00fdch \u0161pi\u010dkov\u00fdmi technologiemi, umo\u017e\u0148uj\u00edc\u00edmi \u0161irokou \u0161k\u00e1lu oprav a diagnostiky. Are\u00e1l zahrnuje pln\u011b vybaven\u00fd servis s je\u0159\u00e1bem, syst\u00e9mem olejov\u00e9ho hospod\u00e1\u0159stv\u00ed, brzdovou zku\u0161ebnou s dal\u0161\u00edm modern\u00edm vybaven\u00edm.<\/p>\n<p>Sou\u010d\u00e1st\u00ed komplexu je tak\u00e9 vyhrazen\u00fd servisn\u00ed p\u0159\u00edjem pro efektivn\u00ed obsluhu a z\u00e1zem\u00edm pro z\u00e1kazn\u00edky. Nechyb\u00ed ani pln\u011b vybaven\u00fd prodej n\u00e1hradn\u00edch d\u00edl\u016f, komfortn\u00ed odpo\u010dinkov\u00e1 z\u00f3na pro \u0159idi\u010de b\u011bhem trv\u00e1n\u00ed servisn\u00edch prac\u00ed a rozs\u00e1hl\u00e9 parkovac\u00ed a odstavn\u00e9 plochy. Toto \u0161pi\u010dkov\u00e9 technick\u00e9 pracovi\u0161t\u011b umo\u017e\u0148uje zaji\u0161t\u011bn\u00ed \u00fadr\u017eby, kontroln\u00edch a servisn\u00edch \u00fakon\u016f rychle, efektivn\u011b a v souladu s vysok\u00fdmi standardy spole\u010dnosti Daimler Truck.<\/p>\n<p><img loading=\"lazy\" decoding=\"async\" class=\"alignnone size-medium wp-image-24369\" src=\"http:\/\/www.automakers.cz\/wp-content\/uploads\/2026\/09\/2609__DaimlerTrucks_Strancice_3-900x583.jpg\" alt=\"\" width=\"900\" height=\"583\" \/><strong>Pos\u00edlen\u00ed servisn\u00edho pokryt\u00ed Daimler Truck Own Retail v \u010cesk\u00e9 republice<\/strong><br \/>\nDaimler Truck \u010cesk\u00e1 republika zaji\u0161\u0165uje import n\u00e1kladn\u00edch vozidel Mercedes-Benz, provozuje a \u0159\u00edd\u00ed celost\u00e1tn\u00ed s\u00ed\u0165 autorizovan\u00fdch prodejn\u00edch a servisn\u00edch bod\u016f. Ta zahrnuje i vlastn\u00ed servisn\u00ed a prodejn\u00ed m\u00edsto v s\u00eddle spole\u010dnosti v Praze 5 \u2013 Stod\u016flk\u00e1ch a druhou provozovnu ve Velk\u00e9m T\u00fdnci u Olomouce, otev\u0159enou v roce 2022.<\/p>\n<p>Nov\u00fd servisn\u00ed bod u Stran\u010dic pos\u00edl\u00ed pokryt\u00ed pod\u00e9l d\u00e1lnice D1, zlep\u0161\u00ed dostupnost pro z\u00e1kazn\u00edky ve strategicky v\u00fdznamn\u00e9m regionu a potvrzuje trval\u00fd z\u00e1vazek Daimler Truck Own Retail poskytovat pr\u00e9miov\u00e9, z\u00e1kaznicky orientovan\u00e9 servisn\u00ed slu\u017eby v cel\u00e9 Evrop\u011b.<\/p>\n<p><strong>Karel Ber\u00e1nek (text a foto)<\/strong><\/p>\n<p><strong>Nov\u00e9 pracovn\u00ed p\u0159\u00edle\u017eitosti<\/strong><br \/>\nNov\u00e9 servisn\u00ed centrum zam\u011bstn\u00e1v\u00e1 p\u0159ibli\u017en\u011b 20 zam\u011bstnanc\u016f. Informace o voln\u00fdch pracovn\u00edch pozic\u00edch najdete na adrese: <a href=\"https:\/\/daimlertruck.jobs.cz\/\">https:\/\/daimlertruck.jobs.cz\/<\/a><\/p>\n<div class=\"heateor_sss_sharing_container heateor_sss_vertical_sharing heateor_sss_bottom_sharing\" data-heateor-sss-href=\"https:\/\/www.automakers.cz\/?p=24364\"><\/div>\n","protected":false},"excerpt":{"rendered":"<p>Rozs\u00e1hl\u00fd are\u00e1l v bl\u00edzkosti sjezdu z d\u00e1lnice D1 byl na okraji Str\u00e1n\u010dic ve st\u0159edu 2&#8230;.<\/p>\n","protected":false},"author":1,"featured_media":1946,"comment_status":"open","ping_status":"open","sticky":false,"template":"","format":"standard","meta":{"footnotes":""},"categories":[25,50],"tags":[],"class_list":["post-1945","post","type-post","status-publish","format-standard","has-post-thumbnail","hentry","category-importeri","category-servis"],"_links":{"self":[{"href":"https:\/\/www.klubmn.cz\/index.php?rest_route=\/wp\/v2\/posts\/1945","targetHints":{"allow":["GET"]}}],"collection":[{"href":"https:\/\/www.klubmn.cz\/index.php?rest_route=\/wp\/v2\/posts"}],"about":[{"href":"https:\/\/www.klubmn.cz\/index.php?rest_route=\/wp\/v2\/types\/post"}],"author":[{"embeddable":true,"href":"https:\/\/www.klubmn.cz\/index.php?rest_route=\/wp\/v2\/users\/1"}],"replies":[{"embeddable":true,"href":"https:\/\/www.klubmn.cz\/index.php?rest_route=%2Fwp%2Fv2%2Fcomments&post=1945"}],"version-history":[{"count":2,"href":"https:\/\/www.klubmn.cz\/index.php?rest_route=\/wp\/v2\/posts\/1945\/revisions"}],"predecessor-version":[{"id":1948,"href":"https:\/\/www.klubmn.cz\/index.php?rest_route=\/wp\/v2\/posts\/1945\/revisions\/1948"}],"wp:featuredmedia":[{"embeddable":true,"href":"https:\/\/www.klubmn.cz\/index.php?rest_route=\/wp\/v2\/media\/1946"}],"wp:attachment":[{"href":"https:\/\/www.klubmn.cz\/index.php?rest_route=%2Fwp%2Fv2%2Fmedia&parent=1945"}],"wp:term":[{"taxonomy":"category","embeddable":true,"href":"https:\/\/www.klubmn.cz\/index.php?rest_route=%2Fwp%2Fv2%2Fcategories&post=1945"},{"taxonomy":"post_tag","embeddable":true,"href":"https:\/\/www.klubmn.cz\/index.php?rest_route=%2Fwp%2Fv2%2Ftags&post=1945"}],"curies":[{"name":"wp","href":"https:\/\/api.w.org\/{rel}","templated":true}]}}