{"id":219,"date":"2024-02-11T11:21:50","date_gmt":"2024-02-11T11:21:50","guid":{"rendered":"https:\/\/www.klubmn.cz\/?p=219"},"modified":"2024-02-11T11:21:50","modified_gmt":"2024-02-11T11:21:50","slug":"nejlepsi-pr-manazeri-sda-prevzali-ceny","status":"publish","type":"post","link":"https:\/\/www.klubmn.cz\/?p=219","title":{"rendered":"Nejlep\u0161\u00ed PR mana\u017ee\u0159i SDA p\u0159evzali ceny"},"content":{"rendered":"<p><strong>\u010casopis Automakers a KMN letos op\u011bt organizuj\u00ed anketu o nejlep\u0161\u00ed medi\u00e1ln\u00ed servis v r\u00e1mci SDA v roce 2023. Posledn\u00ed hlasy byly odevzd\u00e1ny 25. ledna, medaile zajistily t\u0159em PR mana\u017eer\u016fm automobilov\u00fdch zna\u010dek. Ceny jim p\u0159edal p\u0159edseda klubu Michal Busta za asistence partenra sout\u011b\u017ee, gener\u00e1ln\u00edho \u0159editele Interaction Martina P\u00edsa\u0159\u00edka.<br \/>\n<\/strong><span id=\"more-147229\"><\/span><span id=\"more-7322\"><\/span><span id=\"more-39493\"><\/span><span id=\"more-46318\"><\/span><span id=\"more-1794\"><\/span><span id=\"more-1846\"><\/span><span id=\"more-1872\"><\/span><span id=\"more-1902\"><\/span><span id=\"more-199\"><\/span><span id=\"more-1940\"><\/span><span id=\"more-2002\"><\/span><!--more--><\/p>\n<p>Klub motoristick\u00fdch novin\u00e1\u0159\u016f vyhl\u00e1sil loni v prosinci anketu v novodob\u00e9 historii u\u017e poosm\u00e9.<\/p>\n<p>Jejich \u010dlenov\u00e9 mohli d\u00e1vat sv\u00e9 hlasy v\u0161em ofici\u00e1ln\u00edm mluv\u010d\u00edm spole\u010dnost\u00ed sdru\u017een\u00fdch v SDA, kte\u0159\u00ed poskytovali PR servis v pr\u016fb\u011bhu roku 2023. Celkem letos hlasovalo v pr\u016fb\u011bhu prosince a ledna 29 novin\u00e1\u0159\u016f. Ka\u017ed\u00fd mohl ud\u011blit a\u017e 3 hlasy, ka\u017ed\u00fd hlas je z\u00e1rove\u0148 nominac\u00ed obl\u00edben\u00e9ho mana\u017eera do sout\u011b\u017ee.<\/p>\n<p><strong>Vyhl\u00e1\u0161en\u00ed v\u00edt\u011bze v Kongresov\u00e9m centru<br \/>\n<\/strong><\/p>\n<p>Vyhl\u00e1\u0161en\u00ed mana\u017eer\u016f, kte\u0159\u00ed loni poskytovali nejdostupn\u011bj\u0161\u00ed informa\u010dn\u00ed servis pro jejich redakce, prob\u011bhlo v \u00fater\u00fd 6. \u00fanora v r\u00e1mci fin\u00e1le ankety Auto roku 2024 v \u010cR.<\/p>\n<p><strong>1. m\u00edsto (zisk 14 novin\u00e1\u0159sk\u00fdch hlas\u016f) \u2013 Martin Hejral (Opel)<br \/>\n<\/strong><\/p>\n<p><img loading=\"lazy\" decoding=\"async\" class=\"alignnone size-medium wp-image-2004\" src=\"http:\/\/www.automakers.cz\/wp-content\/uploads\/2024\/02\/PR-roku-Hejral-Busta-Pisarik-900x506.jpg\" sizes=\"auto, (max-width: 900px) 100vw, 900px\" srcset=\"https:\/\/www.automakers.cz\/wp-content\/uploads\/2024\/02\/PR-roku-Hejral-Busta-Pisarik-900x506.jpg 900w, https:\/\/www.automakers.cz\/wp-content\/uploads\/2024\/02\/PR-roku-Hejral-Busta-Pisarik-1024x576.jpg 1024w, https:\/\/www.automakers.cz\/wp-content\/uploads\/2024\/02\/PR-roku-Hejral-Busta-Pisarik-768x432.jpg 768w, https:\/\/www.automakers.cz\/wp-content\/uploads\/2024\/02\/PR-roku-Hejral-Busta-Pisarik-1536x864.jpg 1536w, https:\/\/www.automakers.cz\/wp-content\/uploads\/2024\/02\/PR-roku-Hejral-Busta-Pisarik-1280x720.jpg 1280w, https:\/\/www.automakers.cz\/wp-content\/uploads\/2024\/02\/PR-roku-Hejral-Busta-Pisarik.jpg 2048w\" alt=\"\" width=\"900\" height=\"506\" \/><\/p>\n<p><strong>2. m\u00edsto (zisk 10 novin\u00e1\u0159sk\u00fdch hlas\u016f)<\/strong> \u2013 <strong>Radka Matthey, (Peugeot)<\/strong><\/p>\n<p><img loading=\"lazy\" decoding=\"async\" class=\"alignnone size-medium wp-image-2005\" src=\"http:\/\/www.automakers.cz\/wp-content\/uploads\/2024\/02\/PR-roku-Busta-Matthey-Pisarik-900x506.jpg\" sizes=\"auto, (max-width: 900px) 100vw, 900px\" srcset=\"https:\/\/www.automakers.cz\/wp-content\/uploads\/2024\/02\/PR-roku-Busta-Matthey-Pisarik-900x506.jpg 900w, https:\/\/www.automakers.cz\/wp-content\/uploads\/2024\/02\/PR-roku-Busta-Matthey-Pisarik-1024x576.jpg 1024w, https:\/\/www.automakers.cz\/wp-content\/uploads\/2024\/02\/PR-roku-Busta-Matthey-Pisarik-768x432.jpg 768w, https:\/\/www.automakers.cz\/wp-content\/uploads\/2024\/02\/PR-roku-Busta-Matthey-Pisarik-1536x864.jpg 1536w, https:\/\/www.automakers.cz\/wp-content\/uploads\/2024\/02\/PR-roku-Busta-Matthey-Pisarik-1280x720.jpg 1280w, https:\/\/www.automakers.cz\/wp-content\/uploads\/2024\/02\/PR-roku-Busta-Matthey-Pisarik.jpg 2048w\" alt=\"\" width=\"900\" height=\"506\" \/><\/p>\n<p><strong>3. m\u00edsto (zisk 9 novin\u00e1\u0159sk\u00fdch hlas\u016f<\/strong>) \u2013<strong> Jitka Skali\u010dkov\u00e1\u00a0 (Renault, Dacia)<\/strong><\/p>\n<p><img loading=\"lazy\" decoding=\"async\" class=\"alignnone size-medium wp-image-2006\" src=\"http:\/\/www.automakers.cz\/wp-content\/uploads\/2024\/02\/PR-roku-Skalickova-Pisarik-900x506.jpg\" sizes=\"auto, (max-width: 900px) 100vw, 900px\" srcset=\"https:\/\/www.automakers.cz\/wp-content\/uploads\/2024\/02\/PR-roku-Skalickova-Pisarik-900x506.jpg 900w, https:\/\/www.automakers.cz\/wp-content\/uploads\/2024\/02\/PR-roku-Skalickova-Pisarik-1024x576.jpg 1024w, https:\/\/www.automakers.cz\/wp-content\/uploads\/2024\/02\/PR-roku-Skalickova-Pisarik-768x432.jpg 768w, https:\/\/www.automakers.cz\/wp-content\/uploads\/2024\/02\/PR-roku-Skalickova-Pisarik-1536x864.jpg 1536w, https:\/\/www.automakers.cz\/wp-content\/uploads\/2024\/02\/PR-roku-Skalickova-Pisarik-1280x720.jpg 1280w, https:\/\/www.automakers.cz\/wp-content\/uploads\/2024\/02\/PR-roku-Skalickova-Pisarik.jpg 2048w\" alt=\"\" width=\"900\" height=\"506\" \/><\/p>\n<p>\u2014\u2014\u2014\u2014\u2014\u2014\u2014\u2014\u2014\u2014\u2014\u2014\u2014\u2014\u2014\u2014\u2014\u2014\u2014\u2014\u2014\u2014\u2014\u2014\u2014\u2014<\/p>\n<p><strong>Leto\u0161n\u00ed nominace do hlavn\u00ed sout\u011b\u017ee ankety dle abecedy:<\/strong><\/p>\n<p>Dominika Baborsk\u00e1, Suzuki<\/p>\n<p>Martina Bedrnov\u00e1, DS<\/p>\n<p>Petr Buri\u00e1n, Ford<\/p>\n<p>David Haidinger, BMW, Mini<\/p>\n<p>Martin Hejral, Opel<\/p>\n<p>Petra Klosov\u00e1, Porsche<\/p>\n<p>Tom\u00e1\u0161 Kotera, \u0160koda<\/p>\n<p>Mark\u00e9ta Kuklov\u00e1, Mazda<\/p>\n<p>Jitka Jechov\u00e1, Toyota<\/p>\n<p>Sylva Marounkov\u00e1, FIAT, Jeep, Alfa<\/p>\n<p>Lenka Martinov\u00e1, Citro\u00ebn<\/p>\n<p>Radka Matthey, Peugeot<\/p>\n<p>David Pavl\u00ed\u010dek, Hyundai<\/p>\n<p>Ji\u0159\u00ed Rozko\u0161n\u00fd, Audi<\/p>\n<p>Jitka Skali\u010dkov\u00e1, Renault, Dacia<\/p>\n<p>Linda Truhl\u00e1\u0159ov\u00e1, Citro\u00ebn<\/p>\n<p>Josef Hl\u00e1vka, Mercedes<\/p>\n<p>Filip Stoulil, SEAT, CUPRA<\/p>\n<p>Frank Tiemann, Rolls Royce<\/p>\n<p>David Valenta, VW<\/p>\n<p>Kate\u0159ina Va\u0148kov\u00e1 Jougl\u00ed\u010dkov\u00e1, Kia<\/p>\n<p>Lenka Va\u0148kov\u00e1, VW U\u017eitkov\u00e9<\/p>\n<p>Marek Vodi\u010dka, MG<\/p>\n<p>Zden\u011bk Zikmund, Subaru<\/p>\n<p>\u2014\u2014\u2014\u2014\u2014\u2014\u2014\u2014\u2014\u2014\u2014\u2014\u2014\u2014\u2014\u2014\u2014\u2014\u2014\u2014\u2014\u2014\u2014\u2014\u2014\u2014\u2014\u2014\u2014\u2014\u2014\u2013<\/p>\n<p><strong>Zdroj: Erich Handl za v\u00fdbor KMN, Foto: Lud\u011bk Kortus<br \/>\n<\/strong><\/p>\n<div class=\"heateor_sss_sharing_container heateor_sss_vertical_sharing heateor_sss_bottom_sharing\" data-heateor-sss-href=\"https:\/\/www.automakers.cz\/?p=2002\">\n<div class=\"heateor_sss_sharing_ul\"><\/div>\n<\/div>\n<div class=\"heateor_sss_sharing_container heateor_sss_vertical_sharing heateor_sss_bottom_sharing\" data-heateor-sss-href=\"https:\/\/www.automakers.cz\/?p=2002\">\n<div class=\"heateorSssClear\"><\/div>\n<div class=\"heateorSssSharingArrow heateorSssPullOut\" title=\"Hide\"><\/div>\n<\/div>\n<p><span class=\"edit-link\"><i class=\"fas fa-edit\"><\/i><a class=\"post-edit-link\" href=\"https:\/\/www.automakers.cz\/wp-admin\/post.php?post=2002&amp;action=edit\">Edit <\/a><\/span><\/p>\n","protected":false},"excerpt":{"rendered":"<p>\u010casopis Automakers a KMN letos op\u011bt organizuj\u00ed anketu o nejlep\u0161\u00ed medi\u00e1ln\u00ed servis v r\u00e1mci SDA&#8230;<\/p>\n","protected":false},"author":1,"featured_media":220,"comment_status":"open","ping_status":"open","sticky":false,"template":"","format":"standard","meta":{"footnotes":""},"categories":[12,19],"tags":[],"class_list":["post-219","post","type-post","status-publish","format-standard","has-post-thumbnail","hentry","category-ankety","category-pr"],"_links":{"self":[{"href":"https:\/\/www.klubmn.cz\/index.php?rest_route=\/wp\/v2\/posts\/219","targetHints":{"allow":["GET"]}}],"collection":[{"href":"https:\/\/www.klubmn.cz\/index.php?rest_route=\/wp\/v2\/posts"}],"about":[{"href":"https:\/\/www.klubmn.cz\/index.php?rest_route=\/wp\/v2\/types\/post"}],"author":[{"embeddable":true,"href":"https:\/\/www.klubmn.cz\/index.php?rest_route=\/wp\/v2\/users\/1"}],"replies":[{"embeddable":true,"href":"https:\/\/www.klubmn.cz\/index.php?rest_route=%2Fwp%2Fv2%2Fcomments&post=219"}],"version-history":[{"count":2,"href":"https:\/\/www.klubmn.cz\/index.php?rest_route=\/wp\/v2\/posts\/219\/revisions"}],"predecessor-version":[{"id":222,"href":"https:\/\/www.klubmn.cz\/index.php?rest_route=\/wp\/v2\/posts\/219\/revisions\/222"}],"wp:featuredmedia":[{"embeddable":true,"href":"https:\/\/www.klubmn.cz\/index.php?rest_route=\/wp\/v2\/media\/220"}],"wp:attachment":[{"href":"https:\/\/www.klubmn.cz\/index.php?rest_route=%2Fwp%2Fv2%2Fmedia&parent=219"}],"wp:term":[{"taxonomy":"category","embeddable":true,"href":"https:\/\/www.klubmn.cz\/index.php?rest_route=%2Fwp%2Fv2%2Fcategories&post=219"},{"taxonomy":"post_tag","embeddable":true,"href":"https:\/\/www.klubmn.cz\/index.php?rest_route=%2Fwp%2Fv2%2Ftags&post=219"}],"curies":[{"name":"wp","href":"https:\/\/api.w.org\/{rel}","templated":true}]}}