{"id":228,"date":"2024-02-11T11:51:26","date_gmt":"2024-02-11T11:51:26","guid":{"rendered":"https:\/\/www.klubmn.cz\/?p=228"},"modified":"2024-02-11T11:51:26","modified_gmt":"2024-02-11T11:51:26","slug":"auto-roku-2024-mercedes-benz-tridy-e","status":"publish","type":"post","link":"https:\/\/www.klubmn.cz\/?p=228","title":{"rendered":"Auto roku 2024: Mercedes-Benz t\u0159\u00eddy E"},"content":{"rendered":"<p><strong>Ministr dopravy Martin Kupka p\u0159edal p\u0159i slavnostn\u00edm vyhl\u00e1\u0161en\u00ed v Kongresov\u00e9m centru Praha cenu pro v\u00edt\u011bze jubilejn\u00edho 30. ro\u010dn\u00edku ankety Auto roku v \u010cesk\u00e9 republice. Podruh\u00e9 v historii se j\u00edm stal v\u016fz zna\u010dky Mercedes-Benz, nov\u00e1 T\u0159\u00edda E tak nav\u00e1zala na \u00fasp\u011bch modelu SLS AMG z roku 2011.<\/strong><span id=\"more-1972\"><\/span><!--more--><\/p>\n<p>Odborn\u00e1 porota slo\u017een\u00e1 z 20 p\u0159edn\u00edch \u010desk\u00fdch motoristick\u00fdch novin\u00e1\u0159\u016f reprezentuj\u00edc\u00edch \u0161irok\u00e9 spektrum \u010dten\u00e1\u0159\u016f, div\u00e1k\u016f a poslucha\u010d\u016f vybrala celkov\u00e9ho v\u00edt\u011bze ankety z p\u011btice finalist\u016f. Nov\u00e9 Auto roku v \u010cesk\u00e9 republice dalo ve sv\u00e9 volb\u011b na prvn\u00ed m\u00edsto hned dev\u011bt porotc\u016f, v p\u0159\u00edpad\u011b druh\u00e9ho BMW \u0159ady 5 to bylo \u0161est porotc\u016f.<\/p>\n<p>Vyrovnan\u00e9 to bylo i na dal\u0161\u00edch pozic\u00edch \u2013 t\u0159et\u00ed, \u010dtvrt\u00fd a p\u00e1t\u00fd automobil v po\u0159ad\u00ed d\u011blilo pouh\u00fdch 12 bod\u016f. A \u017ee to porotci nem\u011bli v\u016fbec jednoduch\u00e9, o tom sv\u011bd\u010d\u00ed i fakt, \u017ee pouze t\u0159i z nich ve sv\u00e9 volb\u011b ud\u011blili n\u011bkter\u00e9mu z voz\u016f maxim\u00e1ln\u00ed po\u010det 10 bod\u016f.<\/p>\n<p>Syst\u00e9m volby kop\u00edruje model volby evropsk\u00e9ho Auta roku, kter\u00e9 rovn\u011b\u017e vol\u00ed v\u00fdhradn\u011b odborn\u00e1 porota ve dvoukolov\u00e9m re\u017eimu. O titul Auto roku 2024 v \u010cesk\u00e9 republice se uch\u00e1zelo celkem 21 voz\u016f nov\u011b uveden\u00fdch na \u010desk\u00fd trh v roce 2023. Porotci ve sv\u00e9 volb\u011b zohled\u0148ovali celou \u0159adu atribut\u016f \u2013 technick\u00e9 inovace a technologickou vysp\u011blost vozu, bezpe\u010dnost, vliv na \u017eivotn\u00ed prost\u0159ed\u00ed a hospod\u00e1rnost provozu, j\u00edzdn\u00ed vlastnosti, pom\u011br hodnoty a ceny, design, komfort nebo v\u00fdkonnost \u2013 p\u0159i\u010dem\u017e hlavn\u00edmi faktory hodnocen\u00ed byly \u00farove\u0148 technick\u00fdch inovac\u00ed a z\u00edskan\u00e1 hodnota za vynalo\u017een\u00e9 pen\u00edze.<\/p>\n<p><img loading=\"lazy\" decoding=\"async\" class=\"alignnone size-medium wp-image-1975\" src=\"http:\/\/www.automakers.cz\/wp-content\/uploads\/2024\/02\/Auto-roku-2024-Mercedes-Kupka-900x506.jpg\" sizes=\"auto, (max-width: 900px) 100vw, 900px\" srcset=\"https:\/\/www.automakers.cz\/wp-content\/uploads\/2024\/02\/Auto-roku-2024-Mercedes-Kupka-900x506.jpg 900w, https:\/\/www.automakers.cz\/wp-content\/uploads\/2024\/02\/Auto-roku-2024-Mercedes-Kupka-1024x576.jpg 1024w, https:\/\/www.automakers.cz\/wp-content\/uploads\/2024\/02\/Auto-roku-2024-Mercedes-Kupka-768x432.jpg 768w, https:\/\/www.automakers.cz\/wp-content\/uploads\/2024\/02\/Auto-roku-2024-Mercedes-Kupka-1536x864.jpg 1536w, https:\/\/www.automakers.cz\/wp-content\/uploads\/2024\/02\/Auto-roku-2024-Mercedes-Kupka-1280x720.jpg 1280w, https:\/\/www.automakers.cz\/wp-content\/uploads\/2024\/02\/Auto-roku-2024-Mercedes-Kupka.jpg 2048w\" alt=\"\" width=\"900\" height=\"506\" \/><\/p>\n<p><strong>Auto roku 2024 v \u010cesk\u00e9 republice<\/strong><\/p>\n<p>1. Mercedes-Benz t\u0159\u00eddy E 132 bod\u016f<br \/>\n2. BMW \u0159ady 5 118<br \/>\n3. Subaru Crosstrek 90<br \/>\n4. Kia EV9 82<br \/>\n5. Hyundai Ioniq6 78<\/p>\n<p><img loading=\"lazy\" decoding=\"async\" class=\"alignnone size-medium wp-image-1977\" src=\"http:\/\/www.automakers.cz\/wp-content\/uploads\/2024\/02\/Auto-roku-2024-Kupka-Mercedes-Hlavsa-900x506.jpg\" sizes=\"auto, (max-width: 900px) 100vw, 900px\" srcset=\"https:\/\/www.automakers.cz\/wp-content\/uploads\/2024\/02\/Auto-roku-2024-Kupka-Mercedes-Hlavsa-900x506.jpg 900w, https:\/\/www.automakers.cz\/wp-content\/uploads\/2024\/02\/Auto-roku-2024-Kupka-Mercedes-Hlavsa-1024x576.jpg 1024w, https:\/\/www.automakers.cz\/wp-content\/uploads\/2024\/02\/Auto-roku-2024-Kupka-Mercedes-Hlavsa-768x432.jpg 768w, https:\/\/www.automakers.cz\/wp-content\/uploads\/2024\/02\/Auto-roku-2024-Kupka-Mercedes-Hlavsa-1536x864.jpg 1536w, https:\/\/www.automakers.cz\/wp-content\/uploads\/2024\/02\/Auto-roku-2024-Kupka-Mercedes-Hlavsa-1280x720.jpg 1280w, https:\/\/www.automakers.cz\/wp-content\/uploads\/2024\/02\/Auto-roku-2024-Kupka-Mercedes-Hlavsa.jpg 2048w\" alt=\"\" width=\"900\" height=\"506\" \/><\/p>\n<p><strong>Odborn\u00e1 porota<\/strong><\/p>\n<p>B\u011bhal Ond\u0159ej (Autosalon.tv), Borsk\u00fd Michal (CNN Prima News), Busta Michal (Business Car), Dittrich Luk\u00e1\u0161 (Autosalon.tv), Kv\u00e1\u0161ov\u00e1 Sabina (\u017dena v aut\u011b), Hanke Petr (Automobil Revue), Hyan Tom\u00e1\u0161 (TH Auto), K\u00e1\u0148a Leo\u0161 (Sv\u011bt motor\u016f), Kolman Stanislav (Gar\u00e1\u017e.cz), La\u017eansk\u00fd Milan (Novinky.cz), Majurn\u00edk Jan (Gar\u00e1\u017e.cz), Mi\u010dka Jan (Autorevue.cz), M\u00fcller Martin (MM<br \/>\nAutomotive), Pec\u00e1k Radek (Den\u00edk.cz), Rejlek Jakub (Faster), Rybeck\u00fd Vladim\u00edr (Autoweek), Hole\u010dek Petr (Metro\/idnes.cz), \u0160idl\u00e1k Martin (Flotila), Srpov\u00e1 Eva (Hospod\u00e1\u0159sk\u00e9 noviny), Tom\u00ed\u0161ek Marek (fdrive.cz)<\/p>\n<p><strong>Zdroj: Petr Hor\u00e1k, SDA, FOTO: Lud\u011bk Kortus, Erich Handl<\/strong><\/p>\n<p><img loading=\"lazy\" decoding=\"async\" class=\"alignnone size-medium wp-image-1205\" src=\"http:\/\/www.automakers.cz\/wp-content\/uploads\/2024\/01\/Certousy-2024-Kia-Mercedes-900x675.jpg\" alt=\"\" width=\"900\" height=\"675\" \/><\/p>\n<div class=\"heateor_sss_sharing_container heateor_sss_vertical_sharing heateor_sss_bottom_sharing\" data-heateor-sss-href=\"https:\/\/www.automakers.cz\/?p=1972\">\n<div class=\"heateor_sss_sharing_ul\"><\/div>\n<\/div>\n<div class=\"heateor_sss_sharing_container heateor_sss_vertical_sharing heateor_sss_bottom_sharing\" data-heateor-sss-href=\"https:\/\/www.automakers.cz\/?p=1972\">\n<div class=\"heateorSssClear\"><\/div>\n<div class=\"heateorSssSharingArrow heateorSssPullOut\" title=\"Hide\"><\/div>\n<\/div>\n<div class=\"post-share\">\n<div class=\"post-share-icons cf\"><\/div>\n<\/div>\n","protected":false},"excerpt":{"rendered":"<p>Ministr dopravy Martin Kupka p\u0159edal p\u0159i slavnostn\u00edm vyhl\u00e1\u0161en\u00ed v Kongresov\u00e9m centru Praha cenu pro v\u00edt\u011bze&#8230;<\/p>\n","protected":false},"author":1,"featured_media":229,"comment_status":"open","ping_status":"open","sticky":false,"template":"","format":"standard","meta":{"footnotes":""},"categories":[12,25],"tags":[],"class_list":["post-228","post","type-post","status-publish","format-standard","has-post-thumbnail","hentry","category-ankety","category-importeri"],"_links":{"self":[{"href":"https:\/\/www.klubmn.cz\/index.php?rest_route=\/wp\/v2\/posts\/228","targetHints":{"allow":["GET"]}}],"collection":[{"href":"https:\/\/www.klubmn.cz\/index.php?rest_route=\/wp\/v2\/posts"}],"about":[{"href":"https:\/\/www.klubmn.cz\/index.php?rest_route=\/wp\/v2\/types\/post"}],"author":[{"embeddable":true,"href":"https:\/\/www.klubmn.cz\/index.php?rest_route=\/wp\/v2\/users\/1"}],"replies":[{"embeddable":true,"href":"https:\/\/www.klubmn.cz\/index.php?rest_route=%2Fwp%2Fv2%2Fcomments&post=228"}],"version-history":[{"count":2,"href":"https:\/\/www.klubmn.cz\/index.php?rest_route=\/wp\/v2\/posts\/228\/revisions"}],"predecessor-version":[{"id":231,"href":"https:\/\/www.klubmn.cz\/index.php?rest_route=\/wp\/v2\/posts\/228\/revisions\/231"}],"wp:featuredmedia":[{"embeddable":true,"href":"https:\/\/www.klubmn.cz\/index.php?rest_route=\/wp\/v2\/media\/229"}],"wp:attachment":[{"href":"https:\/\/www.klubmn.cz\/index.php?rest_route=%2Fwp%2Fv2%2Fmedia&parent=228"}],"wp:term":[{"taxonomy":"category","embeddable":true,"href":"https:\/\/www.klubmn.cz\/index.php?rest_route=%2Fwp%2Fv2%2Fcategories&post=228"},{"taxonomy":"post_tag","embeddable":true,"href":"https:\/\/www.klubmn.cz\/index.php?rest_route=%2Fwp%2Fv2%2Ftags&post=228"}],"curies":[{"name":"wp","href":"https:\/\/api.w.org\/{rel}","templated":true}]}}