{"id":249,"date":"2024-03-01T18:28:01","date_gmt":"2024-03-01T18:28:01","guid":{"rendered":"https:\/\/www.klubmn.cz\/?p=249"},"modified":"2024-03-01T18:28:01","modified_gmt":"2024-03-01T18:28:01","slug":"kia-ev9-finalistou-world-car-awards-2024","status":"publish","type":"post","link":"https:\/\/www.klubmn.cz\/?p=249","title":{"rendered":"Kia EV9 finalistou World Car Awards 2024"},"content":{"rendered":"<p><strong>Kia EV9 je ve fin\u00e1le sout\u011b\u017ee World Car Award 2024 dvakr\u00e1t. Mezin\u00e1rodn\u00ed porota slo\u017een\u00e1 z v\u00edce ne\u017e 100 automobilov\u00fdch novin\u00e1\u0159\u016f vybrala novou vlajkovou lo\u010f zna\u010dky Kia jako jednoho ze t\u0159\u00ed uchaze\u010d\u016f o ocen\u011bn\u00ed \u201eWord Car of the Year\u201c a tak\u00e9 jako jednoho ze t\u0159\u00ed finalist\u016f v kategorii \u201eWorld Electric Vehicle\u201c.<\/strong><span id=\"more-2530\"><\/span><!--more--><\/p>\n<p>Kia byla v t\u00e9to sout\u011b\u017ei, kter\u00e1 byla vyhl\u00e1\u0161ena v roce 2003 a je celosv\u011btov\u011b pova\u017eov\u00e1na za m\u011b\u0159\u00edtko v\u00fdjime\u010dn\u00fdch \u00fasp\u011bch\u016f v automobilov\u00e9m pr\u016fmyslu, ocen\u011bna ji\u017e n\u011bkolikr\u00e1t. V roce 2023 zv\u00edt\u011bzil model Kia EV6 GT v kategorii \u201eSv\u011btov\u00fd v\u00fdkonn\u00fd v\u016fz\u201c, v roce 2020 z\u00edskal elektrick\u00fd crossover e-Soul ocen\u011bn\u00ed \u201eSv\u011btov\u00fd m\u011bstsk\u00fd v\u016fz\u201c a ve stejn\u00e9m roce bylo SUV Kia Telluride zvoleno \u201eSv\u011btov\u00fdm vozem roku\u201c.<\/p>\n<p>Kia EV9 je jedn\u00edm z prvn\u00edch sedmim\u00edstn\u00fdch elektromobil\u016f na trhu. Vyzna\u010duje se v\u00fdrazn\u00fdm inovativn\u00edm designem, dlouh\u00fdm dojezdem (a\u017e 563 km) a technologi\u00ed ultrarychl\u00e9ho 88V dob\u00edjen\u00ed a nab\u00edz\u00ed mimo\u0159\u00e1dn\u011b prostorn\u00fd a variabiln\u00ed interi\u00e9r s komfortem p\u0159ipom\u00ednaj\u00edc\u00edm ob\u00fdvac\u00ed pokoj.<\/p>\n<p>V\u00edt\u011bzov\u00e9 sout\u011b\u017ee World Car Awards budou vyhl\u00e1\u0161eni 27. b\u0159ezna na mezin\u00e1rodn\u00edm autosalonu v New Yorku (NYIAS).<\/p>\n<p><strong>Zdroj: Kia, Kate\u0159ina Va\u0148kov\u00e1 Jougl\u00ed\u010dkov\u00e1<\/strong><\/p>\n<figure id=\"attachment_188\" class=\"wp-caption alignnone\" aria-describedby=\"caption-attachment-188\"><img loading=\"lazy\" decoding=\"async\" class=\"size-medium wp-image-188\" src=\"http:\/\/www.automakers.cz\/wp-content\/uploads\/2023\/11\/eSalon-23-Kia-Barna-900x675.jpg\" sizes=\"auto, (max-width: 900px) 100vw, 900px\" srcset=\"https:\/\/www.automakers.cz\/wp-content\/uploads\/2023\/11\/eSalon-23-Kia-Barna-900x675.jpg 900w, https:\/\/www.automakers.cz\/wp-content\/uploads\/2023\/11\/eSalon-23-Kia-Barna-1024x768.jpg 1024w, https:\/\/www.automakers.cz\/wp-content\/uploads\/2023\/11\/eSalon-23-Kia-Barna-768x576.jpg 768w, https:\/\/www.automakers.cz\/wp-content\/uploads\/2023\/11\/eSalon-23-Kia-Barna-1536x1152.jpg 1536w, https:\/\/www.automakers.cz\/wp-content\/uploads\/2023\/11\/eSalon-23-Kia-Barna.jpg 2040w\" alt=\"\" width=\"900\" height=\"675\" \/><figcaption id=\"caption-attachment-188\" class=\"wp-caption-text\">\u0160\u00e9f Kia Czech Arno\u0161t Barna poprv\u00e9 p\u0159edstavil EV 9 v \u010cesku loni<\/figcaption><\/figure>\n<div class=\"heateor_sss_sharing_container heateor_sss_vertical_sharing heateor_sss_bottom_sharing\" data-heateor-sss-href=\"https:\/\/www.automakers.cz\/?p=2530\">\n<div class=\"heateor_sss_sharing_ul\"><\/div>\n<\/div>\n<div class=\"heateor_sss_sharing_container heateor_sss_vertical_sharing heateor_sss_bottom_sharing\" data-heateor-sss-href=\"https:\/\/www.automakers.cz\/?p=2530\">\n<div class=\"heateorSssClear\"><\/div>\n<div class=\"heateorSssSharingArrow heateorSssPullOut\" title=\"Hide\"><\/div>\n<\/div>\n<p><span class=\"edit-link\"><i class=\"fas fa-edit\"><\/i><a class=\"post-edit-link\" href=\"https:\/\/www.automakers.cz\/wp-admin\/post.php?post=2530&amp;action=edit\">Edit <\/a><\/span><\/p>\n","protected":false},"excerpt":{"rendered":"<p>Kia EV9 je ve fin\u00e1le sout\u011b\u017ee World Car Award 2024 dvakr\u00e1t. Mezin\u00e1rodn\u00ed porota slo\u017een\u00e1 z&#8230;<\/p>\n","protected":false},"author":1,"featured_media":250,"comment_status":"open","ping_status":"open","sticky":false,"template":"","format":"standard","meta":{"footnotes":""},"categories":[12],"tags":[],"class_list":["post-249","post","type-post","status-publish","format-standard","has-post-thumbnail","hentry","category-ankety"],"_links":{"self":[{"href":"https:\/\/www.klubmn.cz\/index.php?rest_route=\/wp\/v2\/posts\/249","targetHints":{"allow":["GET"]}}],"collection":[{"href":"https:\/\/www.klubmn.cz\/index.php?rest_route=\/wp\/v2\/posts"}],"about":[{"href":"https:\/\/www.klubmn.cz\/index.php?rest_route=\/wp\/v2\/types\/post"}],"author":[{"embeddable":true,"href":"https:\/\/www.klubmn.cz\/index.php?rest_route=\/wp\/v2\/users\/1"}],"replies":[{"embeddable":true,"href":"https:\/\/www.klubmn.cz\/index.php?rest_route=%2Fwp%2Fv2%2Fcomments&post=249"}],"version-history":[{"count":2,"href":"https:\/\/www.klubmn.cz\/index.php?rest_route=\/wp\/v2\/posts\/249\/revisions"}],"predecessor-version":[{"id":252,"href":"https:\/\/www.klubmn.cz\/index.php?rest_route=\/wp\/v2\/posts\/249\/revisions\/252"}],"wp:featuredmedia":[{"embeddable":true,"href":"https:\/\/www.klubmn.cz\/index.php?rest_route=\/wp\/v2\/media\/250"}],"wp:attachment":[{"href":"https:\/\/www.klubmn.cz\/index.php?rest_route=%2Fwp%2Fv2%2Fmedia&parent=249"}],"wp:term":[{"taxonomy":"category","embeddable":true,"href":"https:\/\/www.klubmn.cz\/index.php?rest_route=%2Fwp%2Fv2%2Fcategories&post=249"},{"taxonomy":"post_tag","embeddable":true,"href":"https:\/\/www.klubmn.cz\/index.php?rest_route=%2Fwp%2Fv2%2Ftags&post=249"}],"curies":[{"name":"wp","href":"https:\/\/api.w.org\/{rel}","templated":true}]}}