{"id":253,"date":"2024-03-01T18:32:55","date_gmt":"2024-03-01T18:32:55","guid":{"rendered":"https:\/\/www.klubmn.cz\/?p=253"},"modified":"2024-03-01T18:33:56","modified_gmt":"2024-03-01T18:33:56","slug":"evropskym-autem-roku-2024-je-scenic","status":"publish","type":"post","link":"https:\/\/www.klubmn.cz\/?p=253","title":{"rendered":"Evropsk\u00fdm Autem roku 2024 je Sc\u00e9nic"},"content":{"rendered":"<div class=\"v1elementToProof\"><strong>V\u00edt\u011bz odborn\u00e9 ankety o evropsk\u00fd V\u016fz roku 2024 (Car of the Year; COTY) byl vyhl\u00e1\u0161en v \u017denev\u011b. Stalo se tak znovu na autosalonu a slavnostn\u00ed ceremoni\u00e1l s p\u0159edt\u00e1\u010dkami a hosty byl \u017eiv\u011b p\u0159en\u00e1\u0161en p\u0159es YouTube.<\/strong><\/div>\n<p><!--more--><\/p>\n<p>Volba evropsk\u00e9ho Vozu roku (COTY) zn\u00e1 sedm finalist\u016f pro rok 2024. Po \u0161esti dek\u00e1d\u00e1ch je mezi nimi poprv\u00e9 automobil z \u010c\u00edny. Titul letos z\u00edskal Renault Sc\u00e9nic, t\u011bsn\u011b p\u0159ed BMW 5 Series.<\/p>\n<p class=\"v1elementToProof\">Odborn\u00e1 anketa vol\u00edc\u00ed evropsk\u00fd V\u016fz roku (Car of the Year, COTY) b\u011b\u017e\u00ed bez p\u0159eru\u0161en\u00ed od roku 1963 a je zcela nez\u00e1visl\u00e1. Financov\u00e1n\u00ed a organizaci zaji\u0161\u0165uj\u00ed \u010dasopisy Auto (It\u00e1lie), Autocar (Velk\u00e1 Brit\u00e1nie), Autopista (\u0160pan\u011blsko), Autovisie (Holandsko), L\u00b4Automobile (Francie), Vi Bilagare (\u0160v\u00e9dsko), Automobil Revue (\u0160v\u00fdcarsko), Autotrends (Belgie) a Firmenauto (N\u011bmecko).<\/p>\n<p class=\"v1elementToProof\">Posledn\u00ed t\u0159i z nich nastoupily v roce 2021, kdy\u017e n\u011bmeck\u00fd Stern, jeden ze zakladatel\u016f ankety, odstoupil. Porota v sou\u010dasnosti sest\u00e1v\u00e1 z 61 \u010dlen\u016f z 23 evropsk\u00fdch zem\u00ed a je sestavena z renomovan\u00fdch motoristick\u00fdch publicist\u016f.<\/p>\n<p class=\"v1elementToProof\">\u010cesk\u00e1 republika m\u00e1 v COTY jednoho z\u00e1stupce od roku 1993, v\u017edy \u0161\u00e9fredaktora magaz\u00ednu Automobil. Do roku 2000 j\u00edm byl Milan Joz\u00edf, do ro\u010dn\u00edku 2015 Tom\u00e1\u0161 Hyan a od roku 2016 za \u010ceskou republiku vol\u00ed Ducho\u0148.<\/p>\n<p>Letos dal nejv\u00edce hlas\u016f modelu BMW 5 Series.<\/p>\n<p><img loading=\"lazy\" decoding=\"async\" class=\"alignnone size-medium wp-image-2426\" src=\"http:\/\/www.automakers.cz\/wp-content\/uploads\/2024\/02\/COTY-hlasy-Duchon-2024-900x502.jpeg\" sizes=\"auto, (max-width: 900px) 100vw, 900px\" srcset=\"https:\/\/www.automakers.cz\/wp-content\/uploads\/2024\/02\/COTY-hlasy-Duchon-2024-900x502.jpeg 900w, https:\/\/www.automakers.cz\/wp-content\/uploads\/2024\/02\/COTY-hlasy-Duchon-2024-768x429.jpeg 768w, https:\/\/www.automakers.cz\/wp-content\/uploads\/2024\/02\/COTY-hlasy-Duchon-2024.jpeg 1009w\" alt=\"\" width=\"900\" height=\"502\" \/><\/p>\n<p>&nbsp;<\/p>\n<p class=\"v1elementToProof\"><strong>Zdroj: Ji\u0159\u00ed Ducho\u0148, \u0161\u00e9fredaktor magaz\u00ednu Automobil, \u010dlen jury\u00a0<\/strong><a class=\"v1OWAAutoLink\" href=\"http:\/\/www.caroftheyear.org\/\" target=\"_blank\" rel=\"noopener noreferrer\"><strong>COTY<\/strong><\/a><\/p>\n<figure class=\"wp-block-embed wp-block-embed-youtube is-type-video is-provider-youtube epyt-figure\">\n<div class=\"wp-block-embed__wrapper\"><iframe loading=\"lazy\" id=\"_ytid_21822\" class=\"__youtube_prefs__ no-lazyload\" title=\"The Car of the Year 2024 - Live award Ceremony\" src=\"https:\/\/www.youtube.com\/embed\/TjIOmt1Yh1M?enablejsapi=1&amp;autoplay=0&amp;cc_load_policy=0&amp;cc_lang_pref=&amp;iv_load_policy=1&amp;loop=0&amp;modestbranding=0&amp;rel=1&amp;fs=1&amp;playsinline=0&amp;autohide=2&amp;theme=dark&amp;color=red&amp;controls=1&amp;\" width=\"640\" height=\"360\" allowfullscreen=\"allowfullscreen\" data-origwidth=\"640\" data-origheight=\"360\" data-no-lazy=\"1\" data-skipgform_ajax_framebjll=\"\" data-mce-fragment=\"1\"><\/iframe><\/div>\n<\/figure>\n<div class=\"heateor_sss_sharing_container heateor_sss_vertical_sharing heateor_sss_bottom_sharing\" data-heateor-sss-href=\"https:\/\/www.automakers.cz\/?p=2409\">\n<div class=\"heateor_sss_sharing_ul\"><\/div>\n<\/div>\n<div class=\"heateor_sss_sharing_container heateor_sss_vertical_sharing heateor_sss_bottom_sharing\" data-heateor-sss-href=\"https:\/\/www.automakers.cz\/?p=2409\">\n<div class=\"heateorSssClear\"><\/div>\n<div class=\"heateorSssSharingArrow heateorSssPullOut\" title=\"Hide\"><\/div>\n<\/div>\n<p><span class=\"edit-link\"><i class=\"fas fa-edit\"><\/i><a class=\"post-edit-link\" href=\"https:\/\/www.automakers.cz\/wp-admin\/post.php?post=2409&amp;action=edit\">Edit <\/a><\/span><\/p>\n","protected":false},"excerpt":{"rendered":"<p>V\u00edt\u011bz odborn\u00e9 ankety o evropsk\u00fd V\u016fz roku 2024 (Car of the Year; COTY) byl vyhl\u00e1\u0161en&#8230;<\/p>\n","protected":false},"author":1,"featured_media":254,"comment_status":"open","ping_status":"open","sticky":false,"template":"","format":"standard","meta":{"footnotes":""},"categories":[12,28],"tags":[],"class_list":["post-253","post","type-post","status-publish","format-standard","has-post-thumbnail","hentry","category-ankety","category-video"],"_links":{"self":[{"href":"https:\/\/www.klubmn.cz\/index.php?rest_route=\/wp\/v2\/posts\/253","targetHints":{"allow":["GET"]}}],"collection":[{"href":"https:\/\/www.klubmn.cz\/index.php?rest_route=\/wp\/v2\/posts"}],"about":[{"href":"https:\/\/www.klubmn.cz\/index.php?rest_route=\/wp\/v2\/types\/post"}],"author":[{"embeddable":true,"href":"https:\/\/www.klubmn.cz\/index.php?rest_route=\/wp\/v2\/users\/1"}],"replies":[{"embeddable":true,"href":"https:\/\/www.klubmn.cz\/index.php?rest_route=%2Fwp%2Fv2%2Fcomments&post=253"}],"version-history":[{"count":4,"href":"https:\/\/www.klubmn.cz\/index.php?rest_route=\/wp\/v2\/posts\/253\/revisions"}],"predecessor-version":[{"id":256,"href":"https:\/\/www.klubmn.cz\/index.php?rest_route=\/wp\/v2\/posts\/253\/revisions\/256"}],"wp:featuredmedia":[{"embeddable":true,"href":"https:\/\/www.klubmn.cz\/index.php?rest_route=\/wp\/v2\/media\/254"}],"wp:attachment":[{"href":"https:\/\/www.klubmn.cz\/index.php?rest_route=%2Fwp%2Fv2%2Fmedia&parent=253"}],"wp:term":[{"taxonomy":"category","embeddable":true,"href":"https:\/\/www.klubmn.cz\/index.php?rest_route=%2Fwp%2Fv2%2Fcategories&post=253"},{"taxonomy":"post_tag","embeddable":true,"href":"https:\/\/www.klubmn.cz\/index.php?rest_route=%2Fwp%2Fv2%2Ftags&post=253"}],"curies":[{"name":"wp","href":"https:\/\/api.w.org\/{rel}","templated":true}]}}