{"id":269,"date":"2024-04-15T11:56:09","date_gmt":"2024-04-15T11:56:09","guid":{"rendered":"https:\/\/www.klubmn.cz\/?p=269"},"modified":"2024-04-15T11:56:44","modified_gmt":"2024-04-15T11:56:44","slug":"volvo-ex90-melo-krest-v-prazskem-kostele","status":"publish","type":"post","link":"https:\/\/www.klubmn.cz\/?p=269","title":{"rendered":"Volvo EX90 m\u011blo k\u0159est v pra\u017esk\u00e9m kostele"},"content":{"rendered":"<div id=\"pageContainer1\" class=\"_page_1ythq_98\" role=\"presentation\" data-testid=\"pageContainer1\" data-index=\"0\"><strong>\u0160\u00e9f Volvo Car Czech Alican Emiroglu uk\u00e1zal 11. dubna v centru Prahy novou vlajkovou lo\u010f zna\u010dky. Elektrick\u00e9 SUV se p\u0159edvedlo novin\u00e1\u0159\u016fm a VIP klientele v centru Pra\u017esk\u00e1 k\u0159i\u017eovatka, odsv\u011bcen\u00e9m kostele Sv. Anny, a vyr\u00e1\u017e\u00ed na prezenta\u010dn\u00ed roadshow po republice.<br \/>\n<\/strong><\/div>\n<p><!--more--><\/p>\n<div class=\"_page_1ythq_98\" role=\"presentation\" data-testid=\"pageContainer1\" data-index=\"0\">V\u00fdroba pln\u011b elektrick\u00e9ho modelu Volvo EX90 bude zah\u00e1jena ve druh\u00e9m \u010dtvrtlet\u00ed leto\u0161n\u00edho roku v tov\u00e1rn\u011b Volvo Cars v americk\u00e9m Charlestonu. Pra\u017esk\u00e1 smet\u00e1nka jej poprv\u00e9 mohla shl\u00e9dnout v b\u00fdval\u00e9m kostele Sv. Anny, jeho\u017e z\u00e1klady poch\u00e1z\u00ed z 10. stolet\u00ed.<\/div>\n<div role=\"presentation\" data-testid=\"pageContainer1\" data-index=\"0\"><\/div>\n<div role=\"presentation\" data-testid=\"pageContainer1\" data-index=\"0\">Mezin\u00e1rodn\u00ed duchovn\u00ed centrum Pra\u017esk\u00e1 k\u0159i\u017eovatka je jedn\u00edm z\u00a0projekt\u016f Nadace Dagmar a V\u00e1clava Havlov\u00fdch VIZE 97, kter\u00e1 rovn\u011b\u017e db\u00e1\u00a0o z\u00e1chranu a spr\u00e1vu tohoto jedine\u010dn\u00e9ho prostoru. Pra\u017esk\u00e1 k\u0159i\u017eovatka s\u00eddl\u00ed v\u00a0d\u00e1vno odsv\u011bcen\u00e9m kostele zalo\u017een\u00e9m sv. V\u00e1clavem ji\u017e v roce 927 n. l.<\/div>\n<div role=\"presentation\" data-testid=\"pageContainer1\" data-index=\"0\"><img loading=\"lazy\" decoding=\"async\" class=\"alignnone size-medium wp-image-270\" src=\"http:\/\/www.klubmn.cz\/wp-content\/uploads\/2024\/04\/Volvo-EX90-Emiroglu-Petra-1536x1152-1-300x225.jpg\" alt=\"\" width=\"300\" height=\"225\" srcset=\"https:\/\/www.klubmn.cz\/wp-content\/uploads\/2024\/04\/Volvo-EX90-Emiroglu-Petra-1536x1152-1-300x225.jpg 300w, https:\/\/www.klubmn.cz\/wp-content\/uploads\/2024\/04\/Volvo-EX90-Emiroglu-Petra-1536x1152-1-1024x768.jpg 1024w, https:\/\/www.klubmn.cz\/wp-content\/uploads\/2024\/04\/Volvo-EX90-Emiroglu-Petra-1536x1152-1-768x576.jpg 768w, https:\/\/www.klubmn.cz\/wp-content\/uploads\/2024\/04\/Volvo-EX90-Emiroglu-Petra-1536x1152-1.jpg 1536w\" sizes=\"auto, (max-width: 300px) 100vw, 300px\" \/><\/div>\n","protected":false},"excerpt":{"rendered":"<p>\u0160\u00e9f Volvo Car Czech Alican Emiroglu uk\u00e1zal 11. dubna v centru Prahy novou vlajkovou lo\u010f&#8230;<\/p>\n","protected":false},"author":1,"featured_media":271,"comment_status":"open","ping_status":"open","sticky":false,"template":"","format":"standard","meta":{"footnotes":""},"categories":[14,29,2],"tags":[],"class_list":["post-269","post","type-post","status-publish","format-standard","has-post-thumbnail","hentry","category-eventy","category-premiery","category-tiskovky"],"_links":{"self":[{"href":"https:\/\/www.klubmn.cz\/index.php?rest_route=\/wp\/v2\/posts\/269","targetHints":{"allow":["GET"]}}],"collection":[{"href":"https:\/\/www.klubmn.cz\/index.php?rest_route=\/wp\/v2\/posts"}],"about":[{"href":"https:\/\/www.klubmn.cz\/index.php?rest_route=\/wp\/v2\/types\/post"}],"author":[{"embeddable":true,"href":"https:\/\/www.klubmn.cz\/index.php?rest_route=\/wp\/v2\/users\/1"}],"replies":[{"embeddable":true,"href":"https:\/\/www.klubmn.cz\/index.php?rest_route=%2Fwp%2Fv2%2Fcomments&post=269"}],"version-history":[{"count":2,"href":"https:\/\/www.klubmn.cz\/index.php?rest_route=\/wp\/v2\/posts\/269\/revisions"}],"predecessor-version":[{"id":273,"href":"https:\/\/www.klubmn.cz\/index.php?rest_route=\/wp\/v2\/posts\/269\/revisions\/273"}],"wp:featuredmedia":[{"embeddable":true,"href":"https:\/\/www.klubmn.cz\/index.php?rest_route=\/wp\/v2\/media\/271"}],"wp:attachment":[{"href":"https:\/\/www.klubmn.cz\/index.php?rest_route=%2Fwp%2Fv2%2Fmedia&parent=269"}],"wp:term":[{"taxonomy":"category","embeddable":true,"href":"https:\/\/www.klubmn.cz\/index.php?rest_route=%2Fwp%2Fv2%2Fcategories&post=269"},{"taxonomy":"post_tag","embeddable":true,"href":"https:\/\/www.klubmn.cz\/index.php?rest_route=%2Fwp%2Fv2%2Ftags&post=269"}],"curies":[{"name":"wp","href":"https:\/\/api.w.org\/{rel}","templated":true}]}}