{"id":282,"date":"2024-05-17T09:38:55","date_gmt":"2024-05-17T09:38:55","guid":{"rendered":"https:\/\/www.klubmn.cz\/?p=282"},"modified":"2024-05-17T09:38:55","modified_gmt":"2024-05-17T09:38:55","slug":"horice-jedou-300-zatacek-gustava-havla","status":"publish","type":"post","link":"https:\/\/www.klubmn.cz\/?p=282","title":{"rendered":"Ho\u0159ice jedou 300 zat\u00e1\u010dek Gustava Havla"},"content":{"rendered":"<p><strong>AMK Ho\u0159ice fini\u0161uje p\u0159\u00edpravy na v\u00edkendov\u00fd motocyklov\u00fd silni\u010dn\u00ed z\u00e1vod 300 zat\u00e1\u010dek Gustava Havla. Leto\u0161n\u00ed program 61. ro\u010dn\u00edku p\u0159ibl\u00ed\u017eil novin\u00e1\u0159\u016fm p\u0159edseda klubu a \u0159editel z\u00e1vodu Tom\u00e1\u0161 Jen\u0161ovsk\u00fd. (VIDEO)<\/strong><br \/>\n<span id=\"more-4076\"><\/span><!--more--><\/p>\n<p><strong>300 zat\u00e1\u010dek Gustava Havla je Open mistrovstv\u00ed \u010cesk\u00e9 republiky na p\u0159\u00edrodn\u00edch okruz\u00edch a P\u0159ebor \u010cesk\u00e9 republiky na p\u0159\u00edrodn\u00edch okruz\u00edch<\/strong>, kter\u00fd se jezd\u00ed v\u00a0<strong>Ho\u0159ic\u00edch v Podkrkono\u0161\u00ed<\/strong>\u00a0od roku\u00a0<strong>1936<\/strong>.<\/p>\n<p><iframe loading=\"lazy\" id=\"_ytid_70633\" class=\"__youtube_prefs__  epyt-is-override  no-lazyload\" title=\"300 zat\u00e1\u010dek Gustava Havla\" src=\"https:\/\/www.youtube.com\/embed\/ZaAnhpBj5jk?enablejsapi=1&amp;autoplay=0&amp;cc_load_policy=0&amp;cc_lang_pref=&amp;iv_load_policy=1&amp;loop=0&amp;modestbranding=0&amp;rel=1&amp;fs=1&amp;playsinline=0&amp;autohide=2&amp;theme=dark&amp;color=red&amp;controls=1&amp;\" width=\"640\" height=\"360\" allowfullscreen=\"allowfullscreen\" data-origwidth=\"640\" data-origheight=\"360\" data-no-lazy=\"1\" data-skipgform_ajax_framebjll=\"\" data-mce-fragment=\"1\"><\/iframe><\/p>\n<p>\u201eN\u00e1zev vznikl z faktu, \u017ee po dvan\u00e1cti kolech z\u00e1vodu ujede motocyklista na ho\u0159ick\u00e9m z\u00e1vodn\u00edm okruhu p\u0159esn\u011b <strong>312 zat\u00e1\u010dek<\/strong>,\u201c p\u0159ipom\u00edn\u00e1 \u0161\u00e9f z\u00e1vodu Tom\u00e1\u0161 Jen\u0161ovsk\u00fd. Podle jeho slov je z\u00e1vod unik\u00e1tn\u00ed t\u00edm, \u017ee se st\u00e1le jezd\u00ed na stejn\u00e9m silni\u010dn\u00edm okruhu jako p\u0159ed 61 lety. Letos o\u010dek\u00e1v\u00e1 dvacet tis\u00edc div\u00e1k\u016f.<\/p>\n<p><img loading=\"lazy\" decoding=\"async\" class=\"alignnone size-medium wp-image-4080\" src=\"http:\/\/www.automakers.cz\/wp-content\/uploads\/2024\/05\/Horice-Jensovsky-mistostarostka-900x675.jpg\" sizes=\"auto, (max-width: 900px) 100vw, 900px\" srcset=\"https:\/\/www.automakers.cz\/wp-content\/uploads\/2024\/05\/Horice-Jensovsky-mistostarostka-900x675.jpg 900w, https:\/\/www.automakers.cz\/wp-content\/uploads\/2024\/05\/Horice-Jensovsky-mistostarostka-1024x768.jpg 1024w, https:\/\/www.automakers.cz\/wp-content\/uploads\/2024\/05\/Horice-Jensovsky-mistostarostka-768x576.jpg 768w, https:\/\/www.automakers.cz\/wp-content\/uploads\/2024\/05\/Horice-Jensovsky-mistostarostka-1536x1152.jpg 1536w, https:\/\/www.automakers.cz\/wp-content\/uploads\/2024\/05\/Horice-Jensovsky-mistostarostka.jpg 2040w\" alt=\"\" width=\"900\" height=\"675\" \/><strong>Od roku 1968 nese z\u00e1vod jm\u00e9no Gustava Havla<\/strong>, \u010desk\u00e9ho z\u00e1vodn\u00edka, kter\u00fd pat\u0159il mezi sv\u011btovou \u0161pi\u010dku a tragicky\u00a0<strong>zahynul v roce 1967<\/strong> p\u0159i cest\u011b do zam\u011bstn\u00e1n\u00ed.<\/p>\n<p>Historii z\u00e1vodu i jeho \u00fa\u010dastn\u00edk\u016f p\u0159ipom\u00edn\u00e1 v\u00fdstava v m\u00edstn\u00edm z\u00e1mku.<\/p>\n<p><img loading=\"lazy\" decoding=\"async\" class=\"alignnone size-medium wp-image-4079\" src=\"http:\/\/www.automakers.cz\/wp-content\/uploads\/2024\/05\/Gustav-Havel-900x675.jpg\" sizes=\"auto, (max-width: 900px) 100vw, 900px\" srcset=\"https:\/\/www.automakers.cz\/wp-content\/uploads\/2024\/05\/Gustav-Havel-900x675.jpg 900w, https:\/\/www.automakers.cz\/wp-content\/uploads\/2024\/05\/Gustav-Havel-1024x768.jpg 1024w, https:\/\/www.automakers.cz\/wp-content\/uploads\/2024\/05\/Gustav-Havel-768x576.jpg 768w, https:\/\/www.automakers.cz\/wp-content\/uploads\/2024\/05\/Gustav-Havel-1536x1152.jpg 1536w, https:\/\/www.automakers.cz\/wp-content\/uploads\/2024\/05\/Gustav-Havel.jpg 2040w\" alt=\"\" width=\"900\" height=\"675\" \/><strong>Erich Handl, Ho\u0159ice<\/strong><\/p>\n","protected":false},"excerpt":{"rendered":"<p>AMK Ho\u0159ice fini\u0161uje p\u0159\u00edpravy na v\u00edkendov\u00fd motocyklov\u00fd silni\u010dn\u00ed z\u00e1vod 300 zat\u00e1\u010dek Gustava Havla. Leto\u0161n\u00ed program&#8230;<\/p>\n","protected":false},"author":1,"featured_media":283,"comment_status":"open","ping_status":"open","sticky":false,"template":"","format":"standard","meta":{"footnotes":""},"categories":[10,28],"tags":[],"class_list":["post-282","post","type-post","status-publish","format-standard","has-post-thumbnail","hentry","category-motorsport","category-video"],"_links":{"self":[{"href":"https:\/\/www.klubmn.cz\/index.php?rest_route=\/wp\/v2\/posts\/282","targetHints":{"allow":["GET"]}}],"collection":[{"href":"https:\/\/www.klubmn.cz\/index.php?rest_route=\/wp\/v2\/posts"}],"about":[{"href":"https:\/\/www.klubmn.cz\/index.php?rest_route=\/wp\/v2\/types\/post"}],"author":[{"embeddable":true,"href":"https:\/\/www.klubmn.cz\/index.php?rest_route=\/wp\/v2\/users\/1"}],"replies":[{"embeddable":true,"href":"https:\/\/www.klubmn.cz\/index.php?rest_route=%2Fwp%2Fv2%2Fcomments&post=282"}],"version-history":[{"count":1,"href":"https:\/\/www.klubmn.cz\/index.php?rest_route=\/wp\/v2\/posts\/282\/revisions"}],"predecessor-version":[{"id":284,"href":"https:\/\/www.klubmn.cz\/index.php?rest_route=\/wp\/v2\/posts\/282\/revisions\/284"}],"wp:featuredmedia":[{"embeddable":true,"href":"https:\/\/www.klubmn.cz\/index.php?rest_route=\/wp\/v2\/media\/283"}],"wp:attachment":[{"href":"https:\/\/www.klubmn.cz\/index.php?rest_route=%2Fwp%2Fv2%2Fmedia&parent=282"}],"wp:term":[{"taxonomy":"category","embeddable":true,"href":"https:\/\/www.klubmn.cz\/index.php?rest_route=%2Fwp%2Fv2%2Fcategories&post=282"},{"taxonomy":"post_tag","embeddable":true,"href":"https:\/\/www.klubmn.cz\/index.php?rest_route=%2Fwp%2Fv2%2Ftags&post=282"}],"curies":[{"name":"wp","href":"https:\/\/api.w.org\/{rel}","templated":true}]}}