{"id":294,"date":"2024-05-20T07:29:33","date_gmt":"2024-05-20T07:29:33","guid":{"rendered":"https:\/\/www.klubmn.cz\/?p=294"},"modified":"2024-05-20T07:29:33","modified_gmt":"2024-05-20T07:29:33","slug":"opportunity-otevira-cupra-garage-v-brne","status":"publish","type":"post","link":"https:\/\/www.klubmn.cz\/?p=294","title":{"rendered":"Opportunity otev\u00edr\u00e1 CUPRA Garage v Brn\u011b"},"content":{"rendered":"<p><strong>Majitel brn\u011bnsk\u00e9ho dealerstv\u00ed Opportunity Vladim\u00edr Hlad\u00edk vsadil na zna\u010dky SEAT a CUPRA a ve sv\u00e9m are\u00e1lu ve \u010dtvrti L\u00ed\u0161e\u0148 pro n\u011b vybudoval reprezentativn\u00ed prostory. Mezi novinky pat\u0159\u00ed nov\u00fd showroom CUPRA Garage.<\/strong><!--more--><\/p>\n<p><span id=\"more-4064\"><\/span>\u201eOtev\u0159en\u00ed nov\u00e9ho exkluzivn\u00edho showroomu CUPRA Garage v Brn\u011b L\u00ed\u0161ni je pro na\u0161i zna\u010dku CUPRA a na\u0161e z\u00e1kazn\u00edky skv\u011blou zpr\u00e1vou,\u201c \u0159\u00edk\u00e1 Ale\u0161 Nov\u00e1k, \u0159editel divize CUPRA spole\u010dnosti Porsche \u010cesk\u00e1 republika, a dod\u00e1v\u00e1:<\/p>\n<p>\u201eCUPRA Garage pod hlavi\u010dkou na\u0161eho nov\u00e9ho autorizovan\u00e9ho prodejce OPPORTUNITY p\u0159iv\u00edt\u00e1 n\u00e1v\u0161t\u011bvn\u00edky exkluzivn\u00edm prost\u0159ed\u00edm, v\u00a0n\u011bm\u017e se zrcadl\u00ed emocemi nabit\u00fd sv\u011bt nev\u0161edn\u00edch z\u00e1\u017eitk\u016f nab\u00edzen\u00fdch zna\u010dkou CUPRA, je\u017e mimo\u0159\u00e1dn\u011b \u00fasp\u011b\u0161n\u011b zast\u00e1v\u00e1 roli nekonven\u010dn\u00edho vyz\u00fdvatele.\u201c<\/p>\n<p>Sou\u010d\u00e1st\u00ed showroomu CUPRA Garage je tak\u00e9 profesion\u00e1ln\u00ed servisn\u00ed z\u00e1zem\u00ed s nejmodern\u011bj\u0161\u00ed diagnostickou technikou.<\/p>\n<p><strong>Hlad\u00edk: s\u00e1z\u00edme na n\u011bmeckou p\u0159esnost a \u0161pan\u011blsk\u00fd temperament<\/strong><\/p>\n<p>Dynamicky se rozv\u00edjej\u00edc\u00ed zna\u010dka CUPRA snoub\u00ed kvalitn\u00ed a inovativn\u00ed techniku koncernu Volkswagen se sportovn\u00edm charakterem vych\u00e1zej\u00edc\u00edm ze \u0161pan\u011blsk\u00e9ho temperamentu.<\/p>\n<p><strong>\u201ePr\u00e1v\u011b t\u00edm n\u00e1s CUPRA oslovila. Do na\u0161eho portfolia jsme cht\u011bli p\u0159ibrat zna\u010dku roz\u0161i\u0159uj\u00edc\u00ed nab\u00eddku pro na\u0161e tradi\u010dn\u00ed z\u00e1kazn\u00edky, kte\u0159\u00ed cht\u011bj\u00ed v\u00fdkonn\u00e9 vozy se sportovn\u00edm charakterem. CUPRA do toho sv\u00fdm sportovn\u00edm duchem zapad\u00e1,\u201c<\/strong>\u00a0vysv\u011btluje jednatel a majitel spole\u010dnosti OPPORTUNITY RNDr. Vladim\u00edr Hlad\u00edk a dod\u00e1v\u00e1:\u00a0<strong>\u201eZna\u010dka OPPORTUNITY je postaven\u00e1 na propojen\u00ed s motorsportem a s na\u0161\u00ed vlastn\u00ed z\u00e1vodn\u00ed histori\u00ed. CUPRA do n\u00ed svoj\u00ed nab\u00eddkou zapad\u00e1. A\u0165 u\u017e jsou to v\u00fdkonn\u00e9 motory, nebo propracovan\u00fd pohon 4Drive\u201c.<\/strong><\/p>\n<p>Zna\u010dka CUPRA v\u00a0leto\u0161n\u00edm roce odstartovala dosud nejintenzivn\u011bj\u0161\u00ed produktovou ofenzivu ve sv\u00e9 historii, kter\u00e1 p\u0159inese dal\u0161\u00ed siln\u00fd impulz do jej\u00edho dynamick\u00e9ho r\u016fstu na glob\u00e1ln\u00edm i \u010desk\u00e9m trhu. V\u00a0z\u00e1v\u011bru dubna p\u0159edstaven\u00e9 modernizovan\u00e9 modelov\u00e9 \u0159ady CUPRA Formentor a CUPRA Leon se objev\u00ed u autorizovan\u00fdch prodejc\u016f ve t\u0159et\u00edm \u010dtvrtlet\u00ed 2024. Leto\u0161n\u00ed rok bude u zna\u010dky CUPRA tak\u00e9 ve znamen\u00ed dvou zcela nov\u00fdch model\u016f, zcela elektrick\u00e9ho SUV kup\u00e9 CUPRA Tavascan s\u00a0v\u00fdkonem a\u017e 340 k\u00a0a maxim\u00e1ln\u00edm dojezdem 547 km a \u010d\u00e1ste\u010dn\u011b elektrifikovan\u00e9ho sportovn\u00edho SUV CUPRA Terramar.<\/p>\n<p><img loading=\"lazy\" decoding=\"async\" class=\"alignnone size-medium wp-image-4072\" src=\"http:\/\/www.automakers.cz\/wp-content\/uploads\/2024\/05\/Cupra-showroom-Brno-900x600.jpg\" alt=\"\" width=\"900\" height=\"600\" \/><\/p>\n<p><strong>Leto\u0161n\u00ed v\u00fdsledky m\u00ed\u0159\u00ed na rekord<\/strong><\/p>\n<p>V\u00a0oblasti prodeje pokra\u010duje CUPRA v\u00a0p\u0159ekon\u00e1v\u00e1n\u00ed rekord\u016f. V\u00a0prvn\u00edm \u010dtvrtlet\u00ed 2024 vyk\u00e1zala nejlep\u0161\u00ed prodejn\u00ed v\u00fdsledky ve sv\u00e9 historii. Zna\u010dka, kter\u00e1 od sv\u00e9ho zalo\u017een\u00ed v roce 2018 prodala ji\u017e t\u00e9m\u011b\u0159 600 000 voz\u016f, dodala v pr\u016fb\u011bhu prvn\u00edch t\u0159\u00ed m\u011bs\u00edc\u016f leto\u0161n\u00edho roku 56 600 voz\u016f, co\u017e je o 21,4 % v\u00edce ne\u017e ve stejn\u00e9m obdob\u00ed roku 2023 (46\u00a0600 voz\u016f), a s 23 800 vozy dodan\u00fdmi v b\u0159eznu dos\u00e1hla historicky nejvy\u0161\u0161\u00edho m\u011bs\u00ed\u010dn\u00edho odbytu.<\/p>\n<p>CUPRA slav\u00ed \u00fasp\u011bchy tak\u00e9 v\u00a0\u010cesk\u00e9 republice, kde bylo v\u00a0prvn\u00edm \u010dtvrtlet\u00ed 2024 registrov\u00e1no 617 nov\u00fdch voz\u016f CUPRA, co\u017e znamen\u00e1 meziro\u010dn\u00ed n\u00e1r\u016fst o 36,5 %. \u010cesk\u00fdmi bestsellery zna\u010dky CUPRA jsou modely Formentor (496 voz\u016f v\u00a0prvn\u00edm \u010dtvrtlet\u00ed; +50,8 %) a Leon (113 voz\u016f; +31,4 %).<\/p>\n<p><strong>Zdroj: CUPRA, Fili Stoulil<\/strong><\/p>\n","protected":false},"excerpt":{"rendered":"<p>Majitel brn\u011bnsk\u00e9ho dealerstv\u00ed Opportunity Vladim\u00edr Hlad\u00edk vsadil na zna\u010dky SEAT a CUPRA a ve sv\u00e9m&#8230;<\/p>\n","protected":false},"author":1,"featured_media":295,"comment_status":"open","ping_status":"open","sticky":false,"template":"","format":"standard","meta":{"footnotes":""},"categories":[31],"tags":[],"class_list":["post-294","post","type-post","status-publish","format-standard","has-post-thumbnail","hentry","category-dealeri"],"_links":{"self":[{"href":"https:\/\/www.klubmn.cz\/index.php?rest_route=\/wp\/v2\/posts\/294","targetHints":{"allow":["GET"]}}],"collection":[{"href":"https:\/\/www.klubmn.cz\/index.php?rest_route=\/wp\/v2\/posts"}],"about":[{"href":"https:\/\/www.klubmn.cz\/index.php?rest_route=\/wp\/v2\/types\/post"}],"author":[{"embeddable":true,"href":"https:\/\/www.klubmn.cz\/index.php?rest_route=\/wp\/v2\/users\/1"}],"replies":[{"embeddable":true,"href":"https:\/\/www.klubmn.cz\/index.php?rest_route=%2Fwp%2Fv2%2Fcomments&post=294"}],"version-history":[{"count":1,"href":"https:\/\/www.klubmn.cz\/index.php?rest_route=\/wp\/v2\/posts\/294\/revisions"}],"predecessor-version":[{"id":296,"href":"https:\/\/www.klubmn.cz\/index.php?rest_route=\/wp\/v2\/posts\/294\/revisions\/296"}],"wp:featuredmedia":[{"embeddable":true,"href":"https:\/\/www.klubmn.cz\/index.php?rest_route=\/wp\/v2\/media\/295"}],"wp:attachment":[{"href":"https:\/\/www.klubmn.cz\/index.php?rest_route=%2Fwp%2Fv2%2Fmedia&parent=294"}],"wp:term":[{"taxonomy":"category","embeddable":true,"href":"https:\/\/www.klubmn.cz\/index.php?rest_route=%2Fwp%2Fv2%2Fcategories&post=294"},{"taxonomy":"post_tag","embeddable":true,"href":"https:\/\/www.klubmn.cz\/index.php?rest_route=%2Fwp%2Fv2%2Ftags&post=294"}],"curies":[{"name":"wp","href":"https:\/\/api.w.org\/{rel}","templated":true}]}}