{"id":313,"date":"2024-05-23T09:22:36","date_gmt":"2024-05-23T09:22:36","guid":{"rendered":"https:\/\/www.klubmn.cz\/?p=313"},"modified":"2024-05-23T09:23:00","modified_gmt":"2024-05-23T09:23:00","slug":"sda-sklada-porotu-pro-auto-roku-2025","status":"publish","type":"post","link":"https:\/\/www.klubmn.cz\/?p=313","title":{"rendered":"SDA skl\u00e1d\u00e1 porotu pro Auto roku 2025"},"content":{"rendered":"<header class=\"bs-default\">\n<div class=\"bs-head-detail d-none d-lg-block\">\n<div class=\"container\">\n<div class=\"row align-items-center\">\n<div class=\"col-md-7 col-xs-12\">\n<div class=\"mg-latest-news\">\n<div class=\"mg-latest-news-slider bs swiper-container swiper-container-initialized swiper-container-vertical swiper-container-pointer-events\">\n<div class=\"heateor_sss_sharing_ul\"><strong>Pracovn\u00ed skupina SDA pro p\u0159\u00edpravu ankety Auto roku 2025 v \u010cR projednala n\u00e1vrhy na slo\u017een\u00ed odborn\u00e9 poroty, term\u00edn\u016f leto\u0161n\u00edch testovac\u00edch j\u00edzd a vyhl\u00e1\u0161en\u00ed v\u00edt\u011bze na za\u010d\u00e1tku roku p\u0159\u00ed\u0161t\u00edho. PR mana\u017ee\u0159i svazu by m\u011bli fin\u00e1ln\u00ed n\u00e1vrh projednat tento \u010dtvrtek 23. kv\u011btna.<\/strong><span id=\"more-4201\"><\/span><\/div>\n<\/div>\n<\/div>\n<\/div>\n<\/div>\n<\/div>\n<\/div>\n<\/header>\n<p><!--more--><\/p>\n<p>Slo\u017een\u00ed poroty by se n\u011bm\u011blo z\u00e1sadn\u011b li\u0161it od lo\u0148sk\u00e9ho ro\u010dn\u00edku ve kter\u00e9m 20 p\u0159edn\u00edch \u010desk\u00fdch motoristick\u00fdch novin\u00e1\u0159\u016f zvolilo Autem roku 2024 Mercedes-Benz T\u0159\u00eddy E.<\/p>\n<p><img loading=\"lazy\" decoding=\"async\" class=\"alignnone size-medium wp-image-1050\" src=\"http:\/\/www.automakers.cz\/wp-content\/uploads\/2023\/12\/Chvalska-tvrz-Auto-roku-2024-skupina-900x505.jpg\" alt=\"\" width=\"900\" height=\"505\" \/>Syst\u00e9m volby bude op\u011bt kop\u00edrovat model volby evropsk\u00e9ho Auta roku, kter\u00e9 rovn\u011b\u017e vol\u00ed v\u00fdhradn\u011b odborn\u00e1 porota ve dvoukolov\u00e9m re\u017eimu.<\/p>\n<p>O titul Auto roku 2024 v \u010cesk\u00e9 republice se loni uch\u00e1zelo celkem 21 voz\u016f, kandid\u00e1tsk\u00e1 listina pro leto\u0161ek bude zn\u00e1ma na podzim.<\/p>\n<p>Porotci budou ve sv\u00e9 volb\u011b zohled\u0148ovat celou \u0159adu atribut\u016f \u2013 technick\u00e9 inovace a technologickou vysp\u011blost vozu, bezpe\u010dnost, vliv na \u017eivotn\u00ed prost\u0159ed\u00ed a hospod\u00e1rnost provozu, j\u00edzdn\u00ed vlastnosti, pom\u011br hodnoty a ceny, design, komfort nebo v\u00fdkonnost \u2013 p\u0159i\u010dem\u017e hlavn\u00edmi faktory hodnocen\u00ed byly \u00farove\u0148 technick\u00fdch inovac\u00ed a z\u00edskan\u00e1 hodnota za vynalo\u017een\u00e9 pen\u00edze.<\/p>\n<p>Vedlej\u0161\u00ed kategori\u00ed ankety by op\u011bt m\u011bla b\u00fdt volba nejlep\u0161\u00edho PR mana\u017eera roku 2024.<\/p>\n<p><strong>Zdroj: Erich Handl, KMN<\/strong><\/p>\n","protected":false},"excerpt":{"rendered":"<p>Pracovn\u00ed skupina SDA pro p\u0159\u00edpravu ankety Auto roku 2025 v \u010cR projednala n\u00e1vrhy na slo\u017een\u00ed&#8230;<\/p>\n","protected":false},"author":1,"featured_media":314,"comment_status":"open","ping_status":"open","sticky":false,"template":"","format":"standard","meta":{"footnotes":""},"categories":[12,13],"tags":[],"class_list":["post-313","post","type-post","status-publish","format-standard","has-post-thumbnail","hentry","category-ankety","category-novinari"],"_links":{"self":[{"href":"https:\/\/www.klubmn.cz\/index.php?rest_route=\/wp\/v2\/posts\/313","targetHints":{"allow":["GET"]}}],"collection":[{"href":"https:\/\/www.klubmn.cz\/index.php?rest_route=\/wp\/v2\/posts"}],"about":[{"href":"https:\/\/www.klubmn.cz\/index.php?rest_route=\/wp\/v2\/types\/post"}],"author":[{"embeddable":true,"href":"https:\/\/www.klubmn.cz\/index.php?rest_route=\/wp\/v2\/users\/1"}],"replies":[{"embeddable":true,"href":"https:\/\/www.klubmn.cz\/index.php?rest_route=%2Fwp%2Fv2%2Fcomments&post=313"}],"version-history":[{"count":2,"href":"https:\/\/www.klubmn.cz\/index.php?rest_route=\/wp\/v2\/posts\/313\/revisions"}],"predecessor-version":[{"id":316,"href":"https:\/\/www.klubmn.cz\/index.php?rest_route=\/wp\/v2\/posts\/313\/revisions\/316"}],"wp:featuredmedia":[{"embeddable":true,"href":"https:\/\/www.klubmn.cz\/index.php?rest_route=\/wp\/v2\/media\/314"}],"wp:attachment":[{"href":"https:\/\/www.klubmn.cz\/index.php?rest_route=%2Fwp%2Fv2%2Fmedia&parent=313"}],"wp:term":[{"taxonomy":"category","embeddable":true,"href":"https:\/\/www.klubmn.cz\/index.php?rest_route=%2Fwp%2Fv2%2Fcategories&post=313"},{"taxonomy":"post_tag","embeddable":true,"href":"https:\/\/www.klubmn.cz\/index.php?rest_route=%2Fwp%2Fv2%2Ftags&post=313"}],"curies":[{"name":"wp","href":"https:\/\/api.w.org\/{rel}","templated":true}]}}