{"id":328,"date":"2024-06-10T09:44:42","date_gmt":"2024-06-10T09:44:42","guid":{"rendered":"https:\/\/www.klubmn.cz\/?p=328"},"modified":"2024-06-10T09:44:42","modified_gmt":"2024-06-10T09:44:42","slug":"vstup-cinskeho-byd-do-cr-se-komplikuje","status":"publish","type":"post","link":"https:\/\/www.klubmn.cz\/?p=328","title":{"rendered":"Vstup \u010d\u00ednsk\u00e9ho BYD do \u010cR se komplikuje"},"content":{"rendered":"<p><strong>Zat\u00edmco \u010d\u00ednsk\u00e1 MG u\u017e m\u00e1 v Praze prvn\u00ed showroom, p\u0159es rok trvaj\u00edc\u00ed jedn\u00e1n\u00ed automobilky BYD s potenci\u00e1ln\u00edm dovozcem t\u011bchto voz\u016f do v\u00fdchodn\u00ed Evropy \u2013 rakouskou firmou Wolfgang Denzel Auto AG \u2013 minul\u00fd t\u00fdden zkrachovala. \u010casopis AUTOmakers z\u00edskal informaci z dob\u0159e informovan\u00fdch zdroj\u016f.<br \/>\n<\/strong><span id=\"more-4386\"><\/span><!--more--><\/p>\n<p><strong><b>Realizace byla na spadnut\u00ed \u00a0<\/b><\/strong><\/p>\n<p>Podle na\u0161ich informac\u00ed m\u011blo doj\u00edt k\u00a0zah\u00e1jen\u00ed dovozu automobil\u016f zna\u010dky BYD k\u00a0n\u00e1m u\u017e ve druh\u00e9m pololet\u00ed leto\u0161n\u00edho roku. Raku\u0161an\u00e9 intenzivn\u011b pracovali na realizaci nov\u00e9ho, netradi\u010dn\u00edho syst\u00e9mu prodeje samotn\u00fdch vozidel, odpov\u00eddaj\u00edc\u00edho \u010d\u00ednsk\u00e9mu modelu, stejn\u011b jako v\u00a0tomto duchu chystali proces budov\u00e1n\u00ed dealersk\u00e9 s\u00edt\u011b, servisn\u00edho z\u00e1zem\u00ed, ale p\u0159edb\u011b\u017en\u011b \u0159e\u0161ili tak\u00e9 person\u00e1ln\u00ed zaji\u0161t\u011bn\u00ed.<\/p>\n<p><strong><b>Jedn\u00e1n\u00ed p\u0159esto zkrachovalo <\/b><\/strong><\/p>\n<p>Spole\u010dnost Denzel m\u011bla z\u00e1jem b\u00fdt dovozcem automobil\u016f BYD nejen pro Rakousko, ale tak\u00e9 do \u010ceska a Slovenska. Kdy\u017e u\u017e v\u0161e vypadalo, \u017ee bude tento projekt \u00fasp\u011b\u0161n\u011b zavr\u0161en, t\u011bsn\u011b p\u0159ed podpisem dohody do\u0161lo z\u0159ejm\u011b k\u00a0nesouladu po\u017eadavk\u016f a p\u0159edstav \u010d\u00ednsk\u00e9 strany s\u00a0mo\u017enostmi tohoto evropsk\u00e9ho import\u00e9ra, a strany se nedohodly.<\/p>\n<p><strong><b>N\u00e1vaznost na v\u00fdrobu v\u00a0Ma\u010farsku <\/b><\/strong><\/p>\n<p>Vzhledem k\u00a0tomu, \u017ee v\u00a0sousedn\u00edm Ma\u010farsku je ve v\u00fdstavb\u011b nov\u00e1 tov\u00e1rna na v\u00fdrobu automobil\u016f BYD, ve kter\u00e9 se o\u010dek\u00e1v\u00e1 zah\u00e1jen\u00ed v\u00fdroby u\u017e v\u00a0roce 2025, zd\u00e1l se rakousk\u00fd partner zaj\u00edmavou alternativou.<\/p>\n<p>Co bylo p\u0159\u00ed\u010dinou odstoupen\u00ed \u010d\u00ednsk\u00e9 strany od z\u00e1v\u011bre\u010dn\u00e9ho jedn\u00e1n\u00ed, o tom bychom mohli jen spekulovat, ale mo\u017enost\u00ed prodeje na relativn\u011b mal\u00e9m trhu, jak\u00fdm je n\u00e1\u0161, slovensk\u00fd a v\u00a0dal\u0161\u00edch v\u00fdchodoevropsk\u00fdch zem\u00edch, se samoz\u0159ejm\u011b nab\u00edz\u00ed v\u00edc. Ve h\u0159e je t\u0159eba forma p\u0159\u00edm\u00e9ho zastoupen\u00ed z\u00a0Ma\u010farska, ale mo\u017en\u00e9 jsou jist\u011b i dal\u0161\u00ed eventuality. BYD je jednozna\u010dn\u011b velmi siln\u00fd, sv\u011btov\u00fd hr\u00e1\u010d a pro \u00fatok na Evropu, i tu v\u00fdchodn\u00ed, m\u00e1 ur\u010dit\u011b jasn\u00e9 stanoven\u00e9 sv\u00e9 kroky a podm\u00ednky.<\/p>\n<p><strong><b>Ambici\u00f3zn\u00ed c\u00edle<\/b><\/strong><\/p>\n<p>Jist\u00e9 je, \u017ee p\u0159edstavy \u010d\u00ednsk\u00e9ho v\u00fdrobce o prodej\u00edch jejich voz\u016f v\u00a0Evrop\u011b jsou velmi ambici\u00f3zn\u00ed. Z\u00a0jedn\u00e1n\u00ed pronikly informace, \u017ee BYD o\u010dek\u00e1v\u00e1 zejm\u00e9na ve V\u00fdchodn\u00ed Evrop\u011b nesm\u00edrn\u011b dynamick\u00fd r\u016fst. U\u017e b\u011bhem prvn\u00edch dvou, t\u0159\u00ed let by se m\u011bl st\u00e1t BYD jedni\u010dkou na trz\u00edch nejm\u00e9n\u011b ve t\u0159ech zem\u00edch, s\u00a0meziro\u010dn\u00edmi n\u00e1r\u016fsty, v\u017edy v\u00a0\u0159\u00e1du n\u00e1sobk\u016f p\u0159edchoz\u00edch prodej\u016f.<\/p>\n<p><strong><b>Klid p\u0159ed bou\u0159\u00ed <\/b><\/strong><\/p>\n<p>O tom, \u017ee se i na \u010desk\u00fd trh chyst\u00e1 mohutn\u00e1 ofenziva \u010d\u00ednsk\u00fdch v\u00fdrobc\u016f automobil\u016f, se p\u00ed\u0161e a v\u00ed u\u017e del\u0161\u00ed dobu, ale s\u00a0v\u00fdjimkou voz\u016f MG, vyu\u017e\u00edvaj\u00edc\u00edch nav\u00edc britsk\u00e9 logo, je zat\u00edm realizace patrn\u00e1 jen v\u00a0podob\u011b individu\u00e1ln\u00edho importu, s po\u010dty v\u00a0\u0159\u00e1du kus\u016f. Tu a tam sice problesknou zpr\u00e1vy, jak ta \u010di ona \u010d\u00ednsk\u00e1 zna\u010dka zahajuje prodej jejich voz\u016f, ale v\u00a0registrac\u00edch se zat\u00edm prakticky tak\u0159ka nevyskytuj\u00ed.<\/p>\n<p><strong><b>\u010cesko je d\u00e1l ve h\u0159e <\/b><\/strong><\/p>\n<p>Krach jedn\u00e1n\u00ed o dovozu automobil\u016f BYD do \u010cesk\u00e9 republiky, prost\u0159ednictv\u00edm rakousk\u00e9 spole\u010dnost\u00ed Denzel, ale zdaleka neznamen\u00e1, \u017ee se nekonaj\u00ed nebo nep\u0159ipravuj\u00ed dal\u0161\u00ed kroky zam\u011b\u0159en\u00e9 na ofenzivu zna\u010dky BYD na n\u00e1\u0161 trh. Jen se z\u0159ejm\u011b zah\u00e1jen\u00ed importu m\u00edrn\u011b pozdr\u017e\u00ed. O dal\u0161\u00edm v\u00fdvoji budeme na\u0161e \u010dten\u00e1\u0159e aktu\u00e1ln\u011b informovat.<\/p>\n<p><strong>Karel Ber\u00e1nek<\/strong><\/p>\n","protected":false},"excerpt":{"rendered":"<p>Zat\u00edmco \u010d\u00ednsk\u00e1 MG u\u017e m\u00e1 v Praze prvn\u00ed showroom, p\u0159es rok trvaj\u00edc\u00ed jedn\u00e1n\u00ed automobilky BYD&#8230;<\/p>\n","protected":false},"author":1,"featured_media":138,"comment_status":"open","ping_status":"open","sticky":false,"template":"","format":"standard","meta":{"footnotes":""},"categories":[34],"tags":[],"class_list":["post-328","post","type-post","status-publish","format-standard","has-post-thumbnail","hentry","category-news"],"_links":{"self":[{"href":"https:\/\/www.klubmn.cz\/index.php?rest_route=\/wp\/v2\/posts\/328","targetHints":{"allow":["GET"]}}],"collection":[{"href":"https:\/\/www.klubmn.cz\/index.php?rest_route=\/wp\/v2\/posts"}],"about":[{"href":"https:\/\/www.klubmn.cz\/index.php?rest_route=\/wp\/v2\/types\/post"}],"author":[{"embeddable":true,"href":"https:\/\/www.klubmn.cz\/index.php?rest_route=\/wp\/v2\/users\/1"}],"replies":[{"embeddable":true,"href":"https:\/\/www.klubmn.cz\/index.php?rest_route=%2Fwp%2Fv2%2Fcomments&post=328"}],"version-history":[{"count":2,"href":"https:\/\/www.klubmn.cz\/index.php?rest_route=\/wp\/v2\/posts\/328\/revisions"}],"predecessor-version":[{"id":330,"href":"https:\/\/www.klubmn.cz\/index.php?rest_route=\/wp\/v2\/posts\/328\/revisions\/330"}],"wp:featuredmedia":[{"embeddable":true,"href":"https:\/\/www.klubmn.cz\/index.php?rest_route=\/wp\/v2\/media\/138"}],"wp:attachment":[{"href":"https:\/\/www.klubmn.cz\/index.php?rest_route=%2Fwp%2Fv2%2Fmedia&parent=328"}],"wp:term":[{"taxonomy":"category","embeddable":true,"href":"https:\/\/www.klubmn.cz\/index.php?rest_route=%2Fwp%2Fv2%2Fcategories&post=328"},{"taxonomy":"post_tag","embeddable":true,"href":"https:\/\/www.klubmn.cz\/index.php?rest_route=%2Fwp%2Fv2%2Ftags&post=328"}],"curies":[{"name":"wp","href":"https:\/\/api.w.org\/{rel}","templated":true}]}}